{"id":901,"date":"2023-06-30T08:31:09","date_gmt":"2023-06-30T11:31:09","guid":{"rendered":"https:\/\/www.ufsm.br\/pro-reitorias\/prograd\/sisu\/?p=901"},"modified":"2023-06-30T08:31:11","modified_gmt":"2023-06-30T11:31:11","slug":"inscricao-na-lista-de-espera-do-sisu-e-confirmacao-de-vaga-da-chamada-regular-seguem-ate-4-7","status":"publish","type":"post","link":"https:\/\/www.ufsm.br\/pro-reitorias\/prograd\/sisu\/2023\/06\/30\/inscricao-na-lista-de-espera-do-sisu-e-confirmacao-de-vaga-da-chamada-regular-seguem-ate-4-7","title":{"rendered":"Inscri\u00e7\u00e3o na Lista de Espera do SiSU e confirma\u00e7\u00e3o de vaga da Chamada Regular seguem at\u00e9 4\/7"},"content":{"rendered":"\n<p>\u00a0<\/p>\n<p>Candidatos(as) do SiSU 2023\/2\u00aa Edi\u00e7\u00e3o que n\u00e3o foram classificados(as) em nenhuma das suas duas op\u00e7\u00f5es de curso poder\u00e3o, no per\u00edodo <strong>de 27 de junho a 4 de julho<\/strong>, manifestar interesse em participar da <strong>Lista de Espera<\/strong>. A manifesta\u00e7\u00e3o deve ser feita acessando o boletim do candidato, no site <a href=\"https:\/\/sisu.mec.gov.br\" target=\"_blank\" rel=\"noopener\"><strong>sisu.mec.gov.br<\/strong><\/a>, e seguindo as instru\u00e7\u00f5es at\u00e9 o final.<\/p>\n<p>Em breve, a Pr\u00f3-reitoria de Gradua\u00e7\u00e3o da UFSM (Prograd) divulgar\u00e1, no site <a href=\"https:\/\/ufsm.br\/sisu\"><strong>ufsm.br\/sisu<\/strong><\/a>, o <strong>Edital da Primeira Chamada Oral da Lista de Espera<\/strong>. O edital trar\u00e1 o Quadro de Vagas que sobraram da Chamada Regular do SiSU, organizado por curso e cota, bem como orienta\u00e7\u00f5es para realiza\u00e7\u00e3o da habilita\u00e7\u00e3o.<\/p>\n<p>A habilita\u00e7\u00e3o consiste no envio pr\u00e9vio da documenta\u00e7\u00e3o digitalizada via Portal UFSM, dentro do prazo estipulado no Edital, por todas as pessoas inscritas na Lista de Espera. Somente candidatos(as) que realizarem a habilita\u00e7\u00e3o concorrer\u00e3o \u00e0s vagas da Lista de Espera do SiSU.<\/p>\n<p><strong>CHAMADA REGULAR<\/strong><\/p>\n<p>A confirma\u00e7\u00e3o de vaga para quem foi classificado na Chamada Regular do SiSU tamb\u00e9m segue <strong>at\u00e9 o dia 4 de julho<\/strong>. Os(as) candidatos(as) devem ler as orienta\u00e7\u00f5es do <a href=\"https:\/\/www.ufsm.br\/pro-reitorias\/prograd\/sisu\/editais\/067-2023\" target=\"_blank\" rel=\"noopener\"><strong>Edital 067\/2023-Prograd<\/strong> <\/a>para acessar o <a href=\"http:\/\/portal.ufsm.br\/confirmacao\" target=\"_blank\" rel=\"noopener\"><strong>Portal de Confirma\u00e7\u00e3o de Vaga da UFSM<\/strong><\/a>\u00a0e realizar o envio digital da documenta\u00e7\u00e3o, de acordo com a op\u00e7\u00e3o por cota ou ampla concorr\u00eancia. Os modelos de documentos encontram-se junto ao edital, no formato PDF.<\/p>\n<p>O acesso ao portal se d\u00e1 por CPF e Data de Nascimento, n\u00e3o sendo necess\u00e1rio preencher o campo N\u00famero de Inscri\u00e7\u00e3o.<\/p>\n<p>Em caso de dificuldades com o sistema, o(a) candidato(a) deve acessar as orienta\u00e7\u00f5es do site <a href=\"https:\/\/www.ufsm.br\/pro-reitorias\/prograd\/sisu\/erros-comuns-na-insercao-de-documentos\" target=\"_blank\" rel=\"noopener\"><strong>ufsm.br\/sisu<\/strong><\/a>, que recomenda experimentar outro navegador ou dispositivo (computador, smartphone ou tablet), bem como reduzir o tamanho dos arquivos. Tamb\u00e9m \u00e9 recomend\u00e1vel verificar a conex\u00e3o com a internet e n\u00e3o usar arquivos diretamente de servi\u00e7os de nuvem, como Google Drive e Dropbox, mas baix\u00e1-los antes para o aparelho.<\/p>\n<p>No <strong>dia 5 de julho<\/strong>, ser\u00e1 publicado, tamb\u00e9m junto ao edital, o <a href=\"https:\/\/www.ufsm.br\/pro-reitorias\/prograd\/sisu\/editais\/067-2023\" target=\"_blank\" rel=\"noopener\"><strong>cronograma das webconfer\u00eancias obrigat\u00f3rias<\/strong><\/a>, destinadas \u00e0s pessoas classificadas nas cotas \u00e9tnico-raciais e\/ou nas cotas destinadas a pessoa com defici\u00eancia (c\u00f3digos L2, L6, L9, L10, L13 ou L14). As webconfer\u00eancias via Google Meet acontecer\u00e3o no dia 6 de julho. O link de acesso e demais instru\u00e7\u00f5es ser\u00e3o enviados ao e-mail de cada candidato(a).<\/p>\n<p>A Prograd recomenda a escolha de ambiente silencioso e iluminado para a realiza\u00e7\u00e3o da webconfer\u00eancia, bem como a testagem pr\u00e9via dos aparelhos a serem utilizados (qualidade de conex\u00e3o, microfone, c\u00e2mera, computador, smartphone ou tablet).<\/p>\n<p>Todas as pessoas classificadas na Chamada Regular, que realizarem os procedimentos de confirma\u00e7\u00e3o de vaga, dever\u00e3o <strong>monitorar diariamente seu e-mail<\/strong> (inclusive caixas de spam e lixo eletr\u00f4nico), \u00e0 espera do envio de mensagem informando deferimento ou indeferimento da vaga, o que pode demorar at\u00e9 sete dias \u00fateis, em m\u00e9dia.<\/p>\n<p>Como n\u00e3o h\u00e1 prazo fixo previsto para envio dessa mensagem, a checagem deve ser di\u00e1ria. Em caso de <strong>deferimento<\/strong>, o(a) candidato(a) receber\u00e1 e-mail com seu n\u00famero de matr\u00edcula e instru\u00e7\u00f5es para primeiro acesso ao <a href=\"https:\/\/portal.ufsm.br\/estudantil\/\" target=\"_blank\" rel=\"noopener\"><strong>Portal Estudantil<\/strong><\/a>.<\/p>\n<p>A matr\u00edcula nas disciplinas do semestre para calouros(as) ser\u00e1 feita automaticamente pela UFSM e gradualmente aparecer\u00e1 no Portal Estudantil do(a) acad\u00eamico(a). Para mais informa\u00e7\u00f5es sobre turmas, salas, hor\u00e1rios, pr\u00e9dios e disciplinas, o(a) estudante dever\u00e1 entrar em contato com a secretaria ou coordena\u00e7\u00e3o de seu curso, pelos contatos publicados no site do respectivo curso, em <a href=\"https:\/\/ufsm.br\/graduacao\" target=\"_blank\" rel=\"noopener\"><strong>ufsm.br\/graduacao<\/strong><\/a>.<\/p>\n<p>Em caso de <strong>indeferimento<\/strong>, o e-mail vai comunicar as raz\u00f5es e listar quais os documentos e informa\u00e7\u00f5es est\u00e3o incorretos ou incompletos. O e-mail vai informar tamb\u00e9m um breve prazo para novo acesso ao Portal de Confirma\u00e7\u00e3o de Vaga, contado a partir do envio do e-mail, para que o(a) candidato(a) anexe o que foi solicitado.<\/p>\n<p>Todas as informa\u00e7\u00f5es e orienta\u00e7\u00f5es est\u00e3o no site <a href=\"https:\/\/ufsm.br\/sisu\" target=\"_blank\" rel=\"noopener\"><strong>ufsm.br\/sisu<\/strong><\/a>. D\u00favidas podem ser encaminhadas ao e-mail <a href=\"mailto:copa.sisu@ufsm.br\"><strong>copa.sisu@ufsm.br<\/strong><\/a> ou \u00e0 p\u00e1gina &#8220;<a href=\"https:\/\/www.facebook.com\/confirmacaodevagaUFSM\/\" target=\"_blank\" rel=\"noopener\"><strong>Confirma\u00e7\u00e3o de Vaga &#8211; UFSM<\/strong><\/a>&#8221; no Facebook.<\/p>\n<p>\u00a0<\/p>\n","protected":false},"excerpt":{"rendered":"<p>\u00a0 Candidatos(as) do SiSU 2023\/2\u00aa Edi\u00e7\u00e3o que n\u00e3o foram classificados(as) em nenhuma das suas duas op\u00e7\u00f5es de curso poder\u00e3o, no per\u00edodo de 27 de junho a 4 de julho, manifestar interesse em participar da Lista de Espera. A manifesta\u00e7\u00e3o deve ser feita acessando o boletim do candidato, no site sisu.mec.gov.br, e seguindo as instru\u00e7\u00f5es at\u00e9 [&hellip;]<\/p>\n","protected":false},"author":95,"featured_media":0,"comment_status":"closed","ping_status":"closed","sticky":false,"template":"","format":"standard","meta":{"footnotes":""},"categories":[29],"tags":[44,43,42,36,71,41],"class_list":["post-901","post","type-post","status-publish","format-standard","hentry","category-destaque","tag-enem","tag-graduacao","tag-prograd","tag-sisu","tag-sisu-2023-2","tag-ufsm"],"acf":[],"_links":{"self":[{"href":"https:\/\/www.ufsm.br\/pro-reitorias\/prograd\/sisu\/wp-json\/wp\/v2\/posts\/901","targetHints":{"allow":["GET"]}}],"collection":[{"href":"https:\/\/www.ufsm.br\/pro-reitorias\/prograd\/sisu\/wp-json\/wp\/v2\/posts"}],"about":[{"href":"https:\/\/www.ufsm.br\/pro-reitorias\/prograd\/sisu\/wp-json\/wp\/v2\/types\/post"}],"author":[{"embeddable":true,"href":"https:\/\/www.ufsm.br\/pro-reitorias\/prograd\/sisu\/wp-json\/wp\/v2\/users\/95"}],"replies":[{"embeddable":true,"href":"https:\/\/www.ufsm.br\/pro-reitorias\/prograd\/sisu\/wp-json\/wp\/v2\/comments?post=901"}],"version-history":[{"count":0,"href":"https:\/\/www.ufsm.br\/pro-reitorias\/prograd\/sisu\/wp-json\/wp\/v2\/posts\/901\/revisions"}],"wp:attachment":[{"href":"https:\/\/www.ufsm.br\/pro-reitorias\/prograd\/sisu\/wp-json\/wp\/v2\/media?parent=901"}],"wp:term":[{"taxonomy":"category","embeddable":true,"href":"https:\/\/www.ufsm.br\/pro-reitorias\/prograd\/sisu\/wp-json\/wp\/v2\/categories?post=901"},{"taxonomy":"post_tag","embeddable":true,"href":"https:\/\/www.ufsm.br\/pro-reitorias\/prograd\/sisu\/wp-json\/wp\/v2\/tags?post=901"}],"curies":[{"name":"wp","href":"https:\/\/api.w.org\/{rel}","templated":true}]}}