{"id":952,"date":"2024-01-02T09:57:14","date_gmt":"2024-01-02T12:57:14","guid":{"rendered":"https:\/\/www.ufsm.br\/pro-reitorias\/prograd\/sisu\/?p=952"},"modified":"2024-01-22T12:35:04","modified_gmt":"2024-01-22T15:35:04","slug":"ufsm-divulga-o-termo-de-adesao-ao-sisu-2024","status":"publish","type":"post","link":"https:\/\/www.ufsm.br\/pro-reitorias\/prograd\/sisu\/2024\/01\/02\/ufsm-divulga-o-termo-de-adesao-ao-sisu-2024","title":{"rendered":"UFSM divulga o Termo de Ades\u00e3o ao SiSU 2024"},"content":{"rendered":"\n<p>\u00a0<\/p>\n<p><a href=\"https:\/\/www.ufsm.br\/app\/uploads\/sites\/501\/2024\/01\/UFSM-PROGRAD-SiSU-2024-Termo_de_Adesao-CARD.jpeg\"><img fetchpriority=\"high\" decoding=\"async\" class=\"alignright wp-image-953\" src=\"https:\/\/www.ufsm.br\/app\/uploads\/sites\/501\/2024\/01\/UFSM-PROGRAD-SiSU-2024-Termo_de_Adesao-CARD-300x300.jpeg\" alt=\"\" width=\"500\" height=\"500\" srcset=\"https:\/\/www.ufsm.br\/app\/uploads\/sites\/501\/2024\/01\/UFSM-PROGRAD-SiSU-2024-Termo_de_Adesao-CARD-300x300.jpeg 300w, https:\/\/www.ufsm.br\/app\/uploads\/sites\/501\/2024\/01\/UFSM-PROGRAD-SiSU-2024-Termo_de_Adesao-CARD-1024x1024.jpeg 1024w, https:\/\/www.ufsm.br\/app\/uploads\/sites\/501\/2024\/01\/UFSM-PROGRAD-SiSU-2024-Termo_de_Adesao-CARD-150x150.jpeg 150w, https:\/\/www.ufsm.br\/app\/uploads\/sites\/501\/2024\/01\/UFSM-PROGRAD-SiSU-2024-Termo_de_Adesao-CARD-768x768.jpeg 768w, https:\/\/www.ufsm.br\/app\/uploads\/sites\/501\/2024\/01\/UFSM-PROGRAD-SiSU-2024-Termo_de_Adesao-CARD.jpeg 1080w\" sizes=\"(max-width: 500px) 100vw, 500px\" \/><\/a>A Universidade Federal de Santa Maria publicou seu <a href=\"https:\/\/www.ufsm.br\/app\/uploads\/sites\/501\/2024\/01\/termo_adesao-ufsm-sisu-2024.pdf\" target=\"_blank\" rel=\"noopener\"><strong>Termo de Ades\u00e3o<\/strong><\/a> ao Sistema de Sele\u00e7\u00e3o Unificada (SiSU) para o ano de 2024. O documento, dispon\u00edvel no site <a href=\"https:\/\/ufsm.br\/sisu\"><strong>ufsm.br\/sisu<\/strong><\/a>, traz os cursos ofertados pela UFSM e suas respectivas vagas, organizadas por cota e ampla concorr\u00eancia.<\/p>\n<p>O Termo tamb\u00e9m lista a <strong>documenta\u00e7\u00e3o geral e espec\u00edfica<\/strong> exigida no momento da confirma\u00e7\u00e3o de vaga e matr\u00edcula.<\/p>\n<p>Ao todo, s\u00e3o <strong>3.319 vagas<\/strong> oferecidas nos cursos de gradua\u00e7\u00e3o presencial da UFSM, distribu\u00eddas no <em>Campus<\/em> Sede em Santa Maria e nos <em>Campi<\/em> Descentralizados de Cachoeira do Sul, Frederico Westphalen e Palmeira das Miss\u00f5es.<br \/><br \/>As inscri\u00e7\u00f5es ao SiSU estar\u00e3o abertas <strong>de 22 a 25 de janeiro<\/strong>, pelo <a href=\"https:\/\/acessounico.mec.gov.br\/\" target=\"_blank\" rel=\"noopener\"><strong>Portal \u00danico de Acesso ao Ensino Superior<\/strong> <\/a>do Minist\u00e9rio da Educa\u00e7\u00e3o (MEC).\u00a0\u00a0<\/p>\n<p>O list\u00e3o de pessoas classificadas na Chamada Regular dever\u00e1 ser divulgado no <strong>dia 30 de janeiro<\/strong>, tamb\u00e9m pelo pelo <a href=\"https:\/\/acessounico.mec.gov.br\/\" target=\"_blank\" rel=\"noopener\"><strong>Portal do MEC<\/strong><\/a>.<\/p>\n<p>Pode concorrer ao SiSU 2024 quem participou do <strong>Exame Nacional do Ensino M\u00e9dio (Enem) referente a 2023<\/strong>, desde que n\u00e3o tenha zerado a prova de reda\u00e7\u00e3o nem participado do Enem na condi\u00e7\u00e3o de &#8216;treineiro&#8221;.<\/p>\n<p>Em 2024, haver\u00e1 <strong>apenas uma edi\u00e7\u00e3o do SiSU<\/strong>, que classificar\u00e1 os(as) candidatos(as) para ingresso durante todo o ano, de acordo com o calend\u00e1rio e regras de cada institui\u00e7\u00e3o de ensino superior participante.<br \/><br \/>Na UFSM, alguns cursos possuem <strong>duas turmas de ingresso<\/strong> durante o ano. Outros cursos possuem <strong>turma \u00fanica<\/strong>, com ingresso ou no primeiro ou no segundo semestre letivo. O <a href=\"https:\/\/www.ufsm.br\/pro-reitorias\/prograd\/sisu\/termos-de-adesao\" target=\"_blank\" rel=\"noopener\"><strong>Termo de Ades\u00e3o<\/strong><\/a> descreve a distribui\u00e7\u00e3o de vagas de cada curso, para cada semestre.<\/p>\n<p>A <strong>confirma\u00e7\u00e3o de vaga e matr\u00edcula<\/strong> de todas as pessoas classificadas na Chamada Regular est\u00e1 prevista para ocorrer <strong>entre 1\u00ba e 7 de fevereiro<\/strong>, mesmo para aquelas pessoas que forem classificadas para in\u00edcio das aulas no segundo semestre letivo. Os cronogramas, editais, modelos documentais e orienta\u00e7\u00f5es espec\u00edficas da UFSM ser\u00e3o publicados posteriormente no site <a href=\"https:\/\/ufsm.br\/sisu\"><strong>ufsm.br\/sisu<\/strong><\/a>.<\/p>\n<p>Segundo o MEC, os(as) candidato(as) n\u00e3o poder\u00e3o escolher em qual semestre ir\u00e3o ingressar, porque isso depender\u00e1 da sua classifica\u00e7\u00e3o no curso pretendido, mas concorrer\u00e3o \u00e0s vagas do ano inteiro com uma \u00fanica inscri\u00e7\u00e3o no SiSU 2024, inclusive nas chamadas da lista de espera, se estiverem aptos(as) a manifestar interesse no Portal do MEC.<\/p>\n<p>Na UFSM, portanto, as confirma\u00e7\u00f5es de vaga ser\u00e3o feitas todas no in\u00edcio do ano, independente do semestre\/turma em que a pessoa foi classificada.<\/p>\n<p>\u00a0<\/p>\n<p><strong>NOVAS COTAS EM 2024 &#8211;<\/strong> Outra novidade este ano \u00e9 a reorganiza\u00e7\u00e3o das cotas ofertadas no SiSU, com a inclus\u00e3o de <strong>cotas para quilombolas<\/strong>, <strong>novas nomenclaturas<\/strong> e a <strong>extin\u00e7\u00e3o da antiga cota L10. <\/strong><\/p>\n<p>Dada a baixa procura da cota L10 pelos(as) candidatos(as) nas edi\u00e7\u00f5es anteriores do SiSU, ela agora est\u00e1 dividida em outras categorias das a\u00e7\u00f5es afirmativas.<\/p>\n<p>Outra mudan\u00e7a significativa no SiSU 2024 \u00e9 a base de c\u00e1lculo para as cotas socioecon\u00f4micas, que passa a ser de <strong>1 sal\u00e1rio m\u00ednimo<\/strong>, e n\u00e3o mais de 1,5 sal\u00e1rio m\u00ednimo por pessoa da fam\u00edlia.<\/p>\n<p>As <strong>cotas LI<\/strong> s\u00e3o independentes de renda. J\u00e1 as <strong>cotas LB<\/strong> exigir\u00e3o da pessoa classificada a apresenta\u00e7\u00e3o de uma s\u00e9rie de documentos socioecon\u00f4micos do grupo familiar, a serem analisados por comiss\u00e3o espec\u00edfica da UFSM.<\/p>\n<p>As cotas para <strong>pessoas pretas, pardas, ind\u00edgenas e\/ou com defici\u00eancia<\/strong> seguem os procedimentos adotados anteriormente, com <strong>apresenta\u00e7\u00e3o de documentos e entrevista<\/strong> (presencial ou por webconfer\u00eancia), de acordo com as instru\u00e7\u00f5es a serem divulgadas em editais espec\u00edficos da chamada regular e das chamadas de lista de espera no site <a href=\"https:\/\/ufsm.br\/sisu\"><strong>ufsm.br\/sisu<\/strong><\/a>.<\/p>\n<p>Verifique os novos c\u00f3digos:<\/p>\n<ul style=\"list-style-type: square\">\n<li><strong>AC:<\/strong> Ampla Concorr\u00eancia, para pessoas que n\u00e3o se encaixam nas cotas ou que n\u00e3o desejam participar do SiSU por meio delas;<\/li>\n<li><span style=\"font-size: revert;color: initial\"><strong>LB_PPI:<\/strong> Para candidatos autodeclarados pretos, pardos ou ind\u00edgenas, com renda familiar bruta <em>per capita<\/em> igual ou inferior a 1 sal\u00e1rio m\u00ednimo e que tenham cursado integralmente o ensino m\u00e9dio em escolas p\u00fablicas;<\/span><\/li>\n<li><span style=\"font-size: revert;color: initial\"><strong>LB_Q:<\/strong> Para candidatos autodeclarados quilombolas, com renda familiar bruta <em>per capita<\/em> igual ou inferior a 1 sal\u00e1rio m\u00ednimo e que tenham cursado integralmente o ensino m\u00e9dio em escolas p\u00fablicas;<\/span><\/li>\n<li><span style=\"font-size: revert;color: initial\"><strong>LB_PCD:<\/strong> Para candidatos com defici\u00eancia, que tenham renda familiar bruta<em> per capita<\/em> igual ou inferior a 1 sal\u00e1rio m\u00ednimo e que tenham cursado integralmente o ensino m\u00e9dio em escolas p\u00fablicas;<\/span><\/li>\n<li><span style=\"font-size: revert;color: initial\"><strong>LB_EP:<\/strong> Para candidatos com renda familiar bruta <em>per capita<\/em> igual ou inferior a 1 sal\u00e1rio m\u00ednimo que tenham cursado integralmente o ensino m\u00e9dio em escolas p\u00fablicas;<\/span><\/li>\n<li><span style=\"font-size: revert;color: initial\"><strong>LI_PPI:<\/strong> Para candidatos autodeclarados pretos, pardos ou ind\u00edgenas, independentemente da renda, que tenham cursado integralmente o ensino m\u00e9dio em escolas p\u00fablicas;<\/span><\/li>\n<li><span style=\"font-size: revert;color: initial\"><strong>LI_Q:<\/strong> Para candidatos autodeclarados quilombolas, independentemente da renda, que tenham cursado integralmente o ensino m\u00e9dio em escolas p\u00fablicas;<\/span><\/li>\n<li><span style=\"font-size: revert;color: initial\"><strong>LI_PCD:<\/strong> Para candidatos com defici\u00eancia, independentemente da renda, que tenham cursado integralmente o ensino m\u00e9dio em escolas p\u00fablicas;<\/span><\/li>\n<li><span style=\"font-size: revert;color: initial\"><strong>LI_EP:<\/strong> Para candidatos que, independentemente da renda, tenham cursado integralmente o ensino m\u00e9dio em escolas p\u00fablicas.<\/span><\/li>\n<\/ul>\n<p>\u00a0<\/p>\n<h2><strong>Confira o Cronograma do SiSU 2024:<\/strong><\/h2>\n<ul style=\"list-style-type: square\">\n<li><strong>Inscri\u00e7\u00e3o:<\/strong> de 22 a 25 de janeiro, pelo <a href=\"https:\/\/acessounico.mec.gov.br\/\" target=\"_blank\" rel=\"noopener\"><strong>Portal \u00danico de Acesso ao Ensino Superior<\/strong><\/a>;<\/li>\n<li><strong>Resultado da Chamada Regular:<\/strong> 30 de janeiro, no <a href=\"https:\/\/acessounico.mec.gov.br\/\" target=\"_blank\" rel=\"noopener\"><strong>Portal \u00danico de Acesso ao Ensino Superior<\/strong><\/a>;<\/li>\n<li><strong>Confirma\u00e7\u00e3o de Vaga e Matr\u00edcula<\/strong> <strong>dos(as) selecionados(as) na Chamada Regular<\/strong>: entre 1\u00ba e 7 de fevereiro, de acordo com Edital, cronograma e orienta\u00e7\u00f5es a serem publicados em <a href=\"https:\/\/ufsm.br\/sisu\"><strong>ufsm.br\/sisu<\/strong><\/a>;<\/li>\n<li><strong>Manifesta\u00e7\u00e3o de interesse na Lista de Espera<\/strong>: 30 de janeiro a 7 de fevereiro, no <a href=\"https:\/\/acessounico.mec.gov.br\/\" target=\"_blank\" rel=\"noopener\"><strong>Portal \u00danico de Acesso ao Ensino Superior<\/strong><\/a>;<\/li>\n<li><strong>Confirma\u00e7\u00e3o de Vaga e Matr\u00edcula da Lista de Espera<\/strong>: em data a ser divulgada, de acordo com edital, cronograma e orienta\u00e7\u00f5es a serem publicados em <a href=\"https:\/\/ufsm.br\/sisu\"><strong>ufsm.br\/sisu<\/strong><\/a>.<\/li>\n<\/ul>\n<p>Outras informa\u00e7\u00f5es podem ser solicitadas ao email <a href=\"mailto:copa.sisu@ufsm.br\"><strong> copa.sisu@ufsm.br<\/strong><\/a>.\u00a0<\/p>\n<p>\u00a0<\/p>\n","protected":false},"excerpt":{"rendered":"<p>Inscri\u00e7\u00f5es estar\u00e3o abertas de 22 a 25 de janeiro no Portal do MEC<\/p>\n","protected":false},"author":95,"featured_media":0,"comment_status":"closed","ping_status":"closed","sticky":false,"template":"","format":"standard","meta":{"footnotes":""},"categories":[1],"tags":[44,43,42,36,76,41],"class_list":["post-952","post","type-post","status-publish","format-standard","hentry","category-sem-categoria","tag-enem","tag-graduacao","tag-prograd","tag-sisu","tag-sisu-2024","tag-ufsm"],"acf":[],"_links":{"self":[{"href":"https:\/\/www.ufsm.br\/pro-reitorias\/prograd\/sisu\/wp-json\/wp\/v2\/posts\/952","targetHints":{"allow":["GET"]}}],"collection":[{"href":"https:\/\/www.ufsm.br\/pro-reitorias\/prograd\/sisu\/wp-json\/wp\/v2\/posts"}],"about":[{"href":"https:\/\/www.ufsm.br\/pro-reitorias\/prograd\/sisu\/wp-json\/wp\/v2\/types\/post"}],"author":[{"embeddable":true,"href":"https:\/\/www.ufsm.br\/pro-reitorias\/prograd\/sisu\/wp-json\/wp\/v2\/users\/95"}],"replies":[{"embeddable":true,"href":"https:\/\/www.ufsm.br\/pro-reitorias\/prograd\/sisu\/wp-json\/wp\/v2\/comments?post=952"}],"version-history":[{"count":0,"href":"https:\/\/www.ufsm.br\/pro-reitorias\/prograd\/sisu\/wp-json\/wp\/v2\/posts\/952\/revisions"}],"wp:attachment":[{"href":"https:\/\/www.ufsm.br\/pro-reitorias\/prograd\/sisu\/wp-json\/wp\/v2\/media?parent=952"}],"wp:term":[{"taxonomy":"category","embeddable":true,"href":"https:\/\/www.ufsm.br\/pro-reitorias\/prograd\/sisu\/wp-json\/wp\/v2\/categories?post=952"},{"taxonomy":"post_tag","embeddable":true,"href":"https:\/\/www.ufsm.br\/pro-reitorias\/prograd\/sisu\/wp-json\/wp\/v2\/tags?post=952"}],"curies":[{"name":"wp","href":"https:\/\/api.w.org\/{rel}","templated":true}]}}