{"id":14913,"date":"2019-06-04T08:00:15","date_gmt":"2019-06-04T11:00:15","guid":{"rendered":"https:\/\/www.ufsm.br\/pro-reitorias\/prograd\/?p=14913"},"modified":"2019-06-28T14:51:43","modified_gmt":"2019-06-28T17:51:43","slug":"ii-ciped-ciclo-sobre-docencia-na-ufsm-prossegue-nesta-terca-feira","status":"publish","type":"post","link":"https:\/\/www.ufsm.br\/pro-reitorias\/prograd\/2019\/06\/04\/ii-ciped-ciclo-sobre-docencia-na-ufsm-prossegue-nesta-terca-feira","title":{"rendered":"II CIPED: Plataforma Farol disponibiliza v\u00eddeos do Ciclo sobre doc\u00eancia na UFSM"},"content":{"rendered":"\n<p>\u00a0<\/p>\n<p>O <a href=\"https:\/\/www.ufsm.br\/pro-reitorias\/prograd\/eventos\/ciped2019\/\"><strong>II Ciclo Institucional Permanente sobre a Doc\u00eancia na UFSM<\/strong><\/a> (Ciped) prossegue na manh\u00e3 desta ter\u00e7a-feira (4), debatendo sobre a avalia\u00e7\u00e3o dos professores da Universidade. \u00c0s 9 horas, o coordenador da Comiss\u00e3o Permanente de Avalia\u00e7\u00e3o (CPA), Fernando Pires Barbosa, palestrar\u00e1 sobre a avalia\u00e7\u00e3o dos docentes pelos discentes na institui\u00e7\u00e3o. Ele abordar\u00e1 os instrumentos de coleta, os principais resultados atingidos e os relat\u00f3rios gerados por meio da avalia\u00e7\u00e3o.<\/p>\n\n<p><iframe src=\"https:\/\/farol.ufsm.br\/transmissao\/embed\/transmissao-do-evento-ii-ciped-0306\/\" width=\"640\" height=\"360\" frameborder=\"0\" allowfullscreen=\"allowfullscreen\"><\/iframe>\u00a0<\/p>\n<p><span style=\"color: #808080\"><em>Abertura do evento com a Profa. Francisca Pini<\/em><\/span><\/p>\n\n<p>\u00c0s 14 horas, as professoras Glades F\u00e9lix, D\u00f3ris Bolzan e a t\u00e9cnica em assuntos educacionais Venice Grings abordar\u00e3o o tema \u201cEduca\u00e7\u00e3o Superior em contextos emergentes: processos avaliativos e forma\u00e7\u00e3o\u201d.<\/p>\n\n<p><iframe src=\"https:\/\/farol.ufsm.br\/transmissao\/embed\/transmissao-do-evento-ii-ciped-0406\/\" width=\"640\" height=\"360\" frameborder=\"0\" allowfullscreen=\"allowfullscreen\"><\/iframe>\u00a0<\/p>\n<p><span style=\"color: #808080\"><em>Palestra com o TAE Fernando Pires Barbosa<\/em><\/span><\/p>\n\n<p>O Ciped encerra \u00e0s 19 horas com a palestra &#8220;Ensinar-e-Aprender com sentido&#8221;, da professora Sonia Couto Souza Feitosa, do Instituto Paulo Freire de S\u00e3o Paulo, sobre a trajet\u00f3ria de pesquisa de Paulo Freire, Moacir Gadotti e outros educadores.<\/p>\n\n<p><iframe src=\"https:\/\/farol.ufsm.br\/transmissao\/embed\/transmissao-do-evento-ii-ciped-0406-1\/\" width=\"640\" height=\"360\" frameborder=\"0\" allowfullscreen=\"allowfullscreen\"><\/iframe>\u00a0<\/p>\n<p><span style=\"color: #808080\"><em>Mesa-redonda: TAE Venice Grings e professoras Glades F\u00e9lix e D\u00f3ris Bolzan\u00a0\u00a0<\/em><\/span><\/p>\n\n<p>Ontem, a <strong><a href=\"https:\/\/farol.ufsm.br\/transmissao\/transmissao-do-evento-ii-ciped-0306\" target=\"_blank\" rel=\"noopener noreferrer\">abertura do evento<\/a><\/strong>, sobre a fun\u00e7\u00e3o pol\u00edtica e pedag\u00f3gica do educador na atualidade, ficou a cargo da professora Francisca Pini, pesquisadora do Instituto Paulo Freire. As palestras podem ser acessadas pela <strong><a href=\"https:\/\/farol.ufsm.br\/videos\/todos\" target=\"_blank\" rel=\"noopener noreferrer\">plataforma Farol<\/a> <\/strong>da UFSM.<\/p>\n\n<p><iframe src=\"https:\/\/farol.ufsm.br\/transmissao\/embed\/transmissao-do-evento-ii-ciped-0406-2\/\" width=\"640\" height=\"360\" frameborder=\"0\" allowfullscreen=\"allowfullscreen\"><\/iframe>\u00a0<\/p>\n<p><span style=\"color: #808080\"><em>Encerramento com a Profa. Sonia Feitosa (Instituto Paulo Freire)<\/em><\/span><\/p>\n\n<p>Interessados ainda podem realizar sua inscri\u00e7\u00e3o gratuita no local do evento. O Ciped acontece no Audit\u00f3rio Wilson Aita, anexo do Centro de Tecnologia (CT), no campus sede da UFSM.<\/p>\n","protected":false},"excerpt":{"rendered":"<p>\u00a0 O II Ciclo Institucional Permanente sobre a Doc\u00eancia na UFSM (Ciped) prossegue na manh\u00e3 desta ter\u00e7a-feira (4), debatendo sobre a avalia\u00e7\u00e3o dos professores da Universidade. \u00c0s 9 horas, o coordenador da Comiss\u00e3o Permanente de Avalia\u00e7\u00e3o (CPA), Fernando Pires Barbosa, palestrar\u00e1 sobre a avalia\u00e7\u00e3o dos docentes pelos discentes na institui\u00e7\u00e3o. Ele abordar\u00e1 os instrumentos de [&hellip;]<\/p>\n","protected":false},"author":95,"featured_media":14896,"comment_status":"closed","ping_status":"closed","sticky":false,"template":"","format":"standard","meta":{"footnotes":""},"categories":[106,1],"tags":[],"class_list":["post-14913","post","type-post","status-publish","format-standard","has-post-thumbnail","hentry","category-destaque","category-sem-categoria"],"acf":[],"_links":{"self":[{"href":"https:\/\/www.ufsm.br\/pro-reitorias\/prograd\/wp-json\/wp\/v2\/posts\/14913","targetHints":{"allow":["GET"]}}],"collection":[{"href":"https:\/\/www.ufsm.br\/pro-reitorias\/prograd\/wp-json\/wp\/v2\/posts"}],"about":[{"href":"https:\/\/www.ufsm.br\/pro-reitorias\/prograd\/wp-json\/wp\/v2\/types\/post"}],"author":[{"embeddable":true,"href":"https:\/\/www.ufsm.br\/pro-reitorias\/prograd\/wp-json\/wp\/v2\/users\/95"}],"replies":[{"embeddable":true,"href":"https:\/\/www.ufsm.br\/pro-reitorias\/prograd\/wp-json\/wp\/v2\/comments?post=14913"}],"version-history":[{"count":0,"href":"https:\/\/www.ufsm.br\/pro-reitorias\/prograd\/wp-json\/wp\/v2\/posts\/14913\/revisions"}],"wp:featuredmedia":[{"embeddable":true,"href":"https:\/\/www.ufsm.br\/pro-reitorias\/prograd\/wp-json\/wp\/v2\/media\/14896"}],"wp:attachment":[{"href":"https:\/\/www.ufsm.br\/pro-reitorias\/prograd\/wp-json\/wp\/v2\/media?parent=14913"}],"wp:term":[{"taxonomy":"category","embeddable":true,"href":"https:\/\/www.ufsm.br\/pro-reitorias\/prograd\/wp-json\/wp\/v2\/categories?post=14913"},{"taxonomy":"post_tag","embeddable":true,"href":"https:\/\/www.ufsm.br\/pro-reitorias\/prograd\/wp-json\/wp\/v2\/tags?post=14913"}],"curies":[{"name":"wp","href":"https:\/\/api.w.org\/{rel}","templated":true}]}}