{"id":15020,"date":"2019-07-31T10:50:52","date_gmt":"2019-07-31T13:50:52","guid":{"rendered":"https:\/\/www.ufsm.br\/pro-reitorias\/prograd\/?p=15020"},"modified":"2019-08-22T09:20:10","modified_gmt":"2019-08-22T12:20:10","slug":"resolucao-estimula-recepcao-humanizada-aos-calouros-e-o-combate-a-trotes-degradantes","status":"publish","type":"post","link":"https:\/\/www.ufsm.br\/pro-reitorias\/prograd\/2019\/07\/31\/resolucao-estimula-recepcao-humanizada-aos-calouros-e-o-combate-a-trotes-degradantes","title":{"rendered":"Resolu\u00e7\u00e3o estimula recep\u00e7\u00e3o humanizada aos calouros e o combate a trotes degradantes"},"content":{"rendered":"\n<p>Com a proximidade do in\u00edcio das aulas do segundo per\u00edodo letivo de 2019, as Dire\u00e7\u00f5es de Centro e dos <em>Campi<\/em> descentralizados da UFSM j\u00e1 est\u00e3o divulgando <a href=\"https:\/\/www.ufsm.br\/busca?q=recep%C3%A7%C3%A3o++&amp;orderby=date&amp;order=DESC&amp;perpage=15&amp;area=eventos&amp;tipo_edital=&amp;licitacao_edital=&amp;concurso_edital_mod=&amp;concurso_edital_cat=&amp;outro_edital=\"><strong>a programa\u00e7\u00e3o de boas-vindas<\/strong><\/a> aos calouros da institui\u00e7\u00e3o. As atividades compreendem momentos de esclarecimento de d\u00favidas, socializa\u00e7\u00e3o e acolhimento dos novos acad\u00eamicos. Um dos objetivos \u00e9 conscientizar tanto veteranos como calouros a respeito do combate a ass\u00e9dios, abusos, coer\u00e7\u00f5es, humilha\u00e7\u00f5es e discrimina\u00e7\u00f5es, que podem vir a acontecer nas primeiras semanas de aula.\u00a0\u00a0<\/p>\n<p>A administra\u00e7\u00e3o central lembra \u00e0 comunidade da UFSM que a recep\u00e7\u00e3o aos calouros da institui\u00e7\u00e3o \u00e9 regulamentada pela\u00a0<strong><a href=\"https:\/\/portal.ufsm.br\/documentos\/publico\/documento.html?id=4509102\" target=\"_blank\" rel=\"noopener noreferrer\">Resolu\u00e7\u00e3o N. 003\/2000<\/a><\/strong>, de 13 de abril de 2000. O documento estimula a participa\u00e7\u00e3o, nas calouradas, dos v\u00e1rios setores da UFSM, tais como representantes estudantis, \u00f3rg\u00e3os da Reitoria, servidores docentes e t\u00e9cnico-administrativos e as coordena\u00e7\u00f5es e dire\u00e7\u00f5es dos respectivos cursos e centros de ensino.<\/p>\n<p>Em seu artigo segundo, a Resolu\u00e7\u00e3o veda qualquer tipo de manifesta\u00e7\u00e3o estudantil que cause, a quem quer que seja, agress\u00e3o f\u00edsica, moral ou qualquer tipo de tratamento desumano ou degradante.\u00a0<\/p>\n<p>A pr\u00e1tica de qualquer um desses atos resultar\u00e1 na aplica\u00e7\u00e3o de san\u00e7\u00f5es disciplinares previstas no Regimento Geral da UFSM aos respons\u00e1veis (advert\u00eancia, repreens\u00e3o, suspens\u00e3o ou desligamento da universidade), assegurado o devido processo administrativo. Toda e qualquer manifesta\u00e7\u00e3o de recep\u00e7\u00e3o aos novos estudantes dever\u00e1, obrigatoriamente, estar <strong>inserida na programa\u00e7\u00e3o do curso, aprovada pelo seu colegiado<\/strong>.<\/p>\n<p>A UFSM mant\u00e9m, atrav\u00e9s de sua Ouvidoria, um canal permanente de di\u00e1logo com a comunidade universit\u00e1ria e com a popula\u00e7\u00e3o em geral. Den\u00fancias, reclama\u00e7\u00f5es, elogios e sugest\u00f5es podem ser encaminhados, mesmo de forma an\u00f4nima, atrav\u00e9s do endere\u00e7o <a href=\"http:\/\/portal.ufsm.br\/ouvidoria\" target=\"_blank\" rel=\"noopener noreferrer\"><strong>portal.ufsm.br\/ouvidoria.<\/strong><\/a><\/p>\n","protected":false},"excerpt":{"rendered":"<p>Com a proximidade do in\u00edcio das aulas do segundo per\u00edodo letivo de 2019, as Dire\u00e7\u00f5es de Centro e dos Campi descentralizados da UFSM j\u00e1 est\u00e3o divulgando a programa\u00e7\u00e3o de boas-vindas aos calouros da institui\u00e7\u00e3o. As atividades compreendem momentos de esclarecimento de d\u00favidas, socializa\u00e7\u00e3o e acolhimento dos novos acad\u00eamicos. Um dos objetivos \u00e9 conscientizar tanto veteranos [&hellip;]<\/p>\n","protected":false},"author":95,"featured_media":15021,"comment_status":"closed","ping_status":"closed","sticky":false,"template":"","format":"standard","meta":{"footnotes":""},"categories":[1],"tags":[],"class_list":["post-15020","post","type-post","status-publish","format-standard","has-post-thumbnail","hentry","category-sem-categoria"],"acf":[],"_links":{"self":[{"href":"https:\/\/www.ufsm.br\/pro-reitorias\/prograd\/wp-json\/wp\/v2\/posts\/15020","targetHints":{"allow":["GET"]}}],"collection":[{"href":"https:\/\/www.ufsm.br\/pro-reitorias\/prograd\/wp-json\/wp\/v2\/posts"}],"about":[{"href":"https:\/\/www.ufsm.br\/pro-reitorias\/prograd\/wp-json\/wp\/v2\/types\/post"}],"author":[{"embeddable":true,"href":"https:\/\/www.ufsm.br\/pro-reitorias\/prograd\/wp-json\/wp\/v2\/users\/95"}],"replies":[{"embeddable":true,"href":"https:\/\/www.ufsm.br\/pro-reitorias\/prograd\/wp-json\/wp\/v2\/comments?post=15020"}],"version-history":[{"count":0,"href":"https:\/\/www.ufsm.br\/pro-reitorias\/prograd\/wp-json\/wp\/v2\/posts\/15020\/revisions"}],"wp:featuredmedia":[{"embeddable":true,"href":"https:\/\/www.ufsm.br\/pro-reitorias\/prograd\/wp-json\/wp\/v2\/media\/15021"}],"wp:attachment":[{"href":"https:\/\/www.ufsm.br\/pro-reitorias\/prograd\/wp-json\/wp\/v2\/media?parent=15020"}],"wp:term":[{"taxonomy":"category","embeddable":true,"href":"https:\/\/www.ufsm.br\/pro-reitorias\/prograd\/wp-json\/wp\/v2\/categories?post=15020"},{"taxonomy":"post_tag","embeddable":true,"href":"https:\/\/www.ufsm.br\/pro-reitorias\/prograd\/wp-json\/wp\/v2\/tags?post=15020"}],"curies":[{"name":"wp","href":"https:\/\/api.w.org\/{rel}","templated":true}]}}