{"id":15054,"date":"2019-08-12T07:33:14","date_gmt":"2019-08-12T10:33:14","guid":{"rendered":"https:\/\/www.ufsm.br\/pro-reitorias\/prograd\/?p=15054"},"modified":"2019-08-24T16:47:04","modified_gmt":"2019-08-24T19:47:04","slug":"ufsm-confere-o-titulo-de-doutor-honoris-causa-a-dermeval-saviani-quinta-feira-15-8","status":"publish","type":"post","link":"https:\/\/www.ufsm.br\/pro-reitorias\/prograd\/2019\/08\/12\/ufsm-confere-o-titulo-de-doutor-honoris-causa-a-dermeval-saviani-quinta-feira-15-8","title":{"rendered":"UFSM confere o t\u00edtulo de &#8220;Doutor Honoris Causa&#8221; a Dermeval Saviani quinta-feira, 15\/8"},"content":{"rendered":"\n<p>A Universidade Federal de Santa Maria outorgar\u00e1 o t\u00edtulo &#8220;<em>Doutor Honoris Causa<\/em>&#8221; ao professor Dermeval Saviani, Docente Em\u00e9rito da UNICAMP\/SP, por sua importante e imprescind\u00edvel contribui\u00e7\u00e3o \u00e0 educa\u00e7\u00e3o brasileira. A solenidade acontecer\u00e1 na pr\u00f3xima quinta-feira, <strong>15 de agosto<\/strong>, \u00e0s 14 horas, no Centro de Conven\u00e7\u00f5es da UFSM, no <em>campus<\/em> sede em Camobi.<br \/><br \/>Saviani \u00e9 autor de centenas de artigos e mais de vinte livros que s\u00e3o refer\u00eancia na \u00e1rea da Educa\u00e7\u00e3o, entre eles &#8220;Escola e Democracia&#8221; (1983), &#8220;Hist\u00f3ria das Ideias Pedag\u00f3gicas no Brasil&#8221; (2007), &#8220;Educa\u00e7\u00e3o: do senso comum \u00e0 consci\u00eancia filos\u00f3fica&#8221; (1980) e &#8220;Sistema Nacional de Educa\u00e7\u00e3o e Plano Nacional de Educa\u00e7\u00e3o: significado, controv\u00e9rsias e perspectivas&#8221; (2014). Laureado com o Pr\u00eamio Jabuti por tr\u00eas vezes, Saviani mant\u00e9m participa\u00e7\u00e3o ativa em debates, congressos, movimentos e a\u00e7\u00f5es em prol da educa\u00e7\u00e3o p\u00fablica e democr\u00e1tica por todo o pa\u00eds e no exterior.<\/p>\n<p>Ap\u00f3s a entrega do Pr\u00eamio, o professor Saviani proferir\u00e1 confer\u00eancia com o t\u00edtulo: <strong>\u201cEduca\u00e7\u00e3o, prioridade nacional no Brasil? An\u00e1lise hist\u00f3rica e situa\u00e7\u00e3o atual\u201d<\/strong>. O evento \u00e9 aberto ao p\u00fablico em geral, com inscri\u00e7\u00f5es atrav\u00e9s do email <a href=\"mailto:savianigpkairos@gmail.com\"><strong>savianigpkairos@gmail.com<\/strong><\/a> ou pela p\u00e1gina\u00a0do evento no <a href=\"https:\/\/www.facebook.com\/events\/485067452232354\/\" target=\"_blank\" rel=\"noopener noreferrer\"><strong>Facebook<\/strong><\/a>, bastando informar nome completo, matr\u00edcula\/curso ou SIAPE\/setor da UFSM (para p\u00fablico da Universidade) ou nome completo e ocupa\u00e7\u00e3o (para p\u00fablico externo).<\/p>\n<p>A solenidade tamb\u00e9m ser\u00e1 registrada pela plataforma Farol UFSM:<\/p>\n<p>\u00a0<\/p>\n<p><iframe src=\"https:\/\/farol.ufsm.br\/transmissao\/embed\/transmissao-evento-honoris-causa-prof-dermeval-saviani-e-palestra\/\" width=\"640\" height=\"360\" frameborder=\"0\" allowfullscreen=\"allowfullscreen\"><\/iframe><\/p>\n","protected":false},"excerpt":{"rendered":"<p>A Universidade Federal de Santa Maria outorgar\u00e1 o t\u00edtulo &#8220;Doutor Honoris Causa&#8221; ao professor Dermeval Saviani, Docente Em\u00e9rito da UNICAMP\/SP, por sua importante e imprescind\u00edvel contribui\u00e7\u00e3o \u00e0 educa\u00e7\u00e3o brasileira. A solenidade acontecer\u00e1 na pr\u00f3xima quinta-feira, 15 de agosto, \u00e0s 14 horas, no Centro de Conven\u00e7\u00f5es da UFSM, no campus sede em Camobi. Saviani \u00e9 autor [&hellip;]<\/p>\n","protected":false},"author":95,"featured_media":15055,"comment_status":"closed","ping_status":"closed","sticky":false,"template":"","format":"standard","meta":{"footnotes":""},"categories":[106],"tags":[234,236,238,47],"class_list":["post-15054","post","type-post","status-publish","format-standard","has-post-thumbnail","hentry","category-destaque","tag-dermeval-saviani","tag-honoris-causa","tag-premio","tag-ufsm"],"acf":[],"_links":{"self":[{"href":"https:\/\/www.ufsm.br\/pro-reitorias\/prograd\/wp-json\/wp\/v2\/posts\/15054","targetHints":{"allow":["GET"]}}],"collection":[{"href":"https:\/\/www.ufsm.br\/pro-reitorias\/prograd\/wp-json\/wp\/v2\/posts"}],"about":[{"href":"https:\/\/www.ufsm.br\/pro-reitorias\/prograd\/wp-json\/wp\/v2\/types\/post"}],"author":[{"embeddable":true,"href":"https:\/\/www.ufsm.br\/pro-reitorias\/prograd\/wp-json\/wp\/v2\/users\/95"}],"replies":[{"embeddable":true,"href":"https:\/\/www.ufsm.br\/pro-reitorias\/prograd\/wp-json\/wp\/v2\/comments?post=15054"}],"version-history":[{"count":0,"href":"https:\/\/www.ufsm.br\/pro-reitorias\/prograd\/wp-json\/wp\/v2\/posts\/15054\/revisions"}],"wp:featuredmedia":[{"embeddable":true,"href":"https:\/\/www.ufsm.br\/pro-reitorias\/prograd\/wp-json\/wp\/v2\/media\/15055"}],"wp:attachment":[{"href":"https:\/\/www.ufsm.br\/pro-reitorias\/prograd\/wp-json\/wp\/v2\/media?parent=15054"}],"wp:term":[{"taxonomy":"category","embeddable":true,"href":"https:\/\/www.ufsm.br\/pro-reitorias\/prograd\/wp-json\/wp\/v2\/categories?post=15054"},{"taxonomy":"post_tag","embeddable":true,"href":"https:\/\/www.ufsm.br\/pro-reitorias\/prograd\/wp-json\/wp\/v2\/tags?post=15054"}],"curies":[{"name":"wp","href":"https:\/\/api.w.org\/{rel}","templated":true}]}}