{"id":15086,"date":"2019-08-22T08:31:31","date_gmt":"2019-08-22T11:31:31","guid":{"rendered":"https:\/\/www.ufsm.br\/pro-reitorias\/prograd\/?p=15086"},"modified":"2019-08-24T17:11:42","modified_gmt":"2019-08-24T20:11:42","slug":"peg-empatados-nas-ultimas-colocacoes-devem-comprovar-renda-ate-23-8","status":"publish","type":"post","link":"https:\/\/www.ufsm.br\/pro-reitorias\/prograd\/2019\/08\/22\/peg-empatados-nas-ultimas-colocacoes-devem-comprovar-renda-ate-23-8","title":{"rendered":"PEG: Empatados nas \u00faltimas coloca\u00e7\u00f5es devem comprovar renda at\u00e9 23\/8"},"content":{"rendered":"\n<p>\u00a0<\/p>\n<p>A Comiss\u00e3o de Ingresso Acad\u00eamico do processo seletivo para o Programa Especial de Gradua\u00e7\u00e3o de Forma\u00e7\u00e3o de Professores para a Educa\u00e7\u00e3o Profissional (PEG)\u00a0<a href=\"https:\/\/www.ufsm.br\/pro-reitorias\/prograd\/wp-content\/uploads\/sites\/342\/2019\/07\/Convoca%C3%A7%C3%A3o-para-comprova%C3%A7%C3%A3o-de-renda_.pdf\"><strong>convoca<\/strong><\/a>\u00a0os oito candidatos empatados nas \u00faltimas coloca\u00e7\u00f5es para apresentarem a documenta\u00e7\u00e3o e as declara\u00e7\u00f5es necess\u00e1rias para a comprova\u00e7\u00e3o de renda, visando ao desempate, conforme\u00a0<strong><a href=\"https:\/\/www.ufsm.br\/pro-reitorias\/prograd\/editais\/041-2019\/\">Edital 41\/2019<\/a><\/strong>.\u00a0Os documentos devem ser entregues at\u00e9 23 de agosto na COPA\/Prograd, localizada no\u00a0<strong><a href=\"https:\/\/www.google.com.br\/maps\/place\/Derca\/@-29.7205838,-53.7134193,333m\/data=!3m2!1e3!4b1!4m5!3m4!1s0x9503b67460f0cbe9:0xdac3ce72df94f279!8m2!3d-29.7205861!4d-53.7123223\">pr\u00e9dio 48-D<\/a><\/strong>\u00a0da UFSM, 2\u00ba andar, sala 212, das 09 \u00e0s 12 horas e das 14 \u00e0s 17 horas.\u00a0\u00a0<\/p>\n<p>\u00a0<\/p>\n<p>\u00a0<\/p>\n","protected":false},"excerpt":{"rendered":"<p>\u00a0 A Comiss\u00e3o de Ingresso Acad\u00eamico do processo seletivo para o Programa Especial de Gradua\u00e7\u00e3o de Forma\u00e7\u00e3o de Professores para a Educa\u00e7\u00e3o Profissional (PEG)\u00a0convoca\u00a0os oito candidatos empatados nas \u00faltimas coloca\u00e7\u00f5es para apresentarem a documenta\u00e7\u00e3o e as declara\u00e7\u00f5es necess\u00e1rias para a comprova\u00e7\u00e3o de renda, visando ao desempate, conforme\u00a0Edital 41\/2019.\u00a0Os documentos devem ser entregues at\u00e9 23 de [&hellip;]<\/p>\n","protected":false},"author":95,"featured_media":14992,"comment_status":"closed","ping_status":"closed","sticky":false,"template":"","format":"standard","meta":{"footnotes":""},"categories":[106],"tags":[188,190,186,49,47],"class_list":["post-15086","post","type-post","status-publish","format-standard","has-post-thumbnail","hentry","category-destaque","tag-educacao-profissional","tag-formacao-de-professores","tag-peg","tag-prograd","tag-ufsm"],"acf":[],"_links":{"self":[{"href":"https:\/\/www.ufsm.br\/pro-reitorias\/prograd\/wp-json\/wp\/v2\/posts\/15086","targetHints":{"allow":["GET"]}}],"collection":[{"href":"https:\/\/www.ufsm.br\/pro-reitorias\/prograd\/wp-json\/wp\/v2\/posts"}],"about":[{"href":"https:\/\/www.ufsm.br\/pro-reitorias\/prograd\/wp-json\/wp\/v2\/types\/post"}],"author":[{"embeddable":true,"href":"https:\/\/www.ufsm.br\/pro-reitorias\/prograd\/wp-json\/wp\/v2\/users\/95"}],"replies":[{"embeddable":true,"href":"https:\/\/www.ufsm.br\/pro-reitorias\/prograd\/wp-json\/wp\/v2\/comments?post=15086"}],"version-history":[{"count":0,"href":"https:\/\/www.ufsm.br\/pro-reitorias\/prograd\/wp-json\/wp\/v2\/posts\/15086\/revisions"}],"wp:featuredmedia":[{"embeddable":true,"href":"https:\/\/www.ufsm.br\/pro-reitorias\/prograd\/wp-json\/wp\/v2\/media\/14992"}],"wp:attachment":[{"href":"https:\/\/www.ufsm.br\/pro-reitorias\/prograd\/wp-json\/wp\/v2\/media?parent=15086"}],"wp:term":[{"taxonomy":"category","embeddable":true,"href":"https:\/\/www.ufsm.br\/pro-reitorias\/prograd\/wp-json\/wp\/v2\/categories?post=15086"},{"taxonomy":"post_tag","embeddable":true,"href":"https:\/\/www.ufsm.br\/pro-reitorias\/prograd\/wp-json\/wp\/v2\/tags?post=15086"}],"curies":[{"name":"wp","href":"https:\/\/api.w.org\/{rel}","templated":true}]}}