{"id":15627,"date":"2020-03-17T16:05:38","date_gmt":"2020-03-17T19:05:38","guid":{"rendered":"https:\/\/www.ufsm.br\/pro-reitorias\/prograd\/?p=15627"},"modified":"2020-04-22T20:46:44","modified_gmt":"2020-04-22T23:46:44","slug":"prograd-publica-instrucao-normativa-n-o02-2020-regula-o-regime-de-exercicios-domiciliares-especiais-rede-e-o-funcionamento-da-proreitoria-de-graduacao-prograd-e-departamento-de-registro-e-contro","status":"publish","type":"post","link":"https:\/\/www.ufsm.br\/pro-reitorias\/prograd\/2020\/03\/17\/prograd-publica-instrucao-normativa-n-o02-2020-regula-o-regime-de-exercicios-domiciliares-especiais-rede-e-o-funcionamento-da-proreitoria-de-graduacao-prograd-e-departamento-de-registro-e-contro","title":{"rendered":"Regime de Exerc\u00edcios Domiciliares Especiais (REDE), Matr\u00edculas e G Suite Google Classroom"},"content":{"rendered":"\n<p>A Pr\u00f3-Reitoria de Gradua\u00e7\u00e3o informa que, com a suspens\u00e3o das atividades acad\u00eamicas presenciais f\u00edsicas, institui-se o Regime Domiciliar Especial, cujos detalhes podem ser encontrados no texto da <strong><a href=\"https:\/\/www.ufsm.br\/pro-reitorias\/prograd\/wp-content\/uploads\/sites\/342\/2020\/03\/IN-002-2020-PROGRAD-UFSM.pdf\">Instru\u00e7\u00e3o Normativa 002\/2020-PROGRAD<\/a><\/strong>, complementada pela <a href=\"https:\/\/www.ufsm.br\/pro-reitorias\/prograd\/2020\/03\/24\/normativa-orienta-sobre-dificuldades-de-acesso-a-internet-durante-suspensao-das-atividades-presenciais-e-sobre-atividades-de-cursos-da-area-da-saude\/\"><strong>Instru\u00e7\u00e3o Normativa 03\/2020-Prograd<\/strong><\/a>, de acordo com a a <strong><a href=\"https:\/\/www.ufsm.br\/wp-content\/uploads\/2020\/03\/PORTARIA-97.935-1.pdf\" target=\"_blank\" rel=\"noopener noreferrer\">Portaria 97.935<\/a><\/strong>,\u00a0 Orienta\u00e7\u00f5es, tutoriais e dicas para as atividades do Regime de Exerc\u00edcios Domiciliares Especiais (REDE) est\u00e3o dispon\u00edveis <a href=\"https:\/\/www.ufsm.br\/pro-reitorias\/prograd\/2020\/03\/19\/prograd-publica-orientacoes-para-as-atividades-do-regime-de-exercicios-domiciliares-especiais-rede\/\"><strong>AQUI<\/strong><\/a>.\u00a0<\/p>\n<p>Tamb\u00e9m vale informar que nos sites da <strong><a href=\"https:\/\/www.ufsm.br\/pro-reitorias\/prograd\/\">PROGRAD<\/a><\/strong> e <strong><a href=\"https:\/\/www.ufsm.br\/orgaos-executivos\/derca\/\">DERCA<\/a><\/strong> est\u00e3o dispon\u00edveis os contatos de e-mail dos diferentes setores, para solicita\u00e7\u00f5es de urg\u00eancia que n\u00e3o importem em entrega presencial de documentos ou abertura de processos f\u00edsicos. Importante tamb\u00e9m salientar que as informa\u00e7\u00f5es sobre Matr\u00edcula Extracurricular e Matr\u00edcula Aluno Especial I e II est\u00e3o dispon\u00edveis no site do <strong><a href=\"https:\/\/www.ufsm.br\/orgaos-executivos\/derca\/\">DERCA<\/a><\/strong>.<\/p>\n<p>Um alternativa de uso de Tecnologias em Rede para os docentes, em suas atividades \u00e9 o G Suite &#8211; Google Classroom. <strong>Os docentes que desejarem acesso ao ambiente de aprendizagem Classroom devem solicit\u00e1-lo pelo servi\u00e7o\u00a0 <a href=\"https:\/\/www.ufsm.br\/orgaos-suplementares\/cpd\/servicos\/google-classroom-e-gsuite\/\">https:\/\/www.ufsm.br\/orgaos-suplementares\/cpd\/servicos\/google-classroom-e-gsuite\/.<\/a><\/strong><\/p>\n<p>Acesse o Tutorial Google Classroom UFSM para configura\u00e7\u00f5es do ambiente:<\/p>\n<p><a href=\"https:\/\/www.ufsm.br\/pro-reitorias\/prograd\/wp-content\/uploads\/sites\/342\/2020\/03\/Tutorial_Google_Classroom_UFSM.pdf\"><img fetchpriority=\"high\" decoding=\"async\" class=\"aligncenter wp-image-15629 size-medium\" src=\"https:\/\/www.ufsm.br\/pro-reitorias\/prograd\/wp-content\/uploads\/sites\/342\/2020\/03\/classroom-209x300.jpg\" alt=\"\" width=\"209\" height=\"300\" srcset=\"https:\/\/www.ufsm.br\/app\/uploads\/sites\/342\/2020\/03\/classroom-209x300.jpg 209w, https:\/\/www.ufsm.br\/app\/uploads\/sites\/342\/2020\/03\/classroom.jpg 415w\" sizes=\"(max-width: 209px) 100vw, 209px\" \/><\/a><\/p>\n<p style=\"text-align: center\"><strong><a href=\"https:\/\/www.ufsm.br\/pro-reitorias\/prograd\/wp-content\/uploads\/sites\/342\/2020\/03\/Tutorial_Google_Classroom_UFSM.pdf\">Tutorial_Google_Classroom_UFSM<\/a><\/strong><\/p>\n<p>Assista ao v\u00eddeo com orienta\u00e7\u00f5es do Pr\u00f3-Reitor Substituto de Gradua\u00e7\u00e3o da UFSM, professor Jer\u00f4nimo Tybusch, sobre a utiliza\u00e7\u00e3o de tecnologias digitais em rede durante a vig\u00eancia do Regime de Exerc\u00edcios Domiciliares Especiais, com dicas referentes \u00e0 importa\u00e7\u00e3o de turmas do <strong><a href=\"http:\/\/portal.ufsm.br\/professor\">Portal do Professor<\/a><\/strong> e exporta\u00e7\u00e3o para a <strong><a href=\"https:\/\/www.ufsm.br\/orgaos-suplementares\/nte\/moodle\/\">plataforma Moodle<\/a><\/strong> via site do NTE, bem como a solicita\u00e7\u00e3o de acesso ao <strong><a href=\"https:\/\/www.ufsm.br\/orgaos-suplementares\/cpd\/servicos\/google-classroom-e-gsuite\/\">Google Classroom e GSuite<\/a><\/strong> pelos docentes: <span style=\"background-color: #ffff00\"><a style=\"background-color: #ffff00\" href=\"http:\/\/farol.ufsm.br\/video\/rede-2\"><strong>(VERS\u00c3O EM LIBRAS)\u00a0<\/strong><\/a><\/span><\/p>\n<p>\u00a0<\/p>\n<p><iframe src=\"https:\/\/www.youtube.com\/embed\/gLKkhyYtm8U\" width=\"560\" height=\"315\" frameborder=\"0\" allowfullscreen=\"allowfullscreen\"><\/iframe><\/p>\n<p>A Universidade mant\u00e9m, no site <a href=\"https:\/\/www.ufsm.br\/2020\/03\/17\/coronavirus\/\"><strong>www.ufsm.br<\/strong><\/a>, uma p\u00e1gina destinada a divulgar atualiza\u00e7\u00f5es sobre a pandemia do novo coronav\u00edrus. A UFSM reitera que todas as <a href=\"https:\/\/www.ufsm.br\/pro-reitorias\/prograd\/2020\/03\/12\/ufsm-e-husm-se-mobilizam-para-enfrentar-o-novo-coronavirus\/\"><strong>medidas de preven\u00e7\u00e3o<\/strong><\/a> devem ser refor\u00e7adas e difundidas junto \u00e0s comunidades externa e interna. Outras informa\u00e7\u00f5es s\u00e3o obtidas atrav\u00e9s dos emails<a href=\"mailto:prograd@ufsm.br\"><strong> prograd@ufsm.br<\/strong><\/a>\u00a0e <a href=\"mailto:derca@ufsm.br\"><strong>derca@ufsm.br<\/strong><\/a>.\u00a0<\/p>\n<p><span style=\"background-color: #ffff00\"><strong>Acesse tamb\u00e9m: <a class=\"noticias-widget-title d-block m-0 \" style=\"background-color: #ffff00\" title=\"Perguntas e Respostas sobre o Regime de Exerc\u00edcios Domiciliares Especiais (REDE)\" href=\"https:\/\/www.ufsm.br\/pro-reitorias\/prograd\/2020\/03\/30\/perguntas-e-respostas-sobre-o-regime-de-exercicios-domiciliares-especiais-rede\/\">Perguntas e Respostas sobre o Regime de Exerc\u00edcios Domiciliares Especiais (REDE)<\/a><\/strong><\/span><\/p>\n","protected":false},"excerpt":{"rendered":"<p>A Pr\u00f3-Reitoria de Gradua\u00e7\u00e3o informa que, com a suspens\u00e3o das atividades acad\u00eamicas presenciais f\u00edsicas, institui-se o Regime Domiciliar Especial, cujos detalhes podem ser encontrados no texto da Instru\u00e7\u00e3o Normativa 002\/2020-PROGRAD, complementada pela Instru\u00e7\u00e3o Normativa 03\/2020-Prograd, de acordo com a a Portaria 97.935,\u00a0 Orienta\u00e7\u00f5es, tutoriais e dicas para as atividades do Regime de Exerc\u00edcios Domiciliares Especiais [&hellip;]<\/p>\n","protected":false},"author":102,"featured_media":0,"comment_status":"closed","ping_status":"closed","sticky":true,"template":"","format":"standard","meta":{"footnotes":""},"categories":[106,1],"tags":[422,421,57,49,424],"class_list":["post-15627","post","type-post","status-publish","format-standard","hentry","category-destaque","category-sem-categoria","tag-coronavirus","tag-covid-19","tag-graduacao","tag-prograd","tag-suspensao"],"acf":[],"_links":{"self":[{"href":"https:\/\/www.ufsm.br\/pro-reitorias\/prograd\/wp-json\/wp\/v2\/posts\/15627","targetHints":{"allow":["GET"]}}],"collection":[{"href":"https:\/\/www.ufsm.br\/pro-reitorias\/prograd\/wp-json\/wp\/v2\/posts"}],"about":[{"href":"https:\/\/www.ufsm.br\/pro-reitorias\/prograd\/wp-json\/wp\/v2\/types\/post"}],"author":[{"embeddable":true,"href":"https:\/\/www.ufsm.br\/pro-reitorias\/prograd\/wp-json\/wp\/v2\/users\/102"}],"replies":[{"embeddable":true,"href":"https:\/\/www.ufsm.br\/pro-reitorias\/prograd\/wp-json\/wp\/v2\/comments?post=15627"}],"version-history":[{"count":0,"href":"https:\/\/www.ufsm.br\/pro-reitorias\/prograd\/wp-json\/wp\/v2\/posts\/15627\/revisions"}],"wp:attachment":[{"href":"https:\/\/www.ufsm.br\/pro-reitorias\/prograd\/wp-json\/wp\/v2\/media?parent=15627"}],"wp:term":[{"taxonomy":"category","embeddable":true,"href":"https:\/\/www.ufsm.br\/pro-reitorias\/prograd\/wp-json\/wp\/v2\/categories?post=15627"},{"taxonomy":"post_tag","embeddable":true,"href":"https:\/\/www.ufsm.br\/pro-reitorias\/prograd\/wp-json\/wp\/v2\/tags?post=15627"}],"curies":[{"name":"wp","href":"https:\/\/api.w.org\/{rel}","templated":true}]}}