{"id":16811,"date":"2016-01-27T20:40:36","date_gmt":"2016-01-27T22:40:36","guid":{"rendered":"https:\/\/www.ufsm.br\/pro-reitorias\/prograd\/?p=16811"},"modified":"2020-11-09T20:42:11","modified_gmt":"2020-11-09T23:42:11","slug":"promovido-o-iii-seminario-enade-ufsm","status":"publish","type":"post","link":"https:\/\/www.ufsm.br\/pro-reitorias\/prograd\/2016\/01\/27\/promovido-o-iii-seminario-enade-ufsm","title":{"rendered":"Promovido o III Semin\u00e1rio Enade\/UFSM"},"content":{"rendered":"\n<p>Na \u00faltima quarta-feira (22), no audit\u00f3rio do Col\u00e9gio Polit\u00e9cnico, ocorreu uma\u00a0reuni\u00e3o de treinamento para os cursos participantes do Exame Nacional de Desempenho\u00a0do Estudante 2016 (Enade). Foram 21 participantes, entre\u00a0eles coordenadores e secret\u00e1rios de cursos que ir\u00e3o realizar a prova neste ano.<\/p>\n<p>Existe um ciclo avaliativo, o qual se divide em tr\u00eas grupos, sendo que este ser\u00e1 avaliado o chamado grupo verde, ou ano 1, que abrange 18 cursos. Este ciclo\u00a0determina que sejam avaliados os estudantes dos cursos que conferem diploma de\u00a0bacharel nas \u00e1reas de Agronomia, Biomedicina, Educa\u00e7\u00e3o F\u00edsica, Enfermagem, Farm\u00e1cia,\u00a0Fisioterapia, Fonoaudiologia, Medicina, Medicina Veterin\u00e1ria, Nutri\u00e7\u00e3o, Odontologia,\u00a0Servi\u00e7o Social e Zootecnia. Ou ent\u00e3o, aos que conferem diploma de tecn\u00f3logo nas \u00e1reas\u00a0de Agroneg\u00f3cio, Est\u00e9tica e Cosm\u00e9tica, Gest\u00e3o Ambiental, Gest\u00e3o Hospitalar e Radiologia.<\/p>\n<p>Esta avalia\u00e7\u00e3o \u00e9 anual, sendo que, a\u00a0cada ano, abrange um grupo espec\u00edfico\u00a0do ciclo avaliativo.\u00a0<\/p>\n<p>Na UFSM, acontece o treinamento anual para a realiza\u00e7\u00e3o do Enade,\u00a0realizado em uma parceria entre a Pr\u00f3-Reitoria de Planejamento (Proplan) e a\u00a0Pr\u00f3-Reitoria de Gradua\u00e7\u00e3o (Prograd).<\/p>\n<p>A professora Martha Adaime, pr\u00f3-reitora de Gradua\u00e7\u00e3o, iniciou\u00a0falando sobre a import\u00e2ncia da realiza\u00e7\u00e3o deste exame. Ap\u00f3s, Fernando Barbosa, da\u00a0Proplan, apresentou uma pesquisa onde comparava os resultados do Enade nos\u00a0aspectos de organiza\u00e7\u00e3o did\u00e1tico-pedag\u00f3gica e infraestrutura com os resultados das\u00a0avalia\u00e7\u00f5es externas. Al\u00e9m disso, enfatizou que o Enade \u00e9 realizado para medir o\u00a0desempenho dos alunos, mas tamb\u00e9m possui efeito or\u00e7ament\u00e1rio nas universidades.<\/p>\n<p>Marcia Lorentz, da Proplan, mostrou todo o processo de como o coordenador\u00a0deve seguir para que todos os alunos dos cursos previstos para este ano sejam inscritos para o\u00a0exame. Entre os estudantes que precisam ser inscritos no Enade, mas est\u00e3o\u00a0dispensados da prova, encontram-se ingressantes (que iniciaram o curso em 2016),\u00a0tendo de zero a 25% da carga hor\u00e1ria m\u00ednima do curr\u00edculo do curso\u00a0cumprida at\u00e9 o dia 31 de agosto de 2016.\u00a0<\/p>\n<p>J\u00e1 os alunos que precisam ser inscritos, como\u00a0tamb\u00e9m, realizar a prova, s\u00e3o os seguintes:<\/p>\n<p>&#8211; Formandos dos cursos de bacharelado, que tenham expectativa de conclus\u00e3o\u00a0do curso at\u00e9 julho de 2017 ou que tenham cumprido 80% ou mais da carga hor\u00e1ria\u00a0m\u00ednima do curr\u00edculo do curso at\u00e9 o dia 31 de agosto de 2016;<\/p>\n<p>&#8211; Formandos dos cursos superiores de tecnologia, que tenham expectativa de\u00a0conclus\u00e3o do curso at\u00e9 dezembro de 2016 ou que tenham cumprido 75% ou\u00a0mais da carga hor\u00e1ria m\u00ednima do curr\u00edculo do curso da IES at\u00e9 o dia 31 de agosto de 2016.<\/p>\n<p>Ap\u00f3s, Ivan Hoffmann, do CPD, mostrou alguns aspectos t\u00e9cnicos, de como o\u00a0coordenador deve gerar o arquivo que identifica os poss\u00edveis inscritos, por exemplo.\u00a0<\/p>\n<p>O\u00a0treinamento tamb\u00e9m contou com a presen\u00e7a de Daniel Roberto Camillo, do Derca, que enfatizou que o\u00a0aluno precisa estar regular para receber o diploma, ou seja, caso n\u00e3o tenha realizado a\u00a0prova do Enade, estar\u00e1 irregular.\u00a0<\/p>\n<p>Na \u00faltima parte do treinamento, o coordenador do\u00a0curso de Administra\u00e7\u00e3o da UFSM, professor Marcelo Trevisan, falou a respeito da\u00a0realiza\u00e7\u00e3o do exame no ano passado, sendo que o curso era um dos que realizaram o\u00a0Enade 2015.<\/p>\n<p>O exame ser\u00e1 no dia 20 de novembro, conforme cronograma a seguir.\u00a0<\/p>\n<p><img fetchpriority=\"high\" decoding=\"async\" class=\"aligncenter wp-image-16813 \" src=\"https:\/\/www.ufsm.br\/app\/uploads\/sites\/342\/2020\/11\/crono_2016.jpg\" alt=\"\" width=\"624\" height=\"483\" srcset=\"https:\/\/www.ufsm.br\/app\/uploads\/sites\/342\/2020\/11\/crono_2016.jpg 804w, https:\/\/www.ufsm.br\/app\/uploads\/sites\/342\/2020\/11\/crono_2016-300x232.jpg 300w, https:\/\/www.ufsm.br\/app\/uploads\/sites\/342\/2020\/11\/crono_2016-768x595.jpg 768w\" sizes=\"(max-width: 624px) 100vw, 624px\" \/><\/p>\n<div class=\"item-page\">\n<div>\n<p>No site\u00a0<a href=\"http:\/\/coral.ufsm.br\/enade\/\" target=\"_blank\" rel=\"noopener noreferrer\">Enade UFSM<\/a>,\u00a0est\u00e3o dispon\u00edveis diversas informa\u00e7\u00f5es.<\/p>\n<\/div>\n<\/div>\n","protected":false},"excerpt":{"rendered":"<p>Na \u00faltima quarta-feira (22), no audit\u00f3rio do Col\u00e9gio Polit\u00e9cnico, ocorreu uma\u00a0reuni\u00e3o de treinamento para os cursos participantes do Exame Nacional de Desempenho\u00a0do Estudante 2016 (Enade). Foram 21 participantes, entre\u00a0eles coordenadores e secret\u00e1rios de cursos que ir\u00e3o realizar a prova neste ano. Existe um ciclo avaliativo, o qual se divide em tr\u00eas grupos, sendo que este [&hellip;]<\/p>\n","protected":false},"author":867,"featured_media":0,"comment_status":"closed","ping_status":"closed","sticky":false,"template":"","format":"standard","meta":{"footnotes":""},"categories":[491],"tags":[],"class_list":["post-16811","post","type-post","status-publish","format-standard","hentry","category-enade"],"acf":[],"_links":{"self":[{"href":"https:\/\/www.ufsm.br\/pro-reitorias\/prograd\/wp-json\/wp\/v2\/posts\/16811","targetHints":{"allow":["GET"]}}],"collection":[{"href":"https:\/\/www.ufsm.br\/pro-reitorias\/prograd\/wp-json\/wp\/v2\/posts"}],"about":[{"href":"https:\/\/www.ufsm.br\/pro-reitorias\/prograd\/wp-json\/wp\/v2\/types\/post"}],"author":[{"embeddable":true,"href":"https:\/\/www.ufsm.br\/pro-reitorias\/prograd\/wp-json\/wp\/v2\/users\/867"}],"replies":[{"embeddable":true,"href":"https:\/\/www.ufsm.br\/pro-reitorias\/prograd\/wp-json\/wp\/v2\/comments?post=16811"}],"version-history":[{"count":0,"href":"https:\/\/www.ufsm.br\/pro-reitorias\/prograd\/wp-json\/wp\/v2\/posts\/16811\/revisions"}],"wp:attachment":[{"href":"https:\/\/www.ufsm.br\/pro-reitorias\/prograd\/wp-json\/wp\/v2\/media?parent=16811"}],"wp:term":[{"taxonomy":"category","embeddable":true,"href":"https:\/\/www.ufsm.br\/pro-reitorias\/prograd\/wp-json\/wp\/v2\/categories?post=16811"},{"taxonomy":"post_tag","embeddable":true,"href":"https:\/\/www.ufsm.br\/pro-reitorias\/prograd\/wp-json\/wp\/v2\/tags?post=16811"}],"curies":[{"name":"wp","href":"https:\/\/api.w.org\/{rel}","templated":true}]}}