{"id":17013,"date":"2021-02-02T23:54:38","date_gmt":"2021-02-03T02:54:38","guid":{"rendered":"https:\/\/www.ufsm.br\/pro-reitorias\/prograd\/?p=17013"},"modified":"2021-02-25T18:31:51","modified_gmt":"2021-02-25T21:31:51","slug":"inscricao-para-comissao-fiscal-do-processo-seletivo-dos-colegios-da-ufsm-segue-ate-15-de-fevereiro","status":"publish","type":"post","link":"https:\/\/www.ufsm.br\/pro-reitorias\/prograd\/2021\/02\/02\/inscricao-para-comissao-fiscal-do-processo-seletivo-dos-colegios-da-ufsm-segue-ate-15-de-fevereiro","title":{"rendered":"Inscri\u00e7\u00e3o para comiss\u00e3o fiscal do Processo Seletivo dos Col\u00e9gios da UFSM \u00e9 prorrogada para 24\/2"},"content":{"rendered":"\n<p>\u00a0<\/p>\n<p>A Comiss\u00e3o Permanente de Vestibular (Coperves) e a Pr\u00f3-Reitoria de Gradua\u00e7\u00e3o da UFSM (Prograd) divulgam a sele\u00e7\u00e3o de membros para a comiss\u00e3o fiscal que atuar\u00e1 nos Processos Seletivos dos Col\u00e9gios da institui\u00e7\u00e3o.<\/p>\n<p>Podem concorrer servidores docentes ou t\u00e9cnico-administrativos da UFSM, ativos ou inativos, que n\u00e3o estejam em grupos de risco da covid-19. <strong>As inscri\u00e7\u00f5es para a Comiss\u00e3o Fiscal foram prorrogadas para 24 de fevereiro.<\/strong> O sorteio ser\u00e1 realizado na Coperves no dia 1\u00ba de mar\u00e7o \u00e0s 9 horas. As provas dos Col\u00e9gios est\u00e3o previstas para os dias <a href=\"https:\/\/www.ufsm.br\/outros-orgaos\/cebtt\/processos-seletivos\/\" target=\"_blank\" rel=\"noopener\"><strong>05 e 07 de mar\u00e7o de 2021<\/strong><\/a>.\u00a0\u00a0<\/p>\n<p>O <a href=\"https:\/\/www.ufsm.br\/pro-reitorias\/prograd\/editais\/003-2021\/\"><strong>Edital 003\/2021-Coperves<\/strong><\/a>, com instru\u00e7\u00f5es, link do sistema de inscri\u00e7\u00e3o para a Comiss\u00e3o Fiscal e normas de biosseguran\u00e7a, pode ser acessado em <a href=\"https:\/\/www.ufsm.br\/pro-reitorias\/prograd\/fiscalizacao-de-concursos-ou-processos-seletivos\/\"><strong>ufsm.br\/prograd<\/strong><\/a>.\u00a0\u00a0<\/p>\n<p>Outras informa\u00e7\u00f5es s\u00e3o obtidas atrav\u00e9s do email <a href=\"mailto:falecom@coperves.ufsm.br\"><strong>falecom@coperves.ufsm.br<\/strong><\/a>.<\/p>\n","protected":false},"excerpt":{"rendered":"<p>\u00a0 A Comiss\u00e3o Permanente de Vestibular (Coperves) e a Pr\u00f3-Reitoria de Gradua\u00e7\u00e3o da UFSM (Prograd) divulgam a sele\u00e7\u00e3o de membros para a comiss\u00e3o fiscal que atuar\u00e1 nos Processos Seletivos dos Col\u00e9gios da institui\u00e7\u00e3o. Podem concorrer servidores docentes ou t\u00e9cnico-administrativos da UFSM, ativos ou inativos, que n\u00e3o estejam em grupos de risco da covid-19. As inscri\u00e7\u00f5es [&hellip;]<\/p>\n","protected":false},"author":95,"featured_media":17014,"comment_status":"closed","ping_status":"closed","sticky":false,"template":"","format":"standard","meta":{"footnotes":""},"categories":[1],"tags":[393,371,422,504,505,49],"class_list":["post-17013","post","type-post","status-publish","format-standard","has-post-thumbnail","hentry","category-sem-categoria","tag-cebtt","tag-coperves","tag-coronavirus","tag-ctism","tag-politecnico","tag-prograd"],"acf":[],"_links":{"self":[{"href":"https:\/\/www.ufsm.br\/pro-reitorias\/prograd\/wp-json\/wp\/v2\/posts\/17013","targetHints":{"allow":["GET"]}}],"collection":[{"href":"https:\/\/www.ufsm.br\/pro-reitorias\/prograd\/wp-json\/wp\/v2\/posts"}],"about":[{"href":"https:\/\/www.ufsm.br\/pro-reitorias\/prograd\/wp-json\/wp\/v2\/types\/post"}],"author":[{"embeddable":true,"href":"https:\/\/www.ufsm.br\/pro-reitorias\/prograd\/wp-json\/wp\/v2\/users\/95"}],"replies":[{"embeddable":true,"href":"https:\/\/www.ufsm.br\/pro-reitorias\/prograd\/wp-json\/wp\/v2\/comments?post=17013"}],"version-history":[{"count":0,"href":"https:\/\/www.ufsm.br\/pro-reitorias\/prograd\/wp-json\/wp\/v2\/posts\/17013\/revisions"}],"wp:featuredmedia":[{"embeddable":true,"href":"https:\/\/www.ufsm.br\/pro-reitorias\/prograd\/wp-json\/wp\/v2\/media\/17014"}],"wp:attachment":[{"href":"https:\/\/www.ufsm.br\/pro-reitorias\/prograd\/wp-json\/wp\/v2\/media?parent=17013"}],"wp:term":[{"taxonomy":"category","embeddable":true,"href":"https:\/\/www.ufsm.br\/pro-reitorias\/prograd\/wp-json\/wp\/v2\/categories?post=17013"},{"taxonomy":"post_tag","embeddable":true,"href":"https:\/\/www.ufsm.br\/pro-reitorias\/prograd\/wp-json\/wp\/v2\/tags?post=17013"}],"curies":[{"name":"wp","href":"https:\/\/api.w.org\/{rel}","templated":true}]}}