{"id":17043,"date":"2021-02-26T15:26:04","date_gmt":"2021-02-26T18:26:04","guid":{"rendered":"https:\/\/www.ufsm.br\/pro-reitorias\/prograd\/?p=17043"},"modified":"2021-04-05T15:57:46","modified_gmt":"2021-04-05T18:57:46","slug":"atividades-presenciais-administrativas-e-academicas-seguem-suspensas-ate-31-de-marco-na-ufsm","status":"publish","type":"post","link":"https:\/\/www.ufsm.br\/pro-reitorias\/prograd\/2021\/02\/26\/atividades-presenciais-administrativas-e-academicas-seguem-suspensas-ate-31-de-marco-na-ufsm","title":{"rendered":"Atividades presenciais administrativas e acad\u00eamicas seguem suspensas at\u00e9 31 de mar\u00e7o na UFSM"},"content":{"rendered":"\n<h5 class=\"mt-2 mb-0\">\u00a0<\/h5>\n<p>Atrav\u00e9s da\u00a0<strong><a href=\"https:\/\/www.ufsm.br\/app\/uploads\/2021\/02\/Portaria-Suspensao-das-Atividades.pdf\" target=\"_blank\" rel=\"noopener\">Portaria Normativa n\u00ba. 019, de 26 de fevereiro de 2021<\/a><\/strong>, a UFSM prorroga a suspens\u00e3o das atividades acad\u00eamicas e administrativas presenciais\u00a0<strong>at\u00e9 31 de mar\u00e7o de 2021<\/strong>. A Normativa segue as <a href=\"https:\/\/www.ufsm.br\/2021\/02\/26\/ufsm-segue-orientacoes-do-governo-do-rs-e-se-adapta-a-bandeira-preta\/\" target=\"_blank\" rel=\"noopener\"><strong>orienta\u00e7\u00f5es do Governo do RS<\/strong> <\/a>e se adapta \u00e0 bandeira preta.<\/p>\n<p>As atividades consideradas essenciais permanecem em funcionamento, bem como as aulas remotas, atrav\u00e9s do <a href=\"https:\/\/www.ufsm.br\/pro-reitorias\/prograd\/2020\/08\/11\/em-reuniao-do-cepe-ufsm-regula-regime-de-exercicios-domiciliares-especiais-rede\/\"><strong>Regime de Exerc\u00edcios Domiciliares Especiais (Rede)<\/strong><\/a>.\u00a0<\/p>\n<p>Ressalta-se que os servidores docentes e t\u00e9cnico-administrativos em educa\u00e7\u00e3o dever\u00e3o permanecer \u00e0 disposi\u00e7\u00e3o da institui\u00e7\u00e3o no hor\u00e1rio de trabalho habitual, de modo a possibilitar o exerc\u00edcio de suas atividades de forma presencial ou remota, garantindo a continuidade do funcionamento e finalidade da Institui\u00e7\u00e3o.<\/p>\n<p>O servidor em atividades domiciliares ou virtuais poder\u00e1 comparecer \u00e0 unidade para realiza\u00e7\u00e3o de dilig\u00eancias ou a\u00e7\u00f5es pontuais que exijam sua presen\u00e7a, desde que com requisi\u00e7\u00e3o da chefia imediata, garantida sua seguran\u00e7a e o afastamento social necess\u00e1rios ao enfrentamento da pandemia, excetuados os servidores pertencentes aos grupos de risco.<\/p>\n<p><em>Fonte: ufsm.br<\/em><\/p>\n","protected":false},"excerpt":{"rendered":"<p>\u00a0 Atrav\u00e9s da\u00a0Portaria Normativa n\u00ba. 019, de 26 de fevereiro de 2021, a UFSM prorroga a suspens\u00e3o das atividades acad\u00eamicas e administrativas presenciais\u00a0at\u00e9 31 de mar\u00e7o de 2021. A Normativa segue as orienta\u00e7\u00f5es do Governo do RS e se adapta \u00e0 bandeira preta. As atividades consideradas essenciais permanecem em funcionamento, bem como as aulas remotas, [&hellip;]<\/p>\n","protected":false},"author":95,"featured_media":14346,"comment_status":"closed","ping_status":"closed","sticky":false,"template":"","format":"standard","meta":{"footnotes":""},"categories":[106],"tags":[422,57,49,425,464],"class_list":["post-17043","post","type-post","status-publish","format-standard","has-post-thumbnail","hentry","category-destaque","tag-coronavirus","tag-graduacao","tag-prograd","tag-rede","tag-ufsm-em-rede"],"acf":[],"_links":{"self":[{"href":"https:\/\/www.ufsm.br\/pro-reitorias\/prograd\/wp-json\/wp\/v2\/posts\/17043","targetHints":{"allow":["GET"]}}],"collection":[{"href":"https:\/\/www.ufsm.br\/pro-reitorias\/prograd\/wp-json\/wp\/v2\/posts"}],"about":[{"href":"https:\/\/www.ufsm.br\/pro-reitorias\/prograd\/wp-json\/wp\/v2\/types\/post"}],"author":[{"embeddable":true,"href":"https:\/\/www.ufsm.br\/pro-reitorias\/prograd\/wp-json\/wp\/v2\/users\/95"}],"replies":[{"embeddable":true,"href":"https:\/\/www.ufsm.br\/pro-reitorias\/prograd\/wp-json\/wp\/v2\/comments?post=17043"}],"version-history":[{"count":0,"href":"https:\/\/www.ufsm.br\/pro-reitorias\/prograd\/wp-json\/wp\/v2\/posts\/17043\/revisions"}],"wp:featuredmedia":[{"embeddable":true,"href":"https:\/\/www.ufsm.br\/pro-reitorias\/prograd\/wp-json\/wp\/v2\/media\/14346"}],"wp:attachment":[{"href":"https:\/\/www.ufsm.br\/pro-reitorias\/prograd\/wp-json\/wp\/v2\/media?parent=17043"}],"wp:term":[{"taxonomy":"category","embeddable":true,"href":"https:\/\/www.ufsm.br\/pro-reitorias\/prograd\/wp-json\/wp\/v2\/categories?post=17043"},{"taxonomy":"post_tag","embeddable":true,"href":"https:\/\/www.ufsm.br\/pro-reitorias\/prograd\/wp-json\/wp\/v2\/tags?post=17043"}],"curies":[{"name":"wp","href":"https:\/\/api.w.org\/{rel}","templated":true}]}}