{"id":18148,"date":"2021-09-10T12:43:45","date_gmt":"2021-09-10T15:43:45","guid":{"rendered":"https:\/\/www.ufsm.br\/pro-reitorias\/prograd\/?p=18148"},"modified":"2021-10-12T21:43:59","modified_gmt":"2021-10-13T00:43:59","slug":"ufsm-seleciona-professora-conteudista-designer-para-a-equipe-multidisciplinar-da-universidade-aberta-do-brasil","status":"publish","type":"post","link":"https:\/\/www.ufsm.br\/pro-reitorias\/prograd\/2021\/09\/10\/ufsm-seleciona-professora-conteudista-designer-para-a-equipe-multidisciplinar-da-universidade-aberta-do-brasil","title":{"rendered":"UFSM seleciona professor(a) conteudista designer para a Equipe Multidisciplinar da Universidade Aberta do Brasil"},"content":{"rendered":"\n<p>\u00a0<\/p>\n<p><br \/>A UFSM, por meio da Coordenadoria de Tecnologia Educacional (CTE\/Prograd) e da Coordena\u00e7\u00e3o da Universidade Aberta do Brasil (UAB\/UFSM), est\u00e1 selecionando professor(a) conteudista designer. A atua\u00e7\u00e3o se dar\u00e1 na Equipe Multidisciplinar da UAB\/UFSM. S\u00e3o ofertadas tr\u00eas vagas para <strong>Designer Educacional<\/strong> e duas vagas para <strong>Designer Gr\u00e1fico<\/strong>.<\/p>\n<p>As inscri\u00e7\u00f5es seguem abertas at\u00e9 <strong>10 de outubro<\/strong>.<\/p>\n<p>O Edital 053\/2021-CTE\/Prograd completo e o acesso ao sistema de inscri\u00e7\u00f5es est\u00e3o dispon\u00edveis em <a href=\"https:\/\/processoseletivo.nte.ufsm.br\/edital\/31-equipe-multidisciplinar-design-2021\" target=\"_blank\" rel=\"noopener\"><strong>https:\/\/processoseletivo.nte.ufsm.br\/edital\/31-equipe-multidisciplinar-design-2021<\/strong><\/a><\/p>\n<p>Outras informa\u00e7\u00f5es s\u00e3o obtidas pelo email <a href=\"mailto:processoseletivo@nte.ufsm.br\"><strong>processoseletivo@nte.ufsm.br<\/strong><\/a>.<\/p>\n","protected":false},"excerpt":{"rendered":"<p>Inscri\u00e7\u00f5es terminam em 10 de outubro<\/p>\n","protected":false},"author":95,"featured_media":18149,"comment_status":"closed","ping_status":"closed","sticky":false,"template":"","format":"standard","meta":{"footnotes":""},"categories":[1],"tags":[521,81,360,49,392,47],"class_list":["post-18148","post","type-post","status-publish","format-standard","has-post-thumbnail","hentry","category-sem-categoria","tag-cte","tag-ead","tag-noticias-para-servidores","tag-prograd","tag-uab","tag-ufsm"],"acf":[],"_links":{"self":[{"href":"https:\/\/www.ufsm.br\/pro-reitorias\/prograd\/wp-json\/wp\/v2\/posts\/18148","targetHints":{"allow":["GET"]}}],"collection":[{"href":"https:\/\/www.ufsm.br\/pro-reitorias\/prograd\/wp-json\/wp\/v2\/posts"}],"about":[{"href":"https:\/\/www.ufsm.br\/pro-reitorias\/prograd\/wp-json\/wp\/v2\/types\/post"}],"author":[{"embeddable":true,"href":"https:\/\/www.ufsm.br\/pro-reitorias\/prograd\/wp-json\/wp\/v2\/users\/95"}],"replies":[{"embeddable":true,"href":"https:\/\/www.ufsm.br\/pro-reitorias\/prograd\/wp-json\/wp\/v2\/comments?post=18148"}],"version-history":[{"count":0,"href":"https:\/\/www.ufsm.br\/pro-reitorias\/prograd\/wp-json\/wp\/v2\/posts\/18148\/revisions"}],"wp:featuredmedia":[{"embeddable":true,"href":"https:\/\/www.ufsm.br\/pro-reitorias\/prograd\/wp-json\/wp\/v2\/media\/18149"}],"wp:attachment":[{"href":"https:\/\/www.ufsm.br\/pro-reitorias\/prograd\/wp-json\/wp\/v2\/media?parent=18148"}],"wp:term":[{"taxonomy":"category","embeddable":true,"href":"https:\/\/www.ufsm.br\/pro-reitorias\/prograd\/wp-json\/wp\/v2\/categories?post=18148"},{"taxonomy":"post_tag","embeddable":true,"href":"https:\/\/www.ufsm.br\/pro-reitorias\/prograd\/wp-json\/wp\/v2\/tags?post=18148"}],"curies":[{"name":"wp","href":"https:\/\/api.w.org\/{rel}","templated":true}]}}