{"id":18209,"date":"2021-09-24T04:36:13","date_gmt":"2021-09-24T07:36:13","guid":{"rendered":"https:\/\/www.ufsm.br\/pro-reitorias\/prograd\/?p=18209"},"modified":"2021-10-12T21:43:37","modified_gmt":"2021-10-13T00:43:37","slug":"edital-de-ingresso-e-reingresso-ead-oferta-31-vagas-no-curso-de-educacao-especial-em-5-polos-de-ensino","status":"publish","type":"post","link":"https:\/\/www.ufsm.br\/pro-reitorias\/prograd\/2021\/09\/24\/edital-de-ingresso-e-reingresso-ead-oferta-31-vagas-no-curso-de-educacao-especial-em-5-polos-de-ensino","title":{"rendered":"Edital de Ingresso e Reingresso EaD oferta 31 vagas no curso de Educa\u00e7\u00e3o Especial em 5 polos de ensino"},"content":{"rendered":"\n<p>\u00a0<\/p>\n<p><a href=\"https:\/\/www.ufsm.br\/app\/uploads\/sites\/342\/2021\/09\/cte_reingresso_ead_001.jpg\"><img fetchpriority=\"high\" decoding=\"async\" class=\"alignleft wp-image-18211 size-medium\" src=\"https:\/\/www.ufsm.br\/app\/uploads\/sites\/342\/2021\/09\/cte_reingresso_ead_001-300x300.jpg\" alt=\"\" width=\"300\" height=\"300\" srcset=\"https:\/\/www.ufsm.br\/app\/uploads\/sites\/342\/2021\/09\/cte_reingresso_ead_001-300x300.jpg 300w, https:\/\/www.ufsm.br\/app\/uploads\/sites\/342\/2021\/09\/cte_reingresso_ead_001.jpg 1024w, https:\/\/www.ufsm.br\/app\/uploads\/sites\/342\/2021\/09\/cte_reingresso_ead_001-150x150.jpg 150w, https:\/\/www.ufsm.br\/app\/uploads\/sites\/342\/2021\/09\/cte_reingresso_ead_001-768x768.jpg 768w\" sizes=\"(max-width: 300px) 100vw, 300px\" \/><\/a>A UFSM, por meio da Coordenadoria de Tecnologia Educacional (CTE\/Prograd), divulga o <a href=\"https:\/\/www.ufsm.br\/pro-reitorias\/prograd\/editais\/057-2021\/\"><strong>Edital de Ingresso e Reingresso<\/strong><\/a> de cursos da modalidade EaD, para o segundo semestre letivo de 2021.<br \/><br \/>A sele\u00e7\u00e3o tem por objetivo preencher <strong>31 vagas<\/strong> do <strong>Curso de Educa\u00e7\u00e3o Especial Licenciatura,<\/strong> modalidade Educa\u00e7\u00e3o a Dist\u00e2ncia.<\/p>\n<p>O <a href=\"https:\/\/www.ufsm.br\/pro-reitorias\/prograd\/editais\/057-2021\/\"><strong>Edital 057\/2021-Prograd<\/strong><\/a> disponibiliza duas vagas para o polo de ensino de<strong> Cachoeira do Sul<\/strong>, oito para o polo de <strong>Cerro Largo<\/strong>, uma vaga para o polo de <strong>Cruz Alta<\/strong>, oito para o polo de <strong>Gramado<\/strong> e 12 vagas para o polo de <strong>Tapejara<\/strong>.\u00a0<\/p>\n<p>As inscri\u00e7\u00f5es, o envio dos documentos e o pagamento da taxa de inscri\u00e7\u00e3o devem ser realizados at\u00e9 <strong>04 de outubro, ao meio-dia<\/strong>. A isen\u00e7\u00e3o da taxa, que \u00e9 de <strong>R$ 37,00<\/strong>, deve ser solicitada entre os dias 27 e 28 de setembro.<\/p>\n<p><a href=\"https:\/\/www.ufsm.br\/app\/uploads\/sites\/342\/2021\/09\/cte_reingresso_ead_003.jpg\"><img decoding=\"async\" class=\"alignright wp-image-18213 size-medium\" src=\"https:\/\/www.ufsm.br\/app\/uploads\/sites\/342\/2021\/09\/cte_reingresso_ead_003-300x300.jpg\" alt=\"\" width=\"300\" height=\"300\" srcset=\"https:\/\/www.ufsm.br\/app\/uploads\/sites\/342\/2021\/09\/cte_reingresso_ead_003-300x300.jpg 300w, https:\/\/www.ufsm.br\/app\/uploads\/sites\/342\/2021\/09\/cte_reingresso_ead_003-1024x1024.jpg 1024w, https:\/\/www.ufsm.br\/app\/uploads\/sites\/342\/2021\/09\/cte_reingresso_ead_003-150x150.jpg 150w, https:\/\/www.ufsm.br\/app\/uploads\/sites\/342\/2021\/09\/cte_reingresso_ead_003-768x768.jpg 768w, https:\/\/www.ufsm.br\/app\/uploads\/sites\/342\/2021\/09\/cte_reingresso_ead_003.jpg 1080w\" sizes=\"(max-width: 300px) 100vw, 300px\" \/><\/a>S\u00e3o previstas <strong>dez modalidades de inscri\u00e7\u00e3o<\/strong>, entre reingressos e transfer\u00eancias externas ou internas \u00e0 UFSM, priorizando acad\u00eamicos(as) de cursos de Educa\u00e7\u00e3o Especial e Pedagogia. A sele\u00e7\u00e3o tamb\u00e9m abre oportunidade a quem abandonou, cancelou ou trancou o curso. O Edital aceita ainda inscri\u00e7\u00f5es de portadores de diploma de Pedagogia e de outros cursos de licenciatura:<\/p>\n<p>1) <strong>Transfer\u00eancia interna:<\/strong> alunos(as) vinculados(as) ao Curso de Educa\u00e7\u00e3o Especial da UFSM;<br \/>2) <strong>Reingresso:<\/strong> para candidatos(as) que tenham abandonado ou cancelado o Curso de Educa\u00e7\u00e3o Especial da UFSM;<br \/>3) <strong>Transfer\u00eancia interna:<\/strong> alunos(as) vinculados(as) ao Curso de Pedagogia da UFSM;<br \/>4) <strong>Reingresso com transfer\u00eancia interna:<\/strong> candidatos(as) que sejam ex-alunos do Curso de Educa\u00e7\u00e3o Especial da UFSM;<br \/>5) <strong>Reingresso com transfer\u00eancia interna:<\/strong> candidatos(as) que sejam ex-alunos do Curso de Pedagogia da UFSM;<br \/>6) <strong>Transfer\u00eancia Externa:<\/strong> para candidatos(as) regularmente matriculados(as) ou com trancamento total nos Cursos em Educa\u00e7\u00e3o Especial de outras institui\u00e7\u00f5es de ensino superior reconhecidas pelo MEC;<br \/>7) <strong>Transfer\u00eancia Externa:<\/strong> para candidatos(as) regularmente matriculados(as) ou com trancamento total nos Cursos de Pedagogia de outras institui\u00e7\u00f5es de ensino superior reconhecidas pelo MEC;<br \/>8) <strong>Transfer\u00eancia Externa:<\/strong> para candidatos(as) regularmente matriculados(as) ou com trancamento total em Cursos de Licenciatura de outras institui\u00e7\u00f5es de ensino superior reconhecidas pelo MEC;<br \/>9) <strong>Portador de Diploma:<\/strong> para candidatos(as) j\u00e1 diplomados(as) em Cursos de Pedagogia em institui\u00e7\u00e3o de ensino superior reconhecida pelo MEC;<br \/>10) <strong>Portador de Diploma:<\/strong> para candidatos(as) j\u00e1 diplomados(as) em outros Cursos de Licenciatura de institui\u00e7\u00e3o de ensino superior reconhecida pelo MEC.<\/p>\n<p>Outras informa\u00e7\u00f5es sobre a sele\u00e7\u00e3o podem ser obtidas junto \u00e0 Coordenadoria de Oferta e Relacionamento da Pr\u00f3-reitoria de Gradua\u00e7\u00e3o, pelo email <a href=\"mailto:cofre.prograd@ufsm.br\"><strong>cofre.prograd@ufsm.br<\/strong><\/a>. Informa\u00e7\u00f5es sobre o curr\u00edculo e sobre os polos de ensino podem ser solicitadas \u00e0 Coordena\u00e7\u00e3o do Curso de Educa\u00e7\u00e3o Especial EaD, no email <strong><a href=\"mailto:coordenacaoedeead@yahoo.com.br\">coordenacaoedeead@yahoo.com.br<\/a>.<\/strong><\/p>\n","protected":false},"excerpt":{"rendered":"<p>Inscri\u00e7\u00f5es seguem at\u00e9 o dia 04 de outubro<\/p>\n","protected":false},"author":95,"featured_media":18210,"comment_status":"closed","ping_status":"closed","sticky":false,"template":"","format":"standard","meta":{"footnotes":""},"categories":[1],"tags":[81,57,110,49,108,112,47],"class_list":["post-18209","post","type-post","status-publish","format-standard","has-post-thumbnail","hentry","category-sem-categoria","tag-ead","tag-graduacao","tag-portadores-de-diploma","tag-prograd","tag-reingresso","tag-transferencia","tag-ufsm"],"acf":[],"_links":{"self":[{"href":"https:\/\/www.ufsm.br\/pro-reitorias\/prograd\/wp-json\/wp\/v2\/posts\/18209","targetHints":{"allow":["GET"]}}],"collection":[{"href":"https:\/\/www.ufsm.br\/pro-reitorias\/prograd\/wp-json\/wp\/v2\/posts"}],"about":[{"href":"https:\/\/www.ufsm.br\/pro-reitorias\/prograd\/wp-json\/wp\/v2\/types\/post"}],"author":[{"embeddable":true,"href":"https:\/\/www.ufsm.br\/pro-reitorias\/prograd\/wp-json\/wp\/v2\/users\/95"}],"replies":[{"embeddable":true,"href":"https:\/\/www.ufsm.br\/pro-reitorias\/prograd\/wp-json\/wp\/v2\/comments?post=18209"}],"version-history":[{"count":0,"href":"https:\/\/www.ufsm.br\/pro-reitorias\/prograd\/wp-json\/wp\/v2\/posts\/18209\/revisions"}],"wp:featuredmedia":[{"embeddable":true,"href":"https:\/\/www.ufsm.br\/pro-reitorias\/prograd\/wp-json\/wp\/v2\/media\/18210"}],"wp:attachment":[{"href":"https:\/\/www.ufsm.br\/pro-reitorias\/prograd\/wp-json\/wp\/v2\/media?parent=18209"}],"wp:term":[{"taxonomy":"category","embeddable":true,"href":"https:\/\/www.ufsm.br\/pro-reitorias\/prograd\/wp-json\/wp\/v2\/categories?post=18209"},{"taxonomy":"post_tag","embeddable":true,"href":"https:\/\/www.ufsm.br\/pro-reitorias\/prograd\/wp-json\/wp\/v2\/tags?post=18209"}],"curies":[{"name":"wp","href":"https:\/\/api.w.org\/{rel}","templated":true}]}}