{"id":18223,"date":"2021-09-28T10:55:52","date_gmt":"2021-09-28T13:55:52","guid":{"rendered":"https:\/\/www.ufsm.br\/pro-reitorias\/prograd\/?p=18223"},"modified":"2021-12-08T17:39:25","modified_gmt":"2021-12-08T20:39:25","slug":"ufsm-divulga-calendario-academico-do-segundo-semestre-de-2021","status":"publish","type":"post","link":"https:\/\/www.ufsm.br\/pro-reitorias\/prograd\/2021\/09\/28\/ufsm-divulga-calendario-academico-do-segundo-semestre-de-2021","title":{"rendered":"UFSM divulga calend\u00e1rio acad\u00eamico do segundo semestre de 2021"},"content":{"rendered":"\n<p>\u00a0\u00a0<\/p>\n<p><a href=\"https:\/\/www.ufsm.br\/calendario\" target=\"_blank\" rel=\"noopener\"><img fetchpriority=\"high\" decoding=\"async\" class=\"alignleft wp-image-18225\" src=\"https:\/\/www.ufsm.br\/app\/uploads\/sites\/342\/2021\/09\/calendario_2021_capa-300x212.jpg\" alt=\"\" width=\"400\" height=\"283\" srcset=\"https:\/\/www.ufsm.br\/app\/uploads\/sites\/342\/2021\/09\/calendario_2021_capa-300x212.jpg 300w, https:\/\/www.ufsm.br\/app\/uploads\/sites\/342\/2021\/09\/calendario_2021_capa-768x544.jpg 768w, https:\/\/www.ufsm.br\/app\/uploads\/sites\/342\/2021\/09\/calendario_2021_capa.jpg 835w\" sizes=\"(max-width: 400px) 100vw, 400px\" \/><\/a>A Universidade Federal de Santa Maria divulgou a atualiza\u00e7\u00e3o do <a href=\"https:\/\/ufsm.br\/calendario\"><strong>Calend\u00e1rio Acad\u00eamico 2021<\/strong><\/a>. O documento foi aprovado nas sess\u00f5es 959 e 962 do Conselho de Ensino, Pesquisa e Extens\u00e3o da UFSM, que aconteceram nos dias 07\/04 e 12\/07\/2021, respectivamente.\u00a0<\/p>\n<p>Em anos anteriores, o Calend\u00e1rio Acad\u00eamico foi ilustrado com manifesta\u00e7\u00f5es art\u00edsticas da comunidade acad\u00eamica, por meio de pinturas, murais, fotografias e esculturas.<\/p>\n<p>Para 2021, a equipe respons\u00e1vel pelo documento optou por ressaltar aspectos da hist\u00f3ria da UFSM, que completou 60 anos em meio \u00e0 pandemia de Covid-19. Para ilustrar o Calend\u00e1rio, foram selecionados registros da exposi\u00e7\u00e3o &#8220;<a href=\"https:\/\/www.ufsm.br\/ufsm-lacos-exposicao-60-anos\/\" target=\"_blank\" rel=\"noopener\"><strong>UFSM La\u00e7os<\/strong><\/a>&#8220;, que re\u00fane fotografias de seis d\u00e9cadas da Universidade.\u00a0<\/p>\n<p>A exposi\u00e7\u00e3o foi organizada pela Comiss\u00e3o dos 60 anos da UFSM, Unidade de Comunica\u00e7\u00e3o Integrada, Departamento de Arquivo Geral (DAG) e TV Campus. A proposta do projeto foi evidenciar os la\u00e7os constru\u00eddos entre a UFSM e sua comunidade externa e interna atrav\u00e9s das d\u00e9cadas, por meio de fotos, v\u00eddeos, eventos, not\u00edcias e depoimentos.<\/p>\n<p><a href=\"https:\/\/www.ufsm.br\/app\/uploads\/sites\/342\/2021\/09\/calendario_2021_imagem.jpg\"><img decoding=\"async\" class=\"alignright wp-image-18226\" src=\"https:\/\/www.ufsm.br\/app\/uploads\/sites\/342\/2021\/09\/calendario_2021_imagem-300x213.jpg\" alt=\"\" width=\"400\" height=\"284\" srcset=\"https:\/\/www.ufsm.br\/app\/uploads\/sites\/342\/2021\/09\/calendario_2021_imagem-300x213.jpg 300w, https:\/\/www.ufsm.br\/app\/uploads\/sites\/342\/2021\/09\/calendario_2021_imagem-768x546.jpg 768w, https:\/\/www.ufsm.br\/app\/uploads\/sites\/342\/2021\/09\/calendario_2021_imagem.jpg 837w\" sizes=\"(max-width: 400px) 100vw, 400px\" \/><\/a>Ao longo do Calend\u00e1rio, disponibilizado em formato PDF, \u00e9 poss\u00edvel acompanhar detalhes sobre a inaugura\u00e7\u00e3o de servi\u00e7os e espa\u00e7os importantes para a comunidade, como o <strong>Restaurante Universit\u00e1rio<\/strong>, o <strong>Planet\u00e1rio<\/strong>, a <strong>Imprensa Universit\u00e1ria<\/strong>, a <strong>R\u00e1dio Universidade AM<\/strong>, o <strong>Jardim Bot\u00e2nico<\/strong> e a <strong>Biblioteca Central<\/strong>.<\/p>\n<p>Al\u00e9m de assinalar prazos de matr\u00edcula e ajustes, feriados, recessos e dias de suspens\u00e3o de atividades administrativas, o Calend\u00e1rio Acad\u00eamico destaca eventos promovidos pela Universidade, como a <strong>Jornada Acad\u00eamica Integrada (JAI)<\/strong>, o <strong>Descubra UFSM On-Line<\/strong> e o <strong>F\u00f3rum Regional Permanente de Extens\u00e3o<\/strong>.<\/p>\n<p>As aulas do segundo semestre letivo iniciam-se no dia <strong>13 de outubro de 2021<\/strong> e terminam em <strong>19 de fevereiro de 2022<\/strong>, para estudantes de gradua\u00e7\u00e3o e de p\u00f3s-gradua\u00e7\u00e3o, nas modalidades presencial e EaD. As aulas seguem sob o <strong><a href=\"https:\/\/www.ufsm.br\/coronavirus\/perguntas-frequentes\/\" target=\"_blank\" rel=\"noopener\">Regime de Exerc\u00edcios Domiciliares Especiais (REDE)<\/a><\/strong>.<\/p>\n<p>Por for\u00e7a da <a href=\"https:\/\/www.gov.br\/pt-br\/noticias\/financas-impostos-e-gestao-publica\/2021\/01\/governo-divulga-feriados-e-pontos-facultativos-de-2021\" target=\"_blank\" rel=\"noopener\"><strong>Portaria 430<\/strong><\/a>, do Minist\u00e9rio da Economia, o <strong>Dia do Servidor P\u00fablico (28 de outubro)<\/strong> ser\u00e1 comemorado em <strong>1\u00ba de novembro<\/strong> (dia n\u00e3o letivo, com suspens\u00e3o de atividades administrativas correlatas em todos os <em>campi<\/em>).<\/p>\n","protected":false},"excerpt":{"rendered":"<p>Projeto gr\u00e1fico valoriza a hist\u00f3ria da Universidade em seus 60 anos<\/p>\n","protected":false},"author":95,"featured_media":18224,"comment_status":"closed","ping_status":"closed","sticky":false,"template":"","format":"standard","meta":{"footnotes":""},"categories":[1],"tags":[494,422,81,333,57,478,47],"class_list":["post-18223","post","type-post","status-publish","format-standard","has-post-thumbnail","hentry","category-sem-categoria","tag-calendario-academico","tag-coronavirus","tag-ead","tag-extensao","tag-graduacao","tag-pos-graduacao","tag-ufsm"],"acf":[],"_links":{"self":[{"href":"https:\/\/www.ufsm.br\/pro-reitorias\/prograd\/wp-json\/wp\/v2\/posts\/18223","targetHints":{"allow":["GET"]}}],"collection":[{"href":"https:\/\/www.ufsm.br\/pro-reitorias\/prograd\/wp-json\/wp\/v2\/posts"}],"about":[{"href":"https:\/\/www.ufsm.br\/pro-reitorias\/prograd\/wp-json\/wp\/v2\/types\/post"}],"author":[{"embeddable":true,"href":"https:\/\/www.ufsm.br\/pro-reitorias\/prograd\/wp-json\/wp\/v2\/users\/95"}],"replies":[{"embeddable":true,"href":"https:\/\/www.ufsm.br\/pro-reitorias\/prograd\/wp-json\/wp\/v2\/comments?post=18223"}],"version-history":[{"count":0,"href":"https:\/\/www.ufsm.br\/pro-reitorias\/prograd\/wp-json\/wp\/v2\/posts\/18223\/revisions"}],"wp:featuredmedia":[{"embeddable":true,"href":"https:\/\/www.ufsm.br\/pro-reitorias\/prograd\/wp-json\/wp\/v2\/media\/18224"}],"wp:attachment":[{"href":"https:\/\/www.ufsm.br\/pro-reitorias\/prograd\/wp-json\/wp\/v2\/media?parent=18223"}],"wp:term":[{"taxonomy":"category","embeddable":true,"href":"https:\/\/www.ufsm.br\/pro-reitorias\/prograd\/wp-json\/wp\/v2\/categories?post=18223"},{"taxonomy":"post_tag","embeddable":true,"href":"https:\/\/www.ufsm.br\/pro-reitorias\/prograd\/wp-json\/wp\/v2\/tags?post=18223"}],"curies":[{"name":"wp","href":"https:\/\/api.w.org\/{rel}","templated":true}]}}