{"id":18463,"date":"2021-11-19T17:02:00","date_gmt":"2021-11-19T20:02:00","guid":{"rendered":"https:\/\/www.ufsm.br\/pro-reitorias\/prograd\/?p=18463"},"modified":"2021-11-29T06:02:21","modified_gmt":"2021-11-29T09:02:21","slug":"webinario-discute-a-educacao-para-as-relacoes-etnico-raciais-e-o-enfrentamento-do-racismo-em-26-11","status":"publish","type":"post","link":"https:\/\/www.ufsm.br\/pro-reitorias\/prograd\/2021\/11\/19\/webinario-discute-a-educacao-para-as-relacoes-etnico-raciais-e-o-enfrentamento-do-racismo-em-26-11","title":{"rendered":"Webin\u00e1rio discute em 26\/11 a educa\u00e7\u00e3o para as rela\u00e7\u00f5es \u00e9tnico-raciais e o enfrentamento do racismo"},"content":{"rendered":"\n<p>\u00a0<\/p>\n<p>No dia <strong>26 de novembro, sexta-feira, \u00e0s 19h<\/strong>, ocorre mais uma palestra da programa\u00e7\u00e3o dos Webin\u00e1rios EaD: M\u00faltiplos Olhares em Forma\u00e7\u00e3o. Em alus\u00e3o ao m\u00eas em que \u00e9 celebrado o Dia da Consci\u00eancia Negra, a tem\u00e1tica do webin\u00e1rio ser\u00e1 \u201c<strong>A Educa\u00e7\u00e3o das Rela\u00e7\u00f5es \u00c9tnico-Raciais e o Enfrentamento do Racismo<\/strong>\u201d, com os palestrantes <strong>Maria Rita Py Dutra<\/strong> e <strong>Victor De Carli Lopes<\/strong> e media\u00e7\u00e3o de <strong>Maria Eliza Rosa Gama<\/strong>.<\/p>\n<p>O evento tem como objetivo promover momentos de forma\u00e7\u00e3o e reflex\u00e3o aos discentes dos cursos a dist\u00e2ncia da UAB\/UFSM e comunidade acad\u00eamica em geral. Todos os encontros ser\u00e3o realizados de forma remota, com transmiss\u00e3o ao vivo pelo\u00a0<a href=\"https:\/\/youtube.com\/c\/EventosCTEUFSM\" target=\"_blank\" rel=\"noopener\"><strong>Canal do Youtube Eventos CTE UFSM<\/strong>.<\/a><\/p>\n<p>Os webin\u00e1rios s\u00e3o promovidos pela Pr\u00f3-Reitoria de Gradua\u00e7\u00e3o, por meio da Coordenadoria de Tecnologia Educacional (CTE), e pela Coordena\u00e7\u00e3o da Universidade Aberta do Brasil na UFSM, em parceria com as coordena\u00e7\u00f5es dos cursos EaD.<\/p>\n<p>A programa\u00e7\u00e3o \u00e9 aberta a todos os interessados e ser\u00e1 fornecido certificado de 2 horas aos participantes.<\/p>\n<p>As inscri\u00e7\u00f5es para este webin\u00e1rio j\u00e1 est\u00e3o abertas no <a href=\"https:\/\/evento.nte.ufsm.br\/web-ead\/register\" target=\"_blank\" rel=\"noopener\"><strong>site do evento<\/strong><\/a> e s\u00e3o gratuitas. Para as demais atividades da programa\u00e7\u00e3o, as inscri\u00e7\u00f5es devem ser realizadas de forma individual.<\/p>\n<p>A programa\u00e7\u00e3o completa dos pr\u00f3ximos webin\u00e1rios ser\u00e1 divulgada no site do evento.<\/p>\n<p>O pr\u00f3ximo encontro ser\u00e1 no dia 18 de dezembro, \u00e0s 10h, com o palestrante Adriano Canabarro Teixeira e media\u00e7\u00e3o de Sidnei Renato Silveira. A tem\u00e1tica apresentada ser\u00e1 \u201cEscola para o futuro, hoje!\u201d<\/p>\n<p>Outras informa\u00e7\u00f5es sobre os eventos podem ser obtidas pelo email<a href=\"mailto:secretaria@nte.ufsm.br\"><strong> secretaria@nte.ufsm.br<\/strong><\/a>.\u00a0<\/p>\n<p><em>Fonte: ufsm.br\/nte<\/em><\/p>\n","protected":false},"excerpt":{"rendered":"<p>\u00a0 No dia 26 de novembro, sexta-feira, \u00e0s 19h, ocorre mais uma palestra da programa\u00e7\u00e3o dos Webin\u00e1rios EaD: M\u00faltiplos Olhares em Forma\u00e7\u00e3o. Em alus\u00e3o ao m\u00eas em que \u00e9 celebrado o Dia da Consci\u00eancia Negra, a tem\u00e1tica do webin\u00e1rio ser\u00e1 \u201cA Educa\u00e7\u00e3o das Rela\u00e7\u00f5es \u00c9tnico-Raciais e o Enfrentamento do Racismo\u201d, com os palestrantes Maria Rita [&hellip;]<\/p>\n","protected":false},"author":95,"featured_media":18464,"comment_status":"closed","ping_status":"closed","sticky":false,"template":"","format":"standard","meta":{"footnotes":""},"categories":[1],"tags":[521,81,208,57,49,306,392,47],"class_list":["post-18463","post","type-post","status-publish","format-standard","has-post-thumbnail","hentry","category-sem-categoria","tag-cte","tag-ead","tag-evento-cientifico","tag-graduacao","tag-prograd","tag-relacoes-etnico-raciais","tag-uab","tag-ufsm"],"acf":[],"_links":{"self":[{"href":"https:\/\/www.ufsm.br\/pro-reitorias\/prograd\/wp-json\/wp\/v2\/posts\/18463","targetHints":{"allow":["GET"]}}],"collection":[{"href":"https:\/\/www.ufsm.br\/pro-reitorias\/prograd\/wp-json\/wp\/v2\/posts"}],"about":[{"href":"https:\/\/www.ufsm.br\/pro-reitorias\/prograd\/wp-json\/wp\/v2\/types\/post"}],"author":[{"embeddable":true,"href":"https:\/\/www.ufsm.br\/pro-reitorias\/prograd\/wp-json\/wp\/v2\/users\/95"}],"replies":[{"embeddable":true,"href":"https:\/\/www.ufsm.br\/pro-reitorias\/prograd\/wp-json\/wp\/v2\/comments?post=18463"}],"version-history":[{"count":0,"href":"https:\/\/www.ufsm.br\/pro-reitorias\/prograd\/wp-json\/wp\/v2\/posts\/18463\/revisions"}],"wp:featuredmedia":[{"embeddable":true,"href":"https:\/\/www.ufsm.br\/pro-reitorias\/prograd\/wp-json\/wp\/v2\/media\/18464"}],"wp:attachment":[{"href":"https:\/\/www.ufsm.br\/pro-reitorias\/prograd\/wp-json\/wp\/v2\/media?parent=18463"}],"wp:term":[{"taxonomy":"category","embeddable":true,"href":"https:\/\/www.ufsm.br\/pro-reitorias\/prograd\/wp-json\/wp\/v2\/categories?post=18463"},{"taxonomy":"post_tag","embeddable":true,"href":"https:\/\/www.ufsm.br\/pro-reitorias\/prograd\/wp-json\/wp\/v2\/tags?post=18463"}],"curies":[{"name":"wp","href":"https:\/\/api.w.org\/{rel}","templated":true}]}}