{"id":18676,"date":"2022-01-05T19:57:02","date_gmt":"2022-01-05T22:57:02","guid":{"rendered":"https:\/\/www.ufsm.br\/pro-reitorias\/prograd\/?p=18676"},"modified":"2022-01-05T20:21:41","modified_gmt":"2022-01-05T23:21:41","slug":"ufsm-forma-primeira-turma-com-emissao-de-diploma-digital","status":"publish","type":"post","link":"https:\/\/www.ufsm.br\/pro-reitorias\/prograd\/2022\/01\/05\/ufsm-forma-primeira-turma-com-emissao-de-diploma-digital","title":{"rendered":"UFSM forma primeira turma com emiss\u00e3o de diploma digital"},"content":{"rendered":"\n<p>\u00a0<\/p>\n<p><a href=\"https:\/\/www.ufsm.br\/app\/uploads\/sites\/342\/2022\/01\/ufsm-prograd-diploma-digital-card.jpg\"><img fetchpriority=\"high\" decoding=\"async\" class=\"alignleft wp-image-18677\" src=\"https:\/\/www.ufsm.br\/app\/uploads\/sites\/342\/2022\/01\/ufsm-prograd-diploma-digital-card-300x300.jpg\" alt=\"\" width=\"400\" height=\"400\" srcset=\"https:\/\/www.ufsm.br\/app\/uploads\/sites\/342\/2022\/01\/ufsm-prograd-diploma-digital-card-300x300.jpg 300w, https:\/\/www.ufsm.br\/app\/uploads\/sites\/342\/2022\/01\/ufsm-prograd-diploma-digital-card-1024x1024.jpg 1024w, https:\/\/www.ufsm.br\/app\/uploads\/sites\/342\/2022\/01\/ufsm-prograd-diploma-digital-card-150x150.jpg 150w, https:\/\/www.ufsm.br\/app\/uploads\/sites\/342\/2022\/01\/ufsm-prograd-diploma-digital-card-768x768.jpg 768w, https:\/\/www.ufsm.br\/app\/uploads\/sites\/342\/2022\/01\/ufsm-prograd-diploma-digital-card.jpg 1080w\" sizes=\"(max-width: 400px) 100vw, 400px\" \/><\/a>A cola\u00e7\u00e3o de grau da cent\u00e9sima terceira turma do Curso de Medicina da UFSM, que acontecer\u00e1 no dia 07 de janeiro, ser\u00e1 a pioneira na ado\u00e7\u00e3o de um novo sistema de gera\u00e7\u00e3o e registro documental na Universidade: o <strong>Diploma Digital.<\/strong><\/p>\n<p>A tecnologia proporciona que os diplomas de cursos de gradua\u00e7\u00e3o sejam gerados de forma <strong>nato digital<\/strong>, ou seja, o documento j\u00e1 &#8220;nasce&#8221; de forma digitalizada no sistema, n\u00e3o sendo necess\u00e1rio o seu arquivamento por um processo de escaneamento, por exemplo. Com a emiss\u00e3o e armazenamento integralmente digitais, o sistema <strong>evitar\u00e1 fraudes<\/strong>, ao refor\u00e7ar a seguran\u00e7a para registro e gera\u00e7\u00e3o dos diplomas.<\/p>\n<p>Dessa forma, qualquer pessoa ou \u00f3rg\u00e3o interessado, como institui\u00e7\u00f5es respons\u00e1veis por editais de p\u00f3s-gradua\u00e7\u00e3o e organiza\u00e7\u00f5es que realizam concursos p\u00fablicos ou sele\u00e7\u00f5es para postos de trabalho, poder\u00e3o consultar a veracidade dos diplomas apresentados pelos(as) candidatos(as).<\/p>\n<p>Al\u00e9m de desburocratizar e padronizar o processo nas institui\u00e7\u00f5es de ensino superior, o sistema proporcionar\u00e1 mais economia de tempo e custo do servi\u00e7o. Desde 2018, o Minist\u00e9rio da Educa\u00e7\u00e3o (MEC) vem promovendo a\u00e7\u00f5es para fomentar o desenvolvimento do sistema de valida\u00e7\u00e3o nacional do diploma digital, em ambiente com seguran\u00e7a garantida.<\/p>\n<p>A tecnologia utiliza assinaturas com certifica\u00e7\u00e3o digital e carimbo da Infraestrutura de Chaves P\u00fablicas Brasileira (ICP-Brasil), conforme os par\u00e2metros do Padr\u00e3o Brasileiro de Assinaturas Digitais. <strong>A emiss\u00e3o do diploma nato digital tem a mesma validade jur\u00eddica do documento f\u00edsico, gerado em papel.<\/strong><\/p>\n<p>A iniciativa, na UFSM, envolveu o trabalho colaborativo de servidores(as) de diversos \u00f3rg\u00e3os da Universidade, como o Departamento de Arquivo Geral (DAG), o Centro de Processamento de Dados (CPD), vinculado \u00e0 Pr\u00f3-reitoria de Planejamento (Proplan), e a Coordenadoria de Registro e Matr\u00edcula (Corem) da Pr\u00f3-reitoria de Gradua\u00e7\u00e3o (Prograd).<\/p>\n<p>Informa\u00e7\u00f5es sobre o <strong>Diploma Digital na UFSM<\/strong> podem ser solicitadas aos e-mails <a href=\"mailto:registro.prograd@ufsm.br\"><strong>registro.prograd@ufsm.br<\/strong><\/a> e <a href=\"mailto:matriculas@ufsm.br\"><strong>matriculas@ufsm.br<\/strong><\/a>. O Minist\u00e9rio da Educa\u00e7\u00e3o mant\u00e9m um site com as principais informa\u00e7\u00f5es sobre o tema, em <a href=\"https:\/\/portal.mec.gov.br\/diplomadigital\/\" target=\"_blank\" rel=\"noopener\"><strong>portal.mec.gov.br\/diplomadigital<\/strong><\/a>. Nele, pode ser consultada a legisla\u00e7\u00e3o que normatiza a iniciativa, bem como o hist\u00f3rico da implanta\u00e7\u00e3o do sistema e seus detalhes t\u00e9cnicos. O validador para verifica\u00e7\u00e3o da conformidade dos diplomas tamb\u00e9m j\u00e1 est\u00e1 dispon\u00edvel no portal.<\/p>\n","protected":false},"excerpt":{"rendered":"<p>\u00a0 A cola\u00e7\u00e3o de grau da cent\u00e9sima terceira turma do Curso de Medicina da UFSM, que acontecer\u00e1 no dia 07 de janeiro, ser\u00e1 a pioneira na ado\u00e7\u00e3o de um novo sistema de gera\u00e7\u00e3o e registro documental na Universidade: o Diploma Digital. A tecnologia proporciona que os diplomas de cursos de gradua\u00e7\u00e3o sejam gerados de forma [&hellip;]<\/p>\n","protected":false},"author":95,"featured_media":0,"comment_status":"closed","ping_status":"closed","sticky":false,"template":"","format":"standard","meta":{"footnotes":""},"categories":[1],"tags":[614,387,57,49,47,83],"class_list":["post-18676","post","type-post","status-publish","format-standard","hentry","category-sem-categoria","tag-diploma-digital","tag-egressos","tag-graduacao","tag-prograd","tag-ufsm","tag-volver"],"acf":[],"_links":{"self":[{"href":"https:\/\/www.ufsm.br\/pro-reitorias\/prograd\/wp-json\/wp\/v2\/posts\/18676","targetHints":{"allow":["GET"]}}],"collection":[{"href":"https:\/\/www.ufsm.br\/pro-reitorias\/prograd\/wp-json\/wp\/v2\/posts"}],"about":[{"href":"https:\/\/www.ufsm.br\/pro-reitorias\/prograd\/wp-json\/wp\/v2\/types\/post"}],"author":[{"embeddable":true,"href":"https:\/\/www.ufsm.br\/pro-reitorias\/prograd\/wp-json\/wp\/v2\/users\/95"}],"replies":[{"embeddable":true,"href":"https:\/\/www.ufsm.br\/pro-reitorias\/prograd\/wp-json\/wp\/v2\/comments?post=18676"}],"version-history":[{"count":0,"href":"https:\/\/www.ufsm.br\/pro-reitorias\/prograd\/wp-json\/wp\/v2\/posts\/18676\/revisions"}],"wp:attachment":[{"href":"https:\/\/www.ufsm.br\/pro-reitorias\/prograd\/wp-json\/wp\/v2\/media?parent=18676"}],"wp:term":[{"taxonomy":"category","embeddable":true,"href":"https:\/\/www.ufsm.br\/pro-reitorias\/prograd\/wp-json\/wp\/v2\/categories?post=18676"},{"taxonomy":"post_tag","embeddable":true,"href":"https:\/\/www.ufsm.br\/pro-reitorias\/prograd\/wp-json\/wp\/v2\/tags?post=18676"}],"curies":[{"name":"wp","href":"https:\/\/api.w.org\/{rel}","templated":true}]}}