{"id":18719,"date":"2022-01-24T10:27:27","date_gmt":"2022-01-24T13:27:27","guid":{"rendered":"https:\/\/www.ufsm.br\/pro-reitorias\/prograd\/?p=18719"},"modified":"2022-01-27T10:16:49","modified_gmt":"2022-01-27T13:16:49","slug":"coordenadoria-de-acoes-educacionais-da-ufsm-promove-a-roda-de-conversa-sindrome-do-pensamento-acelerado-dia-28-1","status":"publish","type":"post","link":"https:\/\/www.ufsm.br\/pro-reitorias\/prograd\/2022\/01\/24\/coordenadoria-de-acoes-educacionais-da-ufsm-promove-a-roda-de-conversa-sindrome-do-pensamento-acelerado-dia-28-1","title":{"rendered":"Coordenadoria de A\u00e7\u00f5es Educacionais da UFSM promove a roda de conversa &#8220;S\u00edndrome do Pensamento Acelerado&#8221; dia 28\/1"},"content":{"rendered":"\n<p>\u00a0<\/p>\n<p><a href=\"https:\/\/www.ufsm.br\/app\/uploads\/sites\/342\/2022\/01\/ufsm-prograd-caed-pensamento-acelerado-jan2022-cartaz.jpg\"><img fetchpriority=\"high\" decoding=\"async\" class=\"alignleft wp-image-18720\" src=\"https:\/\/www.ufsm.br\/app\/uploads\/sites\/342\/2022\/01\/ufsm-prograd-caed-pensamento-acelerado-jan2022-cartaz-212x300.jpg\" alt=\"\" width=\"600\" height=\"849\" srcset=\"https:\/\/www.ufsm.br\/app\/uploads\/sites\/342\/2022\/01\/ufsm-prograd-caed-pensamento-acelerado-jan2022-cartaz-212x300.jpg 212w, https:\/\/www.ufsm.br\/app\/uploads\/sites\/342\/2022\/01\/ufsm-prograd-caed-pensamento-acelerado-jan2022-cartaz.jpg 724w\" sizes=\"(max-width: 600px) 100vw, 600px\" \/><\/a>A <strong>S\u00edndrome do Pensamento Acelerado<\/strong>, apesar de ainda n\u00e3o constar nos manuais m\u00e9dicos de diagn\u00f3stico enquanto doen\u00e7a, re\u00fane uma s\u00e9rie de sinais e sintomas que s\u00e3o bastante comuns atualmente, atingindo pessoas de diferentes idades, g\u00eaneros, etnias e ocupa\u00e7\u00f5es.<\/p>\n<p><strong>Ansiedade, dificuldade de planejamento e execu\u00e7\u00e3o de tarefas, altera\u00e7\u00f5es bruscas de humor, lapsos de mem\u00f3ria, dificuldade de racioc\u00ednio l\u00f3gico, de tomadas de decis\u00e3o e de express\u00e3o oral e\/ou escrita<\/strong> s\u00e3o suas caracter\u00edsticas mais comuns.<\/p>\n<p>Estes sintomas podem estar associados ou desencadear outros estados ps\u00edquicos, como <strong>depress\u00e3o, bipolaridade, transtorno de d\u00e9ficit de aten\u00e7\u00e3o e hiperatividade (TDAH) e transtorno obsessivo-compulsivo (TOC)<\/strong>, a serem diagnosticados por profissionais de sa\u00fade mental.<\/p>\n<p>Como uma bola de neve, a s\u00edndrome pode agravar estados de procrastina\u00e7\u00e3o, perfeccionismo, ins\u00f4nia ou sonol\u00eancia excessiva, afetando a <strong>produtividade<\/strong> das pessoas, sua <strong>autoestima<\/strong> e seus <strong>relacionamentos interpessoais<\/strong> na fam\u00edlia, com os amigos, no estudo e no trabalho.<\/p>\n<p>Foi pensando na relev\u00e2ncia deste tema na atualidade, com foco na sa\u00fade biopsicossocial dos(as) estudantes e servidores(as) da UFSM, que a Subdivis\u00e3o de Apoio \u00e0 Aprendizagem da Coordenadoria de A\u00e7\u00f5es Educacionais (CAEd-Prograd) divulga a abertura de inscri\u00e7\u00f5es para a <strong>Roda de Conversa \u201cS\u00edndrome do Pensamento Acelerado&#8221;<\/strong>.<\/p>\n<p>O evento, via Google Meet, acontecer\u00e1 no <strong>dia 28 de janeiro, sexta-feira, \u00e0s 18 horas.<\/strong><\/p>\n<p>As inscri\u00e7\u00f5es gratuitas s\u00e3o abertas a todas as pessoas interessadas, e devem ser feitas at\u00e9 27\/1 atrav\u00e9s deste <a href=\"https:\/\/forms.gle\/ZJMVgaZf9jkA7Jgv7\" target=\"_blank\" rel=\"noopener\"><strong>FORMUL\u00c1RIO<\/strong><\/a>.\u00a0\u00a0<\/p>\n<p>Os ministrantes da roda de conversa ser\u00e3o os psic\u00f3logos <strong>Gabriele Marchionatti Fontoura e Marcelo Noal<\/strong>.<\/p>\n<p>Outras informa\u00e7\u00f5es podem ser obtidas no site <a href=\"https:\/\/www.ufsm.br\/orgaos-executivos\/caed\/eventos\/roda-de-conversa-sindrome-do-pensamento-acelerado\/\" target=\"_blank\" rel=\"noopener\"><strong>ufsm.br\/caed<\/strong> <\/a>pelo email <a href=\"mailto:caed.aprendizagem@ufsm.br\"><strong>caed.aprendizagem@ufsm.br<\/strong><\/a>.\u00a0<\/p>\n<p><br \/>Descri\u00e7\u00e3o da imagem: imagem retangular em formato vertical. Fundo na cor cinza com riscos e desenhos aleat\u00f3rios na cor preta. No canto superior esquerdo consta o logo da CAEd, composto pelo bras\u00e3o da UFSM e, \u00e0 direita do bras\u00e3o, \u201cUFSM\u201d, seguido de \u201cCoordenadoria de A\u00e7\u00f5es Educacionais\u201d, ambos escritos na cor branca. Abaixo do logo, um abaixo do outro, na cor branca, consta \u201cSubdivis\u00e3o de Apoio \u00e0 Aprendizagem\u201d; \u201cCAEd-PROGRAD\u201d. Centralizado na parte superior do cartaz est\u00e1 uma mancha grande na cor azul claro, em formato irregular, contendo em seu interior o texto, escrito na cor preta: \u201cRoda de conversa\u201d; \u201cS\u00edndrome do Pensamento Acelerado\u201d; \u201cPsic\u00f3logos\u201d; \u201cGabriele Marchionatti Fontoura\u201d; \u201cMarcelo Noal\u201d. No canto esquerdo do cartaz est\u00e1 a imagem parcial de um homem com a pele clara, cabelos e barba escuros, enquadrado do busto para cima, vestindo um moletom azul. O homem est\u00e1 com a m\u00e3o direita na cabe\u00e7a e com os olhos fechados fortemente. No canto inferior esquerdo est\u00e1 outra mancha na cor azul clara, um pouco menor que a anterior, contendo em seu interior as informa\u00e7\u00f5es, escritas na cor preta: \u201c28 de janeiro \u00e0s 18h\u201d; \u201cInscri\u00e7\u00f5es pela p\u00e1gina da CAEd at\u00e9 dia 27\/01. Evento via Google Meet\u201d.<\/p>\n","protected":false},"excerpt":{"rendered":"<p>Inscri\u00e7\u00f5es devem ser feitas at\u00e9 27\/1, para recebimento do link de acesso ao Google Meet<\/p>\n","protected":false},"author":95,"featured_media":18721,"comment_status":"closed","ping_status":"closed","sticky":false,"template":"","format":"standard","meta":{"footnotes":""},"categories":[1],"tags":[304,208,49,294,47],"class_list":["post-18719","post","type-post","status-publish","format-standard","has-post-thumbnail","hentry","category-sem-categoria","tag-caed","tag-evento-cientifico","tag-prograd","tag-saude-mental","tag-ufsm"],"acf":[],"_links":{"self":[{"href":"https:\/\/www.ufsm.br\/pro-reitorias\/prograd\/wp-json\/wp\/v2\/posts\/18719","targetHints":{"allow":["GET"]}}],"collection":[{"href":"https:\/\/www.ufsm.br\/pro-reitorias\/prograd\/wp-json\/wp\/v2\/posts"}],"about":[{"href":"https:\/\/www.ufsm.br\/pro-reitorias\/prograd\/wp-json\/wp\/v2\/types\/post"}],"author":[{"embeddable":true,"href":"https:\/\/www.ufsm.br\/pro-reitorias\/prograd\/wp-json\/wp\/v2\/users\/95"}],"replies":[{"embeddable":true,"href":"https:\/\/www.ufsm.br\/pro-reitorias\/prograd\/wp-json\/wp\/v2\/comments?post=18719"}],"version-history":[{"count":0,"href":"https:\/\/www.ufsm.br\/pro-reitorias\/prograd\/wp-json\/wp\/v2\/posts\/18719\/revisions"}],"wp:featuredmedia":[{"embeddable":true,"href":"https:\/\/www.ufsm.br\/pro-reitorias\/prograd\/wp-json\/wp\/v2\/media\/18721"}],"wp:attachment":[{"href":"https:\/\/www.ufsm.br\/pro-reitorias\/prograd\/wp-json\/wp\/v2\/media?parent=18719"}],"wp:term":[{"taxonomy":"category","embeddable":true,"href":"https:\/\/www.ufsm.br\/pro-reitorias\/prograd\/wp-json\/wp\/v2\/categories?post=18719"},{"taxonomy":"post_tag","embeddable":true,"href":"https:\/\/www.ufsm.br\/pro-reitorias\/prograd\/wp-json\/wp\/v2\/tags?post=18719"}],"curies":[{"name":"wp","href":"https:\/\/api.w.org\/{rel}","templated":true}]}}