{"id":18746,"date":"2022-01-26T17:41:45","date_gmt":"2022-01-26T20:41:45","guid":{"rendered":"https:\/\/www.ufsm.br\/pro-reitorias\/prograd\/?p=18746"},"modified":"2022-02-08T17:06:57","modified_gmt":"2022-02-08T20:06:57","slug":"inscricoes-abertas-para-a-roda-de-conversa-o-retorno-as-atividades-academicas-presenciais-expectativas-e-ansiedades","status":"publish","type":"post","link":"https:\/\/www.ufsm.br\/pro-reitorias\/prograd\/2022\/01\/26\/inscricoes-abertas-para-a-roda-de-conversa-o-retorno-as-atividades-academicas-presenciais-expectativas-e-ansiedades","title":{"rendered":"Inscri\u00e7\u00f5es abertas para a roda de conversa \u201cO retorno \u00e0s atividades acad\u00eamicas presenciais: expectativas e ansiedades\u201d"},"content":{"rendered":"\n<p>\u00a0<\/p>\n<p>Desde que as aulas passaram a ser realizadas remotamente, questionamos como ser\u00e1 o retorno ao presencial. Mesmo sem uma data definida, voc\u00ea j\u00e1 criou expectativas sobre esse momento? Pensando nisso, a Subdivis\u00e3o de Apoio \u00e0 Aprendizagem da Coordenadoria de A\u00e7\u00f5es Educacionais (CAEd-PROGRAD) est\u00e1 promovendo a Roda de conversa \u201c<strong>O retorno \u00e0s atividades acad\u00eamicas presenciais: expectativas e ansiedades<\/strong>\u201d.<\/p>\n<p>O evento, via Google Meet, acontecer\u00e1 no dia <strong>03 de fevereiro, quinta-feira, \u00e0s 18 horas<\/strong>. A ministrante ser\u00e1 a psic\u00f3loga <strong>Bianca Zanchi Machado<\/strong>.<\/p>\n<p>Podem participar da roda de conversa estudantes e servidores(as) da UFSM, bem como a comunidade externa.\u00a0As inscri\u00e7\u00f5es s\u00e3o gratuitas e limitadas, e devem ser feitas previamente, para recebimento do link de acesso, via <a href=\"https:\/\/docs.google.com\/forms\/d\/e\/1FAIpQLScYISb567Jj0o1QwWmd5t4wPU12C0Rx906lQt8MTncn_yo1wg\/viewform\" target=\"_blank\" rel=\"noopener\"><strong>FORMUL\u00c1RIO<\/strong><\/a>.\u00a0\u00a0<\/p>\n<p>Outras informa\u00e7\u00f5es sobre o evento podem ser obtidas no site <a href=\"https:\/\/www.ufsm.br\/orgaos-executivos\/caed\/eventos\/o-retorno-as-atividades-academicas-presenciais-expectativas-e-ansiedades\/\" target=\"_blank\" rel=\"noopener\"><strong>ufsm.br\/caed<\/strong><\/a> e pelo email <a href=\"mailto:caed.aprendizagem@ufsm.br\"><strong>caed.aprendizagem@ufsm.br<\/strong><\/a>.\u00a0\u00a0<\/p>\n<p><em>Fonte: ufsm.br\/caed<\/em><\/p>\n<p><a href=\"https:\/\/www.ufsm.br\/app\/uploads\/sites\/342\/2022\/01\/ufsm-prograd-caed-retorno-presencial-jan2022-cartaz.jpg\"><img fetchpriority=\"high\" decoding=\"async\" class=\"aligncenter wp-image-18747\" src=\"https:\/\/www.ufsm.br\/app\/uploads\/sites\/342\/2022\/01\/ufsm-prograd-caed-retorno-presencial-jan2022-cartaz-212x300.jpg\" alt=\"\" width=\"600\" height=\"850\" srcset=\"https:\/\/www.ufsm.br\/app\/uploads\/sites\/342\/2022\/01\/ufsm-prograd-caed-retorno-presencial-jan2022-cartaz-212x300.jpg 212w, https:\/\/www.ufsm.br\/app\/uploads\/sites\/342\/2022\/01\/ufsm-prograd-caed-retorno-presencial-jan2022-cartaz-723x1024.jpg 723w, https:\/\/www.ufsm.br\/app\/uploads\/sites\/342\/2022\/01\/ufsm-prograd-caed-retorno-presencial-jan2022-cartaz-768x1087.jpg 768w, https:\/\/www.ufsm.br\/app\/uploads\/sites\/342\/2022\/01\/ufsm-prograd-caed-retorno-presencial-jan2022-cartaz.jpg 904w\" sizes=\"(max-width: 600px) 100vw, 600px\" \/><\/a><\/p>\n<p>Descri\u00e7\u00e3o da imagem: imagem retangular em formato vertical. Fundo representando uma folha de papel na cor amarelo-claro, rasgada na parte inferior. No canto superior esquerdo consta o logo da CAEd, composto pelo bras\u00e3o da UFSM e, \u00e0 direita do bras\u00e3o, \u201cUFSM\u201d, seguido de \u201cCoordenadoria de A\u00e7\u00f5es Educacionais\u201d, ambos escritos na cor preta. Abaixo do logo, um abaixo do outro, na cor preta, consta \u201cSubdivis\u00e3o de Apoio \u00e0 Aprendizagem\u201d; \u201cCAEd-PROGRAD\u201d. Alinhado \u00e0 esquerda, escrito na cor azul, um abaixo do outro: \u201cRoda de Conversa\u201d \u201cO retorno \u00e0s atividades acad\u00eamicas presenciais: expectativas e ansiedades\u201d; \u201cPsic\u00f3loga\u201d \u201cBianca Zanchi Machado\u201d. \u00c0 direita, a ilustra\u00e7\u00e3o de um livro de capa na cor vermelha e folhas brancas aberto. Abaixo, centralizado no cartaz, escrito na cor azul, um abaixo do outro: \u201c03 de fevereiro \u00e0s 18h\u201d; \u201cInscri\u00e7\u00f5es pela p\u00e1gina da CAEd at\u00e9 dia 02\/02\u201d; \u201cEvento via Google Meet\u201d. Na sequ\u00eancia, uma imagem de tr\u00eas pessoas jovens sentados em uma escada de concreto com um corrim\u00e3o de a\u00e7o. S\u00e3o eles, da esquerda para a direita: um homem de pele clara, usa uma m\u00e1scara preta sobre o nariz, boca e queixo; veste cal\u00e7a jeans e casaco preto; est\u00e1 com uma mochila no ombro e segurando um livro aberto sobre a perna direita e uma caneta na m\u00e3o direita. Ao lado est\u00e1 uma mulher de pele clara e cabelos presos; usa uma m\u00e1scara preta sobre o nariz, boca e queixo; veste cal\u00e7a jeans e casaco; est\u00e1 segundo uma bolsa. A terceira pessoa \u00e9 um homem de pele clara; usa uma m\u00e1scara preta sobre o nariz, boca e queixo; veste cal\u00e7a e casaco jeans e est\u00e1 segurando um livro nas m\u00e3os.<\/p>\n","protected":false},"excerpt":{"rendered":"<p>Evento on-line acontecer\u00e1 em 03 de fevereiro, \u00e0s 18 horas, via Google Meet<\/p>\n","protected":false},"author":95,"featured_media":18748,"comment_status":"closed","ping_status":"closed","sticky":false,"template":"","format":"standard","meta":{"footnotes":""},"categories":[1],"tags":[304,422,57,49,294,47],"class_list":["post-18746","post","type-post","status-publish","format-standard","has-post-thumbnail","hentry","category-sem-categoria","tag-caed","tag-coronavirus","tag-graduacao","tag-prograd","tag-saude-mental","tag-ufsm"],"acf":[],"_links":{"self":[{"href":"https:\/\/www.ufsm.br\/pro-reitorias\/prograd\/wp-json\/wp\/v2\/posts\/18746","targetHints":{"allow":["GET"]}}],"collection":[{"href":"https:\/\/www.ufsm.br\/pro-reitorias\/prograd\/wp-json\/wp\/v2\/posts"}],"about":[{"href":"https:\/\/www.ufsm.br\/pro-reitorias\/prograd\/wp-json\/wp\/v2\/types\/post"}],"author":[{"embeddable":true,"href":"https:\/\/www.ufsm.br\/pro-reitorias\/prograd\/wp-json\/wp\/v2\/users\/95"}],"replies":[{"embeddable":true,"href":"https:\/\/www.ufsm.br\/pro-reitorias\/prograd\/wp-json\/wp\/v2\/comments?post=18746"}],"version-history":[{"count":0,"href":"https:\/\/www.ufsm.br\/pro-reitorias\/prograd\/wp-json\/wp\/v2\/posts\/18746\/revisions"}],"wp:featuredmedia":[{"embeddable":true,"href":"https:\/\/www.ufsm.br\/pro-reitorias\/prograd\/wp-json\/wp\/v2\/media\/18748"}],"wp:attachment":[{"href":"https:\/\/www.ufsm.br\/pro-reitorias\/prograd\/wp-json\/wp\/v2\/media?parent=18746"}],"wp:term":[{"taxonomy":"category","embeddable":true,"href":"https:\/\/www.ufsm.br\/pro-reitorias\/prograd\/wp-json\/wp\/v2\/categories?post=18746"},{"taxonomy":"post_tag","embeddable":true,"href":"https:\/\/www.ufsm.br\/pro-reitorias\/prograd\/wp-json\/wp\/v2\/tags?post=18746"}],"curies":[{"name":"wp","href":"https:\/\/api.w.org\/{rel}","templated":true}]}}