{"id":18993,"date":"2022-03-17T17:10:16","date_gmt":"2022-03-17T20:10:16","guid":{"rendered":"https:\/\/www.ufsm.br\/pro-reitorias\/prograd\/?p=18993"},"modified":"2022-03-21T18:49:48","modified_gmt":"2022-03-21T21:49:48","slug":"ufsm-planeja-a-oferta-de-cursos-ead-uab-para-2022","status":"publish","type":"post","link":"https:\/\/www.ufsm.br\/pro-reitorias\/prograd\/2022\/03\/17\/ufsm-planeja-a-oferta-de-cursos-ead-uab-para-2022","title":{"rendered":"UFSM planeja a oferta de cursos EaD\/UAB para 2022"},"content":{"rendered":"\n<p>&nbsp;<\/p>\n<p>A Universidade Federal de Santa Maria vem participando das discuss\u00f5es interinstitucionais que buscam articular a 1\u00aa fase do Edital N\u00ba 09\/2022 da CAPES, Coordena\u00e7\u00e3o de Aperfei\u00e7oamento de Pessoal de N\u00edvel Superior. O documento refere-se \u00e0s ofertas de cursos na modalidade de<strong> Educa\u00e7\u00e3o a Dist\u00e2ncia (EaD)<\/strong>, por meio da <strong>Universidade Aberta do Brasil (UAB)<\/strong>, para o ano de 2022.<\/p>\n<p>As reuni\u00f5es envolveram diferentes institui\u00e7\u00f5es de ensino. Al\u00e9m da UFSM, participaram dos encontros on-line a Universidade Federal de Pelotas (UFPel), a Universidade Federal do Pampa (UNIPAMPA), a Universidade Estadual do Rio Grande do Sul (UERGS), a Universidade Federal do Rio Grande (FURG), a Universidade Federal do Rio Grande do Sul (UFRGS) e o Instituto Federal de Educa\u00e7\u00e3o, Ci\u00eancia e Tecnologia Sul-Rio-Grandense (IFSul), al\u00e9m de 64 polos, abrangendo munic\u00edpios de todas as regi\u00f5es do estado.<\/p>\n<p>A partir de julho de 2022 at\u00e9 julho de 2025, a CAPES fomentar\u00e1 mais de 155 mil novas vagas em cursos de gradua\u00e7\u00e3o e p\u00f3s-gradua\u00e7\u00e3o (<em>lato sensu<\/em>) nas institui\u00e7\u00f5es p\u00fablicas de ensino superior integrantes do Programa Universidade Aberta do Brasil (UAB), para abertura de turmas nos munic\u00edpios mantenedores dos Polos EaD UAB.<\/p>\n<p>Na UFSM, a articula\u00e7\u00e3o de ofertas e cursos foi coordenada pelas professoras Vanessa Ribas Fialho e Susana Cristina dos Reis, coordenadoras da UAB na institui\u00e7\u00e3o. Todo o processo contou com o acompanhamento da Professora Liziany M\u00fcller, Diretora da Coordenadoria de Tecnologia Educacional (CTE\/Prograd), e do Professor Jer\u00f4nimo Siqueira Tybusch, Pr\u00f3-reitor de Gradua\u00e7\u00e3o da UFSM.<\/p>\n<p>Para a Professora Vanessa Fialho, Coordenadora-Geral da UAB na UFSM, &#8220;um dos maiores objetivos do Sistema UAB \u00e9 contribuir com a Pol\u00edtica Nacional de Forma\u00e7\u00e3o de Professores e, em fun\u00e7\u00e3o disso, grande parte dos cursos ofertados se dedicam \u00e0 forma\u00e7\u00e3o inicial e continuada de professores da educa\u00e7\u00e3o b\u00e1sica&#8221;.<\/p>\n<p>De acordo com Vanessa, para que esse objetivo seja concretizado, as institui\u00e7\u00f5es participantes do sistema se comprometem em ampliar e interiorizar a oferta de cursos, por meio da modalidade de Educa\u00e7\u00e3o a Dist\u00e2ncia. \u201cA interioriza\u00e7\u00e3o se torna importante em um territ\u00f3rio como o do nosso pa\u00eds, quando tenta reduzir as desigualdades de acesso ao ensino superior, com a ajuda de polos de apoio presencial. A UFSM entende essa necessidade e, por isso, se esfor\u00e7a para estar presente no m\u00e1ximo de polos\u201d, salienta a professora.<\/p>\n<p>Nesta fase 1 do edital, a UFSM ter\u00e1 <strong>at\u00e9 2.160 vagas<\/strong>, sendo que 30% delas s\u00e3o vagas de especializa\u00e7\u00e3o (648 vagas) e 70% s\u00e3o de gradua\u00e7\u00e3o (1.512 vagas). A proposta apresentada pela UAB\/UFSM atende <strong>39 polos<\/strong>, com a oferta de <strong>10 diferentes cursos de gradua\u00e7\u00e3o<\/strong> e <strong>4 especializa\u00e7\u00f5es<\/strong>.<\/p>\n<p><br>Confira a lista de polos e cursos contemplados na solicita\u00e7\u00e3o da UFSM:<\/p>\n<p>&nbsp;<\/p>\n<table>\n<tbody>\n<tr>\n<td width=\"345\">\n<p><strong>Cursos de Gradua\u00e7\u00e3o EaD <\/strong>(10)<\/p>\n<\/td>\n<td width=\"345\">\n<p><strong>Cursos de Especializa\u00e7\u00e3o EaD <\/strong>(4)<\/p>\n<\/td>\n<\/tr>\n<tr>\n<td width=\"345\">\n<p>Ci\u00eancias da Religi\u00e3o<\/p>\n<\/td>\n<td width=\"345\">\n<p>Educa\u00e7\u00e3o Ambiental<\/p>\n<\/td>\n<\/tr>\n<tr>\n<td width=\"345\">\n<p>Educa\u00e7\u00e3o do Campo<\/p>\n<\/td>\n<td width=\"345\">\n<p>Gest\u00e3o Educacional<\/p>\n<\/td>\n<\/tr>\n<tr>\n<td width=\"345\">\n<p>Educa\u00e7\u00e3o Especial<\/p>\n<\/td>\n<td width=\"345\">\n<p>Ensino de Filosofia no Ensino M\u00e9dio<\/p>\n<\/td>\n<\/tr>\n<tr>\n<td width=\"345\">\n<p>F\u00edsica<\/p>\n<\/td>\n<td width=\"345\">\n<p>TIC aplicadas \u00e0 Educa\u00e7\u00e3o<\/p>\n<\/td>\n<\/tr>\n<tr>\n<td width=\"345\">\n<p>Geografia<\/p>\n<\/td>\n<td width=\"345\">\n<p>&nbsp;<\/p>\n<\/td>\n<\/tr>\n<tr>\n<td width=\"345\">\n<p>Letras Espanhol<\/p>\n<\/td>\n<td width=\"345\">\n<p>&nbsp;<\/p>\n<\/td>\n<\/tr>\n<tr>\n<td width=\"345\">\n<p>Letras Portugu\u00eas<\/p>\n<\/td>\n<td width=\"345\">\n<p>&nbsp;<\/p>\n<\/td>\n<\/tr>\n<tr>\n<td width=\"345\">\n<p>Licenciatura em Computa\u00e7\u00e3o<\/p>\n<\/td>\n<td width=\"345\">\n<p>&nbsp;<\/p>\n<\/td>\n<\/tr>\n<tr>\n<td width=\"345\">\n<p>Pedagogia<\/p>\n<\/td>\n<td width=\"345\">\n<p>&nbsp;<\/p>\n<\/td>\n<\/tr>\n<tr>\n<td width=\"345\">\n<p>PEG &#8211; Forma\u00e7\u00e3o de Professores para Educa\u00e7\u00e3o Profissional<\/p>\n<\/td>\n<td width=\"345\">\n<p>&nbsp;<\/p>\n<\/td>\n<\/tr>\n<\/tbody>\n<\/table>\n<p>&nbsp;<\/p>\n<p>&nbsp;<\/p>\n<table>\n<tbody>\n<tr>\n<td colspan=\"4\" width=\"690\">\n<p style=\"text-align: center\"><strong>Polos em que a UFSM est\u00e1 presente<\/strong> (39)<\/p>\n<\/td>\n<\/tr>\n<tr>\n<td width=\"172\">\n<p>Agudo<\/p>\n<\/td>\n<td width=\"172\">\n<p>Encantado<\/p>\n<\/td>\n<td width=\"172\">\n<p>Rio Grande<\/p>\n<\/td>\n<td width=\"172\">\n<p>Sapucaia do Sul<\/p>\n<\/td>\n<\/tr>\n<tr>\n<td width=\"172\">\n<p>Bag\u00e9<\/p>\n<\/td>\n<td width=\"172\">\n<p>Esteio<\/p>\n<\/td>\n<td width=\"172\">\n<p>Ros\u00e1rio do Sul<\/p>\n<\/td>\n<td width=\"172\">\n<p>Sarandi<\/p>\n<\/td>\n<\/tr>\n<tr>\n<td width=\"172\">\n<p>Balne\u00e1rio Pinhal<\/p>\n<\/td>\n<td width=\"172\">\n<p>Herval<\/p>\n<\/td>\n<td width=\"172\">\n<p>Santa Maria<\/p>\n<\/td>\n<td width=\"172\">\n<p>Seberi<\/p>\n<\/td>\n<\/tr>\n<tr>\n<td width=\"172\">\n<p>Cacequi<\/p>\n<\/td>\n<td width=\"172\">\n<p>Hulha Negra<\/p>\n<\/td>\n<td width=\"172\">\n<p>Santana do Livramento<\/p>\n<\/td>\n<td width=\"172\">\n<p>Serafina Corr\u00eaa<\/p>\n<\/td>\n<\/tr>\n<tr>\n<td width=\"172\">\n<p>Cachoeira do Sul<\/p>\n<\/td>\n<td width=\"172\">\n<p>Itaqui<\/p>\n<\/td>\n<td width=\"172\">\n<p>Santo Ant\u00f4nio da Patrulha<\/p>\n<\/td>\n<td width=\"172\">\n<p>Sobradinho<\/p>\n<\/td>\n<\/tr>\n<tr>\n<td width=\"172\">\n<p>Camargo<\/p>\n<\/td>\n<td width=\"172\">\n<p>Jacuizinho<\/p>\n<\/td>\n<td width=\"172\">\n<p>S\u00e3o Francisco de Paula<\/p>\n<\/td>\n<td width=\"172\">\n<p>Tr\u00eas de Maio<\/p>\n<\/td>\n<\/tr>\n<tr>\n<td width=\"172\">\n<p>Candel\u00e1ria<\/p>\n<\/td>\n<td width=\"172\">\n<p>Novo Hamburgo<\/p>\n<\/td>\n<td width=\"172\">\n<p>S\u00e3o Gabriel<\/p>\n<\/td>\n<td width=\"172\">\n<p>Tio Hugo<\/p>\n<\/td>\n<\/tr>\n<tr>\n<td width=\"172\">\n<p>Cangu\u00e7u<\/p>\n<\/td>\n<td width=\"172\">\n<p>Palmeira das Miss\u00f5es<\/p>\n<\/td>\n<td width=\"172\">\n<p>S\u00e3o Jo\u00e3o do Pol\u00easine<\/p>\n<\/td>\n<td width=\"172\">\n<p>Tr\u00eas Passos<\/p>\n<\/td>\n<\/tr>\n<tr>\n<td width=\"172\">\n<p>Constantina<\/p>\n<\/td>\n<td width=\"172\">\n<p>Panambi<\/p>\n<\/td>\n<td width=\"172\">\n<p>S\u00e3o Sep\u00e9<\/p>\n<\/td>\n<td width=\"172\">\n<p>Vila Flores<\/p>\n<\/td>\n<\/tr>\n<tr>\n<td width=\"172\">\n<p>Cruz Alta<\/p>\n<\/td>\n<td width=\"172\">\n<p>Quara\u00ed<\/p>\n<\/td>\n<td width=\"172\">\n<p>Sapiranga<\/p>\n<\/td>\n<td width=\"172\">\n<p>&nbsp;<\/p>\n<\/td>\n<\/tr>\n<\/tbody>\n<\/table>\n<p>&nbsp;<\/p>\n<p>A divulga\u00e7\u00e3o do resultado preliminar da fase 1 do Edital N\u00ba 09\/2022 da CAPES est\u00e1 prevista para o dia 23 de mar\u00e7o.<\/p>\n<p>Os cursos e polos aprovados pela CAPES ter\u00e3o ofertas em 2022\/2\u00ba semestre, em 2023 e em 2024.<\/p>\n<p>Neste momento j\u00e1 acontecem as tratativas para responder a fase 2 do Edital 09\/2022 UAB\/CAPES, que envolve a oferta de cursos dirigidos \u00e0 forma\u00e7\u00e3o e capacita\u00e7\u00e3o de agentes e servidores p\u00fablicos.<\/p>\n<p style=\"text-align: left\">Outras informa\u00e7\u00f5es sobre os cursos na modalidade Educa\u00e7\u00e3o a Dist\u00e2ncia na UFSM podem ser acessadas em <a href=\"https:\/\/www.ufsm.br\/orgaos-suplementares\/nte\/cursos-ead\/\" target=\"_blank\" rel=\"noopener\"><strong>ufsm.br\/nte<\/strong><\/a>&nbsp;ou solicitadas ao e-mail <strong><a class=\"notranslate\" href=\"mailto:secretaria@nte.ufsm.br\">secretaria@cead.ufsm.br<\/a><\/strong>.<\/p>\n<p><em>Com informa\u00e7\u00f5es da Equipe de Comunica\u00e7\u00e3o da Coordenadoria de Tecnologia Educacional (CTE\/PROGRAD)<\/em><\/p>\n","protected":false},"excerpt":{"rendered":"<p>Atrav\u00e9s dos Polos de Ensino, UFSM estar\u00e1 presente em 39 cidades do Rio Grande do Sul<\/p>\n","protected":false},"author":95,"featured_media":17222,"comment_status":"closed","ping_status":"closed","sticky":false,"template":"","format":"standard","meta":{"footnotes":""},"categories":[1],"tags":[521,81,300,642,57,49,392,47,641],"class_list":["post-18993","post","type-post","status-publish","format-standard","has-post-thumbnail","hentry","category-sem-categoria","tag-cte","tag-ead","tag-educacao-a-distancia","tag-especializacao","tag-graduacao","tag-prograd","tag-uab","tag-ufsm","tag-universidade-aberta-do-brasil"],"acf":[],"_links":{"self":[{"href":"https:\/\/www.ufsm.br\/pro-reitorias\/prograd\/wp-json\/wp\/v2\/posts\/18993","targetHints":{"allow":["GET"]}}],"collection":[{"href":"https:\/\/www.ufsm.br\/pro-reitorias\/prograd\/wp-json\/wp\/v2\/posts"}],"about":[{"href":"https:\/\/www.ufsm.br\/pro-reitorias\/prograd\/wp-json\/wp\/v2\/types\/post"}],"author":[{"embeddable":true,"href":"https:\/\/www.ufsm.br\/pro-reitorias\/prograd\/wp-json\/wp\/v2\/users\/95"}],"replies":[{"embeddable":true,"href":"https:\/\/www.ufsm.br\/pro-reitorias\/prograd\/wp-json\/wp\/v2\/comments?post=18993"}],"version-history":[{"count":0,"href":"https:\/\/www.ufsm.br\/pro-reitorias\/prograd\/wp-json\/wp\/v2\/posts\/18993\/revisions"}],"wp:featuredmedia":[{"embeddable":true,"href":"https:\/\/www.ufsm.br\/pro-reitorias\/prograd\/wp-json\/wp\/v2\/media\/17222"}],"wp:attachment":[{"href":"https:\/\/www.ufsm.br\/pro-reitorias\/prograd\/wp-json\/wp\/v2\/media?parent=18993"}],"wp:term":[{"taxonomy":"category","embeddable":true,"href":"https:\/\/www.ufsm.br\/pro-reitorias\/prograd\/wp-json\/wp\/v2\/categories?post=18993"},{"taxonomy":"post_tag","embeddable":true,"href":"https:\/\/www.ufsm.br\/pro-reitorias\/prograd\/wp-json\/wp\/v2\/tags?post=18993"}],"curies":[{"name":"wp","href":"https:\/\/api.w.org\/{rel}","templated":true}]}}