{"id":19007,"date":"2022-03-21T18:14:39","date_gmt":"2022-03-21T21:14:39","guid":{"rendered":"https:\/\/www.ufsm.br\/pro-reitorias\/prograd\/?p=19007"},"modified":"2022-04-17T11:41:57","modified_gmt":"2022-04-17T14:41:57","slug":"inscricoes-abertas-para-selecao-de-professores-bolsistas-formadores-para-o-curso-de-licenciatura-em-educacao-do-campo-ead","status":"publish","type":"post","link":"https:\/\/www.ufsm.br\/pro-reitorias\/prograd\/2022\/03\/21\/inscricoes-abertas-para-selecao-de-professores-bolsistas-formadores-para-o-curso-de-licenciatura-em-educacao-do-campo-ead","title":{"rendered":"Inscri\u00e7\u00f5es abertas para sele\u00e7\u00e3o de Professores Bolsistas Formadores para o Curso de Licenciatura em Educa\u00e7\u00e3o do Campo EaD"},"content":{"rendered":"\n<p><span style=\"font-size: revert;color: initial\">\u00a0<\/span><\/p>\n<p><span style=\"font-size: revert;color: initial\"><a href=\"https:\/\/www.ufsm.br\/app\/uploads\/sites\/342\/2022\/03\/ufsm-prograd-cte-CORRIGIDO-educacao-campo-edital-professor-formador-ead-abril2022-card.jpg\"><img fetchpriority=\"high\" decoding=\"async\" class=\"alignright wp-image-19090\" src=\"https:\/\/www.ufsm.br\/app\/uploads\/sites\/342\/2022\/03\/ufsm-prograd-cte-CORRIGIDO-educacao-campo-edital-professor-formador-ead-abril2022-card-300x300.jpg\" alt=\"\" width=\"500\" height=\"500\" srcset=\"https:\/\/www.ufsm.br\/app\/uploads\/sites\/342\/2022\/03\/ufsm-prograd-cte-CORRIGIDO-educacao-campo-edital-professor-formador-ead-abril2022-card-300x300.jpg 300w, https:\/\/www.ufsm.br\/app\/uploads\/sites\/342\/2022\/03\/ufsm-prograd-cte-CORRIGIDO-educacao-campo-edital-professor-formador-ead-abril2022-card-1024x1024.jpg 1024w, https:\/\/www.ufsm.br\/app\/uploads\/sites\/342\/2022\/03\/ufsm-prograd-cte-CORRIGIDO-educacao-campo-edital-professor-formador-ead-abril2022-card-150x150.jpg 150w, https:\/\/www.ufsm.br\/app\/uploads\/sites\/342\/2022\/03\/ufsm-prograd-cte-CORRIGIDO-educacao-campo-edital-professor-formador-ead-abril2022-card-768x768.jpg 768w, https:\/\/www.ufsm.br\/app\/uploads\/sites\/342\/2022\/03\/ufsm-prograd-cte-CORRIGIDO-educacao-campo-edital-professor-formador-ead-abril2022-card.jpg 1080w\" sizes=\"(max-width: 500px) 100vw, 500px\" \/><\/a>A Coordenadoria de Tecnologia Educacional (CTE\/PROGRAD) informa que est\u00e3o abertas, at\u00e9 o dia 14 de abril, as inscri\u00e7\u00f5es para sele\u00e7\u00e3o de professores bolsistas formadores para atuarem no Curso de Licenciatura em Educa\u00e7\u00e3o do Campo (EaD), ofertado pela UFSM no \u00e2mbito da UAB.<\/span><\/p>\n<p>O Professor Formador \u00e9 o respons\u00e1vel pela disciplina do curso, e deve estar \u00e0 disposi\u00e7\u00e3o para esclarecimento de d\u00favidas dos estudantes e\/ou tutores a partir de cronograma estabelecido junto a cada docente.<\/p>\n<p>Para atuar como Professor Formador, o candidato deve atender aos seguintes requisitos:<\/p>\n<p>&#8211; Possuir a forma\u00e7\u00e3o exigida na \u00e1rea a que se candidata, sendo aceitos apenas diplomas reconhecidos pelo MEC ou pelo Conselho Estadual de Educa\u00e7\u00e3o &#8211; CEE.<\/p>\n<p>&#8211; Ter experi\u00eancia comprovada como professor. 3 anos de experi\u00eancia no ensino superior presencial e\/ou a dist\u00e2ncia; ou 1 ano de experi\u00eancia no ensino superior presencial e\/ou a dist\u00e2ncia, e mais a exig\u00eancia de forma\u00e7\u00e3o m\u00ednima em n\u00edvel de mestrado;<\/p>\n<p>&#8211; Ter disponibilidade de, no m\u00ednimo, 20 horas semanais para desenvolver atividades relativas ao trabalho.<\/p>\n<p>&#8211; N\u00e3o ser aluno vinculado a curso de gradua\u00e7\u00e3o ou de p\u00f3s-gradua\u00e7\u00e3o do Sistema UAB &#8211; Universidade Aberta do Brasil da mesma \u00e1rea de conhecimento para a qual pleiteia a vaga de professor.<\/p>\n<p>As inscri\u00e7\u00f5es podem ser feitas no per\u00edodo de 14\/03\/2022<strong> at\u00e9 14\/04\/2022<\/strong>. O resultado final ser\u00e1 divulgado no dia 11\/05\/22.<\/p>\n<p>Para mais informa\u00e7\u00f5es, acesse o edital de abertura de inscri\u00e7\u00f5es no site <a href=\"https:\/\/processoseletivo.nte.ufsm.br\/edital\/37-prof-formador-2022-educacao-do-campo\" target=\"_blank\" rel=\"noopener\"><strong>processoseletivo.nte.ufsm.br<\/strong><\/a> .<\/p>\n<p>Outras informa\u00e7\u00f5es podem ser solicitadas ao email <a href=\"mailto:coordenacaouab@nte.ufsm.br\"><strong>coordenacaouab@nte.ufsm.br<\/strong><\/a>.<\/p>\n<p><em>Fonte: Equipe de Comunica\u00e7\u00e3o da Coordenadoria de Tecnologia Educacional (CTE\/PROGRAD)<\/em><\/p>\n","protected":false},"excerpt":{"rendered":"<p>\u00a0 A Coordenadoria de Tecnologia Educacional (CTE\/PROGRAD) informa que est\u00e3o abertas, at\u00e9 o dia 14 de abril, as inscri\u00e7\u00f5es para sele\u00e7\u00e3o de professores bolsistas formadores para atuarem no Curso de Licenciatura em Educa\u00e7\u00e3o do Campo (EaD), ofertado pela UFSM no \u00e2mbito da UAB. O Professor Formador \u00e9 o respons\u00e1vel pela disciplina do curso, e deve [&hellip;]<\/p>\n","protected":false},"author":95,"featured_media":19009,"comment_status":"closed","ping_status":"closed","sticky":false,"template":"","format":"standard","meta":{"footnotes":""},"categories":[1],"tags":[81,489,57,49,47],"class_list":["post-19007","post","type-post","status-publish","format-standard","has-post-thumbnail","hentry","category-sem-categoria","tag-ead","tag-educacao-do-campo","tag-graduacao","tag-prograd","tag-ufsm"],"acf":[],"_links":{"self":[{"href":"https:\/\/www.ufsm.br\/pro-reitorias\/prograd\/wp-json\/wp\/v2\/posts\/19007","targetHints":{"allow":["GET"]}}],"collection":[{"href":"https:\/\/www.ufsm.br\/pro-reitorias\/prograd\/wp-json\/wp\/v2\/posts"}],"about":[{"href":"https:\/\/www.ufsm.br\/pro-reitorias\/prograd\/wp-json\/wp\/v2\/types\/post"}],"author":[{"embeddable":true,"href":"https:\/\/www.ufsm.br\/pro-reitorias\/prograd\/wp-json\/wp\/v2\/users\/95"}],"replies":[{"embeddable":true,"href":"https:\/\/www.ufsm.br\/pro-reitorias\/prograd\/wp-json\/wp\/v2\/comments?post=19007"}],"version-history":[{"count":0,"href":"https:\/\/www.ufsm.br\/pro-reitorias\/prograd\/wp-json\/wp\/v2\/posts\/19007\/revisions"}],"wp:featuredmedia":[{"embeddable":true,"href":"https:\/\/www.ufsm.br\/pro-reitorias\/prograd\/wp-json\/wp\/v2\/media\/19009"}],"wp:attachment":[{"href":"https:\/\/www.ufsm.br\/pro-reitorias\/prograd\/wp-json\/wp\/v2\/media?parent=19007"}],"wp:term":[{"taxonomy":"category","embeddable":true,"href":"https:\/\/www.ufsm.br\/pro-reitorias\/prograd\/wp-json\/wp\/v2\/categories?post=19007"},{"taxonomy":"post_tag","embeddable":true,"href":"https:\/\/www.ufsm.br\/pro-reitorias\/prograd\/wp-json\/wp\/v2\/tags?post=19007"}],"curies":[{"name":"wp","href":"https:\/\/api.w.org\/{rel}","templated":true}]}}