{"id":19092,"date":"2022-04-13T13:28:27","date_gmt":"2022-04-13T16:28:27","guid":{"rendered":"https:\/\/www.ufsm.br\/pro-reitorias\/prograd\/?p=19092"},"modified":"2022-05-11T14:26:10","modified_gmt":"2022-05-11T17:26:10","slug":"ufsm-promove-formacao-sobre-bem-estar-na-atuacao-docente","status":"publish","type":"post","link":"https:\/\/www.ufsm.br\/pro-reitorias\/prograd\/2022\/04\/13\/ufsm-promove-formacao-sobre-bem-estar-na-atuacao-docente","title":{"rendered":"UFSM promove forma\u00e7\u00e3o sobre bem-estar na atua\u00e7\u00e3o docente"},"content":{"rendered":"\n<p>\u00a0<\/p>\n<p><a href=\"https:\/\/www.ufsm.br\/app\/uploads\/sites\/342\/2022\/04\/ufsm-prograd-ned-progep-bem-estar-docente-28-04-CARD.jpg\"><img fetchpriority=\"high\" decoding=\"async\" class=\"alignleft wp-image-19093\" src=\"https:\/\/www.ufsm.br\/app\/uploads\/sites\/342\/2022\/04\/ufsm-prograd-ned-progep-bem-estar-docente-28-04-CARD-300x300.jpg\" alt=\"\" width=\"500\" height=\"500\" srcset=\"https:\/\/www.ufsm.br\/app\/uploads\/sites\/342\/2022\/04\/ufsm-prograd-ned-progep-bem-estar-docente-28-04-CARD-300x300.jpg 300w, https:\/\/www.ufsm.br\/app\/uploads\/sites\/342\/2022\/04\/ufsm-prograd-ned-progep-bem-estar-docente-28-04-CARD-150x150.jpg 150w, https:\/\/www.ufsm.br\/app\/uploads\/sites\/342\/2022\/04\/ufsm-prograd-ned-progep-bem-estar-docente-28-04-CARD.jpg 756w\" sizes=\"(max-width: 500px) 100vw, 500px\" \/><\/a>A Universidade Federal de Santa Maria, atrav\u00e9s das Pr\u00f3-Reitorias de Gradua\u00e7\u00e3o (Prograd) e de Gest\u00e3o de Pessoas (Progep), informa que est\u00e3o abertas as inscri\u00e7\u00f5es para a forma\u00e7\u00e3o &#8220;<strong>Bem-estar na atua\u00e7\u00e3o docente<\/strong>&#8220;.<\/p>\n<p>A iniciativa tem como objetivo fomentar as discuss\u00f5es a respeito do bem-estar no trabalho de professoras e professores da institui\u00e7\u00e3o, instrumentalizando servidores(as) docentes no reconhecimento das principais causas de sofrimento e de sentimento de mal-estar na doc\u00eancia universit\u00e1ria. Os instrutores ser\u00e3o <strong>Dejalma Cremonese, Leonice Mourad e Vitor Crestani Calegaro<\/strong>.<\/p>\n<p>A capacita\u00e7\u00e3o ser\u00e1 realizada na modalidade semipresencial, no per\u00edodo de <strong>02 a 22 de maio<\/strong>, contemplando 21 horas. A forma\u00e7\u00e3o ser\u00e1 desenvolvida no Ambiente Virtual de Ensino e Aprendizagem Moodle e contar\u00e1 com 5 encontros s\u00edncronos, sendo que cada cursista poder\u00e1 optar pela participa\u00e7\u00e3o presencial ou via Google Meet.<\/p>\n<p>Os encontros ocorrer\u00e3o nos dias 02, 04, 11, 18 e 19 de maio, das 18 \u00e0s 19 horas, pelo Google Meet, ou no Audit\u00f3rio da Coordenadoria de A\u00e7\u00f5es Educacionais (CAEd), que fica no <a href=\"https:\/\/www.google.com\/maps\/@-29.716754,-53.7184366,3a,75y,275.08h,90t\/data=!3m7!1e1!3m5!1sd0SweqFr8IMpgKKVyolWFA!2e0!6shttps:%2F%2Fstreetviewpixels-pa.googleapis.com%2Fv1%2Fthumbnail%3Fpanoid%3Dd0SweqFr8IMpgKKVyolWFA%26cb_client%3Dsearch.revgeo_and_fetch.gps%26w%3D96%26h%3D64%26yaw%3D275.08344%26pitch%3D0%26thumbfov%3D100!7i13312!8i6656\" target=\"_blank\" rel=\"noopener\"><strong>pr\u00e9dio 67 do Campus Sede<\/strong><\/a>, pr\u00f3ximo ao Pr\u00e9dio 21.<\/p>\n<p>A forma\u00e7\u00e3o busca construir estrat\u00e9gias (individuais e coletivas) para o enfrentamento do mal-estar e do adoecimento ps\u00edquico, informando sobre as redes de apoio e sobre os fluxos institucionais existentes que colaboram na promo\u00e7\u00e3o do bem-estar docente.<\/p>\n<p><strong>As inscri\u00e7\u00f5es se encerram no dia 28 de abril<\/strong> e devem ser realizadas em <a href=\"https:\/\/portal.ufsm.br\/capacitacao\/inscricao\/inscricoesAbertas.html\" target=\"_blank\" rel=\"noopener\"><strong>portal.ufsm.br\/capacitacao<\/strong><\/a> .<\/p>\n<p>Outras informa\u00e7\u00f5es podem ser obtidas com o N\u00facleo de Educa\u00e7\u00e3o e Desenvolvimento, no e-mail <a href=\"mailto:ned@ufsm.br\"><strong>ned@ufsm.br<\/strong><\/a>.<\/p>\n<p><em>Fonte: NED\/Progep<\/em><\/p>\n","protected":false},"excerpt":{"rendered":"<p>As inscri\u00e7\u00f5es seguem at\u00e9 o dia 28 de abril no Portal de Capacita\u00e7\u00e3o<\/p>\n","protected":false},"author":95,"featured_media":19094,"comment_status":"closed","ping_status":"closed","sticky":false,"template":"","format":"standard","meta":{"footnotes":""},"categories":[1],"tags":[360,342,49,294,47],"class_list":["post-19092","post","type-post","status-publish","format-standard","has-post-thumbnail","hentry","category-sem-categoria","tag-noticias-para-servidores","tag-progep","tag-prograd","tag-saude-mental","tag-ufsm"],"acf":[],"_links":{"self":[{"href":"https:\/\/www.ufsm.br\/pro-reitorias\/prograd\/wp-json\/wp\/v2\/posts\/19092","targetHints":{"allow":["GET"]}}],"collection":[{"href":"https:\/\/www.ufsm.br\/pro-reitorias\/prograd\/wp-json\/wp\/v2\/posts"}],"about":[{"href":"https:\/\/www.ufsm.br\/pro-reitorias\/prograd\/wp-json\/wp\/v2\/types\/post"}],"author":[{"embeddable":true,"href":"https:\/\/www.ufsm.br\/pro-reitorias\/prograd\/wp-json\/wp\/v2\/users\/95"}],"replies":[{"embeddable":true,"href":"https:\/\/www.ufsm.br\/pro-reitorias\/prograd\/wp-json\/wp\/v2\/comments?post=19092"}],"version-history":[{"count":0,"href":"https:\/\/www.ufsm.br\/pro-reitorias\/prograd\/wp-json\/wp\/v2\/posts\/19092\/revisions"}],"wp:featuredmedia":[{"embeddable":true,"href":"https:\/\/www.ufsm.br\/pro-reitorias\/prograd\/wp-json\/wp\/v2\/media\/19094"}],"wp:attachment":[{"href":"https:\/\/www.ufsm.br\/pro-reitorias\/prograd\/wp-json\/wp\/v2\/media?parent=19092"}],"wp:term":[{"taxonomy":"category","embeddable":true,"href":"https:\/\/www.ufsm.br\/pro-reitorias\/prograd\/wp-json\/wp\/v2\/categories?post=19092"},{"taxonomy":"post_tag","embeddable":true,"href":"https:\/\/www.ufsm.br\/pro-reitorias\/prograd\/wp-json\/wp\/v2\/tags?post=19092"}],"curies":[{"name":"wp","href":"https:\/\/api.w.org\/{rel}","templated":true}]}}