{"id":19117,"date":"2022-04-18T16:16:36","date_gmt":"2022-04-18T19:16:36","guid":{"rendered":"https:\/\/www.ufsm.br\/pro-reitorias\/prograd\/?p=19117"},"modified":"2022-04-27T12:12:33","modified_gmt":"2022-04-27T15:12:33","slug":"prograd-da-inicio-ao-seminario-de-regulacao-e-planejamento-academico","status":"publish","type":"post","link":"https:\/\/www.ufsm.br\/pro-reitorias\/prograd\/2022\/04\/18\/prograd-da-inicio-ao-seminario-de-regulacao-e-planejamento-academico","title":{"rendered":"Prograd d\u00e1 in\u00edcio ao Semin\u00e1rio de Regula\u00e7\u00e3o e Planejamento Acad\u00eamico"},"content":{"rendered":"\n<p>\u00a0<\/p>\n<p><a href=\"https:\/\/www.ufsm.br\/app\/uploads\/sites\/342\/2022\/04\/Seminario_Regulacao_Entidades_Sindicais_e_Estudantis_20_4_card.jpeg\"><img fetchpriority=\"high\" decoding=\"async\" class=\"alignright wp-image-19118\" src=\"https:\/\/www.ufsm.br\/app\/uploads\/sites\/342\/2022\/04\/Seminario_Regulacao_Entidades_Sindicais_e_Estudantis_20_4_card-300x300.jpeg\" alt=\"\" width=\"400\" height=\"400\" srcset=\"https:\/\/www.ufsm.br\/app\/uploads\/sites\/342\/2022\/04\/Seminario_Regulacao_Entidades_Sindicais_e_Estudantis_20_4_card-300x300.jpeg 300w, https:\/\/www.ufsm.br\/app\/uploads\/sites\/342\/2022\/04\/Seminario_Regulacao_Entidades_Sindicais_e_Estudantis_20_4_card-1024x1024.jpeg 1024w, https:\/\/www.ufsm.br\/app\/uploads\/sites\/342\/2022\/04\/Seminario_Regulacao_Entidades_Sindicais_e_Estudantis_20_4_card-150x150.jpeg 150w, https:\/\/www.ufsm.br\/app\/uploads\/sites\/342\/2022\/04\/Seminario_Regulacao_Entidades_Sindicais_e_Estudantis_20_4_card-768x768.jpeg 768w, https:\/\/www.ufsm.br\/app\/uploads\/sites\/342\/2022\/04\/Seminario_Regulacao_Entidades_Sindicais_e_Estudantis_20_4_card.jpeg 1080w\" sizes=\"(max-width: 400px) 100vw, 400px\" \/><\/a>A Pr\u00f3-reitoria de Gradua\u00e7\u00e3o (Prograd) realizar\u00e1, na pr\u00f3xima <strong>quarta-feira (20\/4), \u00e0s 16 horas<\/strong>, o primeiro encontro do <a href=\"https:\/\/www.ufsm.br\/pro-reitorias\/prograd\/2022\/03\/15\/seminario-de-regulacao-e-planejamento-academico-vai-debater-aspectos-da-graduacao-na-ufsm\/\" target=\"_blank\" rel=\"noopener\"><strong>Semin\u00e1rio de Regula\u00e7\u00e3o e Planejamento Acad\u00eamico<\/strong><\/a>. A <a href=\"https:\/\/meet.google.com\/zbq-uubn-oas\" target=\"_blank\" rel=\"noopener\"><strong>reuni\u00e3o virtual<\/strong><\/a> contar\u00e1 com representantes do <strong>Diret\u00f3rio Central das e dos Estudantes (DCE)<\/strong>, al\u00e9m de coordenadoras e coordenadores das <strong>entidades sindicais<\/strong> ligadas \u00e0 Universidade.<\/p>\n<p>O evento busca debater, junto a acad\u00eamicos(as), comunidade em geral e gestores(as) dos <em>campi<\/em> e unidades de ensino da institui\u00e7\u00e3o, aspectos relativos \u00e0 gradua\u00e7\u00e3o na UFSM.<\/p>\n<p>Entre os pontos a serem abordados est\u00e3o as condi\u00e7\u00f5es para ingresso, perman\u00eancia e diploma\u00e7\u00e3o dos(as) estudantes.\u00a0Tamb\u00e9m estar\u00e3o na pauta as condi\u00e7\u00f5es laborais de servidores(as) docentes e t\u00e9cnico-administrativos(as) da UFSM, principalmente daqueles(as) que atuam diretamente com os cursos de gradua\u00e7\u00e3o.<\/p>\n<p>O <a href=\"https:\/\/www.ufsm.br\/pro-reitorias\/prograd\/2022\/03\/15\/seminario-de-regulacao-e-planejamento-academico-vai-debater-aspectos-da-graduacao-na-ufsm\/\" target=\"_blank\" rel=\"noopener\"><strong>cronograma<\/strong> <\/a>do Semin\u00e1rio de Regula\u00e7\u00e3o e Planejamento Acad\u00eamico se estende por todo o semestre letivo. Outras informa\u00e7\u00f5es podem ser obtidas pelo email <a href=\"mailto:prograd@ufsm.br\"><strong>prograd@ufsm.br<\/strong><\/a>.<\/p>\n","protected":false},"excerpt":{"rendered":"<p>Primeira reuni\u00e3o acontecer\u00e1 no dia 20\/4, com representantes sindicais e estudantis da institui\u00e7\u00e3o<\/p>\n","protected":false},"author":95,"featured_media":18969,"comment_status":"closed","ping_status":"closed","sticky":false,"template":"","format":"standard","meta":{"footnotes":""},"categories":[1],"tags":[654,651,467,57,49,653,650,652,47],"class_list":["post-19117","post","type-post","status-publish","format-standard","has-post-thumbnail","hentry","category-sem-categoria","tag-assufsm","tag-atens","tag-dce","tag-graduacao","tag-prograd","tag-sedufsm","tag-seminario-de-regulacao-e-planejamento-academico","tag-sinasefe","tag-ufsm"],"acf":[],"_links":{"self":[{"href":"https:\/\/www.ufsm.br\/pro-reitorias\/prograd\/wp-json\/wp\/v2\/posts\/19117","targetHints":{"allow":["GET"]}}],"collection":[{"href":"https:\/\/www.ufsm.br\/pro-reitorias\/prograd\/wp-json\/wp\/v2\/posts"}],"about":[{"href":"https:\/\/www.ufsm.br\/pro-reitorias\/prograd\/wp-json\/wp\/v2\/types\/post"}],"author":[{"embeddable":true,"href":"https:\/\/www.ufsm.br\/pro-reitorias\/prograd\/wp-json\/wp\/v2\/users\/95"}],"replies":[{"embeddable":true,"href":"https:\/\/www.ufsm.br\/pro-reitorias\/prograd\/wp-json\/wp\/v2\/comments?post=19117"}],"version-history":[{"count":0,"href":"https:\/\/www.ufsm.br\/pro-reitorias\/prograd\/wp-json\/wp\/v2\/posts\/19117\/revisions"}],"wp:featuredmedia":[{"embeddable":true,"href":"https:\/\/www.ufsm.br\/pro-reitorias\/prograd\/wp-json\/wp\/v2\/media\/18969"}],"wp:attachment":[{"href":"https:\/\/www.ufsm.br\/pro-reitorias\/prograd\/wp-json\/wp\/v2\/media?parent=19117"}],"wp:term":[{"taxonomy":"category","embeddable":true,"href":"https:\/\/www.ufsm.br\/pro-reitorias\/prograd\/wp-json\/wp\/v2\/categories?post=19117"},{"taxonomy":"post_tag","embeddable":true,"href":"https:\/\/www.ufsm.br\/pro-reitorias\/prograd\/wp-json\/wp\/v2\/tags?post=19117"}],"curies":[{"name":"wp","href":"https:\/\/api.w.org\/{rel}","templated":true}]}}