{"id":19249,"date":"2022-05-25T18:32:41","date_gmt":"2022-05-25T21:32:41","guid":{"rendered":"https:\/\/www.ufsm.br\/pro-reitorias\/prograd\/?p=19249"},"modified":"2022-06-27T08:17:04","modified_gmt":"2022-06-27T11:17:04","slug":"processo-seletivo-para-assistente-a-docencia-nos-polos-do-sistema-uab-capes-ufsm-inscreve-ate-22-6","status":"publish","type":"post","link":"https:\/\/www.ufsm.br\/pro-reitorias\/prograd\/2022\/05\/25\/processo-seletivo-para-assistente-a-docencia-nos-polos-do-sistema-uab-capes-ufsm-inscreve-ate-22-6","title":{"rendered":"Processo Seletivo para Assistente a Doc\u00eancia nos Polos do Sistema UAB\/CAPES\/UFSM inscreve at\u00e9 22\/6"},"content":{"rendered":"\n<div>\n<p>\u00a0<\/p>\n<p><a href=\"https:\/\/www.ufsm.br\/app\/uploads\/sites\/342\/2022\/05\/UFSM-Prograd_CTE-Assistente_a_Docencia_22_junho_2022_CARD.jpeg\"><img fetchpriority=\"high\" decoding=\"async\" class=\"alignleft wp-image-19255\" src=\"https:\/\/www.ufsm.br\/app\/uploads\/sites\/342\/2022\/05\/UFSM-Prograd_CTE-Assistente_a_Docencia_22_junho_2022_CARD-300x300.jpeg\" alt=\"\" width=\"500\" height=\"500\" srcset=\"https:\/\/www.ufsm.br\/app\/uploads\/sites\/342\/2022\/05\/UFSM-Prograd_CTE-Assistente_a_Docencia_22_junho_2022_CARD-300x300.jpeg 300w, https:\/\/www.ufsm.br\/app\/uploads\/sites\/342\/2022\/05\/UFSM-Prograd_CTE-Assistente_a_Docencia_22_junho_2022_CARD-1024x1024.jpeg 1024w, https:\/\/www.ufsm.br\/app\/uploads\/sites\/342\/2022\/05\/UFSM-Prograd_CTE-Assistente_a_Docencia_22_junho_2022_CARD-150x150.jpeg 150w, https:\/\/www.ufsm.br\/app\/uploads\/sites\/342\/2022\/05\/UFSM-Prograd_CTE-Assistente_a_Docencia_22_junho_2022_CARD-768x768.jpeg 768w, https:\/\/www.ufsm.br\/app\/uploads\/sites\/342\/2022\/05\/UFSM-Prograd_CTE-Assistente_a_Docencia_22_junho_2022_CARD.jpeg 1080w\" sizes=\"(max-width: 500px) 100vw, 500px\" \/><\/a>Est\u00e3o abertas, at\u00e9 o dia<strong> 22 de junho<\/strong>, as inscri\u00e7\u00f5es para o <a href=\"https:\/\/processoseletivo.nte.ufsm.br\/edital\/40-assistente-docencia\" target=\"_blank\" rel=\"noopener\"><strong>Processo Seletivo para Assistente a Doc\u00eancia<\/strong><\/a> nos Polos de Apoio Presencial no Sistema da Universidade Aberta do Brasil \u2013 UAB\/CAPES\/UFSM.\u00a0\u00a0<\/p>\n<div>\u00a0Requisitos:\u00a0<\/div>\n<div>\u2013 Ser portador(a) de diploma de gradua\u00e7\u00e3o, reconhecido pelo Minist\u00e9rio da Educa\u00e7\u00e3o;\u00a0<\/div>\n<div>\u2013 Possuir experi\u00eancia profissional em Educa\u00e7\u00e3o a Dist\u00e2ncia (EaD);<\/div>\n<div>\u2013 Ter experi\u00eancia m\u00ednima de 01 ano no magist\u00e9rio na educa\u00e7\u00e3o b\u00e1sica ou superior;\u00a0<\/div>\n<div>\u2013 Ter disponibilidade para cumprir sua carga hor\u00e1ria de atividades presenciais no polo para o qual pleiteia a vaga. Em caso da necessidade de deslocamentos ao polo, os custos dever\u00e3o ser arcados pelo(a) assistente selecionado(a);<\/div>\n<div>\u2013 Destinar, diariamente, no m\u00ednimo 1\u00a0 turno de atividades pedag\u00f3gicas no polo, priorizando os hor\u00e1rios de maior fluxo de alunos, com carga hor\u00e1ria m\u00ednima de 20 horas semanais.\u00a0\u00a0<\/div>\n<div>\u00a0<\/div>\n<div>O(a) Assistente \u00e0 Doc\u00eancia \u00e9 um(a) profissional graduado(a) que atuar\u00e1 no polo de Educa\u00e7\u00e3o a Dist\u00e2ncia do Sistema UAB junto ao coordenador do respectivo polo, com o objetivo de apoiar as atividades de ensino, dar suporte no acolhimento e manuten\u00e7\u00e3o dos alunos, assegurar o atendimento aos estudantes e auxiliar no esclarecimento de d\u00favidas, com o intuito de reduzir a evas\u00e3o dos cursos a dist\u00e2ncia ofertados pelo Sistema UAB, participando tamb\u00e9m de outras atividades essenciais para o bom andamento do curso.\u00a0\u00a0<\/div>\n<div>\u00a0<\/div>\n<div>Ser\u00e3o classificados <strong>at\u00e9 10 candidatos por polo<\/strong>.<\/div>\n<div>\u00a0<\/div>\n<div>\n<div>A inscri\u00e7\u00e3o deve ser feita de maneira on-line pelo site <a href=\"https:\/\/processoseletivo.nte.ufsm.br\/edital\/40-assistente-docencia\" target=\"_blank\" rel=\"noopener\"><strong>processoseletivo.nte.ufsm.br<\/strong><\/a>, o qual traz o Edital 024\/2022 com orienta\u00e7\u00f5es e um <strong><a href=\"https:\/\/ntetube.nte.ufsm.br\/v\/1653069979\" target=\"_blank\" rel=\"noopener\">Tutorial para Realiza\u00e7\u00e3o da Inscri\u00e7\u00e3o<\/a><\/strong>.<\/div>\n<div>\u00a0<\/div>\n<div>Outras informa\u00e7\u00f5es podem ser obtidas pelo e-mail <strong><a class=\"notranslate\" href=\"mailto:processoseletivo@cead.ufsm.br\" target=\"_blank\" rel=\"noopener\">processoseletivo@cead.ufsm.br<\/a><\/strong>.\u00a0 \u00a0<\/div>\n<div>\u00a0<\/div>\n<\/div>\n<\/div>\n<div>\u00a0<\/div>\n<div><em>Fonte: CTE\/Prograd<\/em><\/div>\n","protected":false},"excerpt":{"rendered":"<p>\u00a0 Est\u00e3o abertas, at\u00e9 o dia 22 de junho, as inscri\u00e7\u00f5es para o Processo Seletivo para Assistente a Doc\u00eancia nos Polos de Apoio Presencial no Sistema da Universidade Aberta do Brasil \u2013 UAB\/CAPES\/UFSM.\u00a0\u00a0 \u00a0Requisitos:\u00a0 \u2013 Ser portador(a) de diploma de gradua\u00e7\u00e3o, reconhecido pelo Minist\u00e9rio da Educa\u00e7\u00e3o;\u00a0 \u2013 Possuir experi\u00eancia profissional em Educa\u00e7\u00e3o a Dist\u00e2ncia (EaD); [&hellip;]<\/p>\n","protected":false},"author":95,"featured_media":19254,"comment_status":"closed","ping_status":"closed","sticky":false,"template":"","format":"standard","meta":{"footnotes":""},"categories":[1],"tags":[661,81,300,57,49,47],"class_list":["post-19249","post","type-post","status-publish","format-standard","has-post-thumbnail","hentry","category-sem-categoria","tag-cte-coordenadoria-de-tecnologia-educacional","tag-ead","tag-educacao-a-distancia","tag-graduacao","tag-prograd","tag-ufsm"],"acf":[],"_links":{"self":[{"href":"https:\/\/www.ufsm.br\/pro-reitorias\/prograd\/wp-json\/wp\/v2\/posts\/19249","targetHints":{"allow":["GET"]}}],"collection":[{"href":"https:\/\/www.ufsm.br\/pro-reitorias\/prograd\/wp-json\/wp\/v2\/posts"}],"about":[{"href":"https:\/\/www.ufsm.br\/pro-reitorias\/prograd\/wp-json\/wp\/v2\/types\/post"}],"author":[{"embeddable":true,"href":"https:\/\/www.ufsm.br\/pro-reitorias\/prograd\/wp-json\/wp\/v2\/users\/95"}],"replies":[{"embeddable":true,"href":"https:\/\/www.ufsm.br\/pro-reitorias\/prograd\/wp-json\/wp\/v2\/comments?post=19249"}],"version-history":[{"count":0,"href":"https:\/\/www.ufsm.br\/pro-reitorias\/prograd\/wp-json\/wp\/v2\/posts\/19249\/revisions"}],"wp:featuredmedia":[{"embeddable":true,"href":"https:\/\/www.ufsm.br\/pro-reitorias\/prograd\/wp-json\/wp\/v2\/media\/19254"}],"wp:attachment":[{"href":"https:\/\/www.ufsm.br\/pro-reitorias\/prograd\/wp-json\/wp\/v2\/media?parent=19249"}],"wp:term":[{"taxonomy":"category","embeddable":true,"href":"https:\/\/www.ufsm.br\/pro-reitorias\/prograd\/wp-json\/wp\/v2\/categories?post=19249"},{"taxonomy":"post_tag","embeddable":true,"href":"https:\/\/www.ufsm.br\/pro-reitorias\/prograd\/wp-json\/wp\/v2\/tags?post=19249"}],"curies":[{"name":"wp","href":"https:\/\/api.w.org\/{rel}","templated":true}]}}