{"id":19384,"date":"2022-07-19T16:27:34","date_gmt":"2022-07-19T19:27:34","guid":{"rendered":"https:\/\/www.ufsm.br\/pro-reitorias\/prograd\/?p=19384"},"modified":"2022-07-19T17:36:52","modified_gmt":"2022-07-19T20:36:52","slug":"ufsm-promove-a-roda-de-conversa-sindrome-do-pensamento-acelerado-dia-22-7","status":"publish","type":"post","link":"https:\/\/www.ufsm.br\/pro-reitorias\/prograd\/2022\/07\/19\/ufsm-promove-a-roda-de-conversa-sindrome-do-pensamento-acelerado-dia-22-7","title":{"rendered":"UFSM promove a roda de conversa \u201cS\u00edndrome do Pensamento Acelerado\u201d dia 22\/7"},"content":{"rendered":"\n<p><a href=\"https:\/\/www.ufsm.br\/app\/uploads\/sites\/342\/2022\/07\/UFSM_Prograd_palestra_Sindrome_pensamento_acelerado_caed_jul_2022_CARD.jpg\"><img fetchpriority=\"high\" decoding=\"async\" class=\"alignright wp-image-19385\" src=\"https:\/\/www.ufsm.br\/app\/uploads\/sites\/342\/2022\/07\/UFSM_Prograd_palestra_Sindrome_pensamento_acelerado_caed_jul_2022_CARD-300x300.jpg\" alt=\"\" width=\"600\" height=\"600\" srcset=\"https:\/\/www.ufsm.br\/app\/uploads\/sites\/342\/2022\/07\/UFSM_Prograd_palestra_Sindrome_pensamento_acelerado_caed_jul_2022_CARD-300x300.jpg 300w, https:\/\/www.ufsm.br\/app\/uploads\/sites\/342\/2022\/07\/UFSM_Prograd_palestra_Sindrome_pensamento_acelerado_caed_jul_2022_CARD-150x150.jpg 150w, https:\/\/www.ufsm.br\/app\/uploads\/sites\/342\/2022\/07\/UFSM_Prograd_palestra_Sindrome_pensamento_acelerado_caed_jul_2022_CARD-768x768.jpg 768w, https:\/\/www.ufsm.br\/app\/uploads\/sites\/342\/2022\/07\/UFSM_Prograd_palestra_Sindrome_pensamento_acelerado_caed_jul_2022_CARD.jpg 1024w\" sizes=\"(max-width: 600px) 100vw, 600px\" \/><\/a>A\u00a0<strong>S\u00edndrome do Pensamento Acelerado<\/strong>, apesar de ainda n\u00e3o constar nos manuais m\u00e9dicos de diagn\u00f3stico enquanto doen\u00e7a, re\u00fane uma s\u00e9rie de sinais e sintomas que s\u00e3o bastante comuns atualmente, atingindo pessoas de diferentes idades, g\u00eaneros, etnias e ocupa\u00e7\u00f5es.<\/p>\n<p><strong>Ansiedade, dificuldade de planejamento e execu\u00e7\u00e3o de tarefas, altera\u00e7\u00f5es bruscas de humor, lapsos de mem\u00f3ria, dificuldade de racioc\u00ednio l\u00f3gico, de tomadas de decis\u00e3o e de express\u00e3o oral e\/ou escrita<\/strong>\u00a0s\u00e3o suas caracter\u00edsticas mais comuns.<\/p>\n<p>Estes sintomas podem estar associados ou desencadear outros estados ps\u00edquicos, como\u00a0<strong>depress\u00e3o, bipolaridade, transtorno de d\u00e9ficit de aten\u00e7\u00e3o e hiperatividade (TDAH) e transtorno obsessivo-compulsivo (TOC)<\/strong>, a serem diagnosticados por profissionais de sa\u00fade mental.<\/p>\n<p>Como uma bola de neve, a s\u00edndrome pode agravar estados de procrastina\u00e7\u00e3o, perfeccionismo, ins\u00f4nia ou sonol\u00eancia excessiva, afetando a\u00a0<strong>produtividade<\/strong>\u00a0das pessoas, sua\u00a0<strong>autoestima<\/strong>\u00a0e seus\u00a0<strong>relacionamentos interpessoais<\/strong>\u00a0na fam\u00edlia, com os amigos, no estudo e no trabalho.<\/p>\n<p>Foi pensando na relev\u00e2ncia deste tema na atualidade, com foco na sa\u00fade biopsicossocial dos(as) estudantes e servidores(as) da UFSM, que a Subdivis\u00e3o de Apoio \u00e0 Aprendizagem da Coordenadoria de A\u00e7\u00f5es Educacionais (CAEd-Prograd) divulga a abertura de inscri\u00e7\u00f5es para a\u00a0<strong>Roda de Conversa \u201cS\u00edndrome do Pensamento Acelerado\u201d<\/strong>.<\/p>\n<p>O evento, via Google Meet, acontecer\u00e1 no\u00a0<strong>dia 22 de julho, sexta-feira, das 10 \u00e0s 12 horas.<\/strong><\/p>\n<p>As inscri\u00e7\u00f5es gratuitas s\u00e3o abertas a todas as pessoas interessadas, e devem ser feitas at\u00e9 21\/7 atrav\u00e9s deste <a href=\"https:\/\/docs.google.com\/forms\/d\/e\/1FAIpQLScZqcxID4fTSVSN3HQDR6Ix7UbodIHeK7DbrHVzjAwDK2G_Sg\/viewform\" target=\"_blank\" rel=\"noopener\"><strong>FORMUL\u00c1RIO<\/strong><\/a>.\u00a0\u00a0<\/p>\n<p>Os ministrantes da roda de conversa ser\u00e3o os psic\u00f3logos\u00a0<strong>Gabriele Marchionatti Fontoura e Marcelo Noal<\/strong>.<\/p>\n<p>Outras informa\u00e7\u00f5es podem ser obtidas pelo email\u00a0<a class=\"notranslate\" href=\"mailto:caed.aprendizagem@ufsm.br\"><strong>caed.aprendizagem@ufsm.br<\/strong><\/a>.\u00a0<\/p>\n<p>\u00a0<\/p>\n<p>Descri\u00e7\u00e3o da imagem: Imagem horizontal e colorida em formato quadrado. Alinhado \u00e0 esquerda, na cor roxa e em caixa alta, o texto: \u201cRoda de conversa, S\u00edndrome do Pensamento Acelerado\u201d. Abaixo, centralizado, na cor verde: \u201c22 de julho, 10h\u201d. Tr\u00eas riscos na diagonal em dire\u00e7\u00e3o \u00e0 data, na cor amarela. Abaixo, um abaixo do outro, os textos: \u201cMinistrante, Psic\u00f3logos, Marcelo Noal e Gabriele Marchionatti Fontoura; Inscri\u00e7\u00f5es at\u00e9 21\/07\/2022; Evento Google Meet\u201d; Informa\u00e7\u00f5es UFSM\/PROGRAD\/CAED\u201d. Na parte inferior direita, ilustra\u00e7\u00e3o formada por v\u00e1rias figuras: um rosto de perfil, sem elementos faciais e com um corte na parte superior da cabe\u00e7a; duas folhas de plantas saindo de dentro da cabe\u00e7a e se ligando \u00e0 metade de um c\u00e9rebro e metade uma l\u00e2mpada; um despertador azul e tr\u00eas moedas douradas com cifr\u00e3o \u00e0 esquerda da cabe\u00e7a; um calend\u00e1rio azul \u00e0 direita; duas pe\u00e7as de engrenagem ao fundo. A imagem possui fundo branco com faixas na parte superior e inferior na cor roxa. Sobre a faixa inferior est\u00e1, centralizado, &#8220;Subdivis\u00e3o de Apoio \u00e0 Aprendizagem&#8221;, &#8220;CAEd-PROGRAD&#8221;, e \u00e0 direita, o logo da CAED, formado pelo bras\u00e3o da UFSM seguido de Coordenadoria de A\u00e7\u00f5es Educacionais.<\/p>\n","protected":false},"excerpt":{"rendered":"<p>Inscri\u00e7\u00f5es devem ser feitas at\u00e9 21\/7, para recebimento do link de acesso ao Google Meet<\/p>\n","protected":false},"author":95,"featured_media":19386,"comment_status":"closed","ping_status":"closed","sticky":false,"template":"","format":"standard","meta":{"footnotes":""},"categories":[106,445],"tags":[304,480,57,49,294,47],"class_list":["post-19384","post","type-post","status-publish","format-standard","has-post-thumbnail","hentry","category-destaque","category-noticias","tag-caed","tag-capa","tag-graduacao","tag-prograd","tag-saude-mental","tag-ufsm"],"acf":[],"_links":{"self":[{"href":"https:\/\/www.ufsm.br\/pro-reitorias\/prograd\/wp-json\/wp\/v2\/posts\/19384","targetHints":{"allow":["GET"]}}],"collection":[{"href":"https:\/\/www.ufsm.br\/pro-reitorias\/prograd\/wp-json\/wp\/v2\/posts"}],"about":[{"href":"https:\/\/www.ufsm.br\/pro-reitorias\/prograd\/wp-json\/wp\/v2\/types\/post"}],"author":[{"embeddable":true,"href":"https:\/\/www.ufsm.br\/pro-reitorias\/prograd\/wp-json\/wp\/v2\/users\/95"}],"replies":[{"embeddable":true,"href":"https:\/\/www.ufsm.br\/pro-reitorias\/prograd\/wp-json\/wp\/v2\/comments?post=19384"}],"version-history":[{"count":0,"href":"https:\/\/www.ufsm.br\/pro-reitorias\/prograd\/wp-json\/wp\/v2\/posts\/19384\/revisions"}],"wp:featuredmedia":[{"embeddable":true,"href":"https:\/\/www.ufsm.br\/pro-reitorias\/prograd\/wp-json\/wp\/v2\/media\/19386"}],"wp:attachment":[{"href":"https:\/\/www.ufsm.br\/pro-reitorias\/prograd\/wp-json\/wp\/v2\/media?parent=19384"}],"wp:term":[{"taxonomy":"category","embeddable":true,"href":"https:\/\/www.ufsm.br\/pro-reitorias\/prograd\/wp-json\/wp\/v2\/categories?post=19384"},{"taxonomy":"post_tag","embeddable":true,"href":"https:\/\/www.ufsm.br\/pro-reitorias\/prograd\/wp-json\/wp\/v2\/tags?post=19384"}],"curies":[{"name":"wp","href":"https:\/\/api.w.org\/{rel}","templated":true}]}}