{"id":19398,"date":"2022-07-25T17:09:23","date_gmt":"2022-07-25T20:09:23","guid":{"rendered":"https:\/\/www.ufsm.br\/pro-reitorias\/prograd\/?p=19398"},"modified":"2022-07-25T17:19:06","modified_gmt":"2022-07-25T20:19:06","slug":"inscricoes-para-o-exame-de-proficiencia-em-lingua-portuguesa-terminam-em-06-de-agosto","status":"publish","type":"post","link":"https:\/\/www.ufsm.br\/pro-reitorias\/prograd\/2022\/07\/25\/inscricoes-para-o-exame-de-proficiencia-em-lingua-portuguesa-terminam-em-06-de-agosto","title":{"rendered":"Inscri\u00e7\u00f5es para o exame de profici\u00eancia em L\u00edngua Portuguesa terminam em 06 de agosto"},"content":{"rendered":"\n<p>\u00a0<\/p>\n<p>A Comiss\u00e3o Organizadora do Exame Celpe-Bras (Certificado de Profici\u00eancia em L\u00edngua Portuguesa) na UFSM informa que as inscri\u00e7\u00f5es para a edi\u00e7\u00e3o 2022 do exame dever\u00e3o ser realizadas entre<strong> 26 de julho e 06 de agosto,<\/strong> atrav\u00e9s do site <a href=\"http:\/\/celpebras.inep.gov.br\/celpebras\/\" target=\"_blank\" rel=\"noopener\"><strong>celpebras.inep.gov.br<\/strong><\/a>.\u00a0<\/p>\n<p>O valor da taxa de inscri\u00e7\u00e3o \u00e9 de R$ 200,00. O pagamento deve ser realizado atrav\u00e9s de Guia de Recolhimento da Uni\u00e3o (GRU) e o comprovante deve ser enviado para o email <a href=\"mailto:celpebrasufsm@gmail.com\"><strong>celpebrasufsm@gmail.com<\/strong><\/a> at\u00e9 o dia 09 de agosto.<\/p>\n<p>A prova ser\u00e1 aplicada no per\u00edodo<strong> de 18 a 20 de outubro de 2022<\/strong>. O candidato que n\u00e3o realizar o pagamento da inscri\u00e7\u00e3o e n\u00e3o entregar os documentos exigidos dentro dos referidos prazos, n\u00e3o ter\u00e1 sua inscri\u00e7\u00e3o homologada e, portanto, n\u00e3o poder\u00e1 realizar o exame.<\/p>\n<p>O <strong>Celpe-Bras \u2013 Exame para obten\u00e7\u00e3o do Certificado de profici\u00eancia em L\u00edngua Portuguesa para Estrangeiros<\/strong> \u00e9 aplicado em 127 postos no Brasil e no exterior. Seu objetivo \u00e9 permitir a comprova\u00e7\u00e3o oficial da profici\u00eancia em L\u00edngua Portuguesa. O Inep \u00e9 respons\u00e1vel pela aplica\u00e7\u00e3o do Exame, com apoio do Minist\u00e9rio da Educa\u00e7\u00e3o e em parceria com o Minist\u00e9rio das Rela\u00e7\u00f5es Exteriores.<\/p>\n<p>O Exame \u00e9 realizado nos Postos Aplicadores credenciados, geralmente Institui\u00e7\u00f5es de Educa\u00e7\u00e3o Superior, representa\u00e7\u00f5es diplom\u00e1ticas, miss\u00f5es consulares, centros e institutos culturais brasileiros e estrangeiros, e outras institui\u00e7\u00f5es interessadas na promo\u00e7\u00e3o e na difus\u00e3o da L\u00edngua Portuguesa.<\/p>\n<p>Outras informa\u00e7\u00f5es podem ser obtidas pelo email <a href=\"mailto:celpebrasufsm@gmail.com\"><strong>celpebrasufsm@gmail.com<\/strong><\/a>.<\/p>\n<p>\u00a0<\/p>\n<p><em>Fonte: ufsm.br\u00a0<\/em><\/p>\n","protected":false},"excerpt":{"rendered":"<p>Prova ser\u00e1 aplicada entre 18 e 20 de outubro deste ano<\/p>\n","protected":false},"author":95,"featured_media":0,"comment_status":"closed","ping_status":"closed","sticky":false,"template":"","format":"standard","meta":{"footnotes":""},"categories":[445,1],"tags":[480,688,671,687,49,610,47],"class_list":["post-19398","post","type-post","status-publish","format-standard","hentry","category-noticias","category-sem-categoria","tag-capa","tag-celpe-bras","tag-estrangeiros","tag-proficiencia-em-lingua-portuguesa","tag-prograd","tag-refugiados-e-migrantes","tag-ufsm"],"acf":[],"_links":{"self":[{"href":"https:\/\/www.ufsm.br\/pro-reitorias\/prograd\/wp-json\/wp\/v2\/posts\/19398","targetHints":{"allow":["GET"]}}],"collection":[{"href":"https:\/\/www.ufsm.br\/pro-reitorias\/prograd\/wp-json\/wp\/v2\/posts"}],"about":[{"href":"https:\/\/www.ufsm.br\/pro-reitorias\/prograd\/wp-json\/wp\/v2\/types\/post"}],"author":[{"embeddable":true,"href":"https:\/\/www.ufsm.br\/pro-reitorias\/prograd\/wp-json\/wp\/v2\/users\/95"}],"replies":[{"embeddable":true,"href":"https:\/\/www.ufsm.br\/pro-reitorias\/prograd\/wp-json\/wp\/v2\/comments?post=19398"}],"version-history":[{"count":0,"href":"https:\/\/www.ufsm.br\/pro-reitorias\/prograd\/wp-json\/wp\/v2\/posts\/19398\/revisions"}],"wp:attachment":[{"href":"https:\/\/www.ufsm.br\/pro-reitorias\/prograd\/wp-json\/wp\/v2\/media?parent=19398"}],"wp:term":[{"taxonomy":"category","embeddable":true,"href":"https:\/\/www.ufsm.br\/pro-reitorias\/prograd\/wp-json\/wp\/v2\/categories?post=19398"},{"taxonomy":"post_tag","embeddable":true,"href":"https:\/\/www.ufsm.br\/pro-reitorias\/prograd\/wp-json\/wp\/v2\/tags?post=19398"}],"curies":[{"name":"wp","href":"https:\/\/api.w.org\/{rel}","templated":true}]}}