{"id":19514,"date":"2022-08-10T09:57:33","date_gmt":"2022-08-10T12:57:33","guid":{"rendered":"https:\/\/www.ufsm.br\/pro-reitorias\/prograd\/?p=19514"},"modified":"2022-09-05T09:10:49","modified_gmt":"2022-09-05T12:10:49","slug":"inscricoes-como-aluno-especial-i-em-disciplinas-da-pos-graduacao-terminam-em-02-de-setembro","status":"publish","type":"post","link":"https:\/\/www.ufsm.br\/pro-reitorias\/prograd\/2022\/08\/10\/inscricoes-como-aluno-especial-i-em-disciplinas-da-pos-graduacao-terminam-em-02-de-setembro","title":{"rendered":"Inscri\u00e7\u00f5es como Aluno Especial I em disciplinas da P\u00f3s-Gradua\u00e7\u00e3o terminam em 02 de setembro"},"content":{"rendered":"\n<p>\u00a0<\/p>\n<p><a href=\"https:\/\/www.ufsm.br\/app\/uploads\/sites\/342\/2022\/08\/UFSM-PROGRAD-Aluno_especial_1_em_disciplinas_da_POS_graduacao_STR.jpg\"><img fetchpriority=\"high\" decoding=\"async\" class=\"alignleft wp-image-19515\" src=\"https:\/\/www.ufsm.br\/app\/uploads\/sites\/342\/2022\/08\/UFSM-PROGRAD-Aluno_especial_1_em_disciplinas_da_POS_graduacao_STR-169x300.jpg\" alt=\"\" width=\"400\" height=\"711\" srcset=\"https:\/\/www.ufsm.br\/app\/uploads\/sites\/342\/2022\/08\/UFSM-PROGRAD-Aluno_especial_1_em_disciplinas_da_POS_graduacao_STR-169x300.jpg 169w, https:\/\/www.ufsm.br\/app\/uploads\/sites\/342\/2022\/08\/UFSM-PROGRAD-Aluno_especial_1_em_disciplinas_da_POS_graduacao_STR-576x1024.jpg 576w, https:\/\/www.ufsm.br\/app\/uploads\/sites\/342\/2022\/08\/UFSM-PROGRAD-Aluno_especial_1_em_disciplinas_da_POS_graduacao_STR-768x1365.jpg 768w, https:\/\/www.ufsm.br\/app\/uploads\/sites\/342\/2022\/08\/UFSM-PROGRAD-Aluno_especial_1_em_disciplinas_da_POS_graduacao_STR-864x1536.jpg 864w, https:\/\/www.ufsm.br\/app\/uploads\/sites\/342\/2022\/08\/UFSM-PROGRAD-Aluno_especial_1_em_disciplinas_da_POS_graduacao_STR.jpg 1080w\" sizes=\"(max-width: 400px) 100vw, 400px\" \/><\/a>A Universidade Federal de Santa Maria, por meio da Pr\u00f3-Reitoria de P\u00f3s-Gradua\u00e7\u00e3o e Pesquisa (PRPGP), publicou o\u00a0<a href=\"https:\/\/www.ufsm.br\/pro-reitorias\/prpgp\/editais\/031-2022\/\" target=\"_blank\" rel=\"noopener\"><strong>Edital 031\/2022\/PRPGP\/UFSM<\/strong><\/a>, para interessados(as) em solicitar matr\u00edcula na categoria de\u00a0<strong>Aluno Especial I em disciplinas dos cursos de P\u00f3s-Gradua\u00e7\u00e3o<\/strong> no 2\u00ba semestre letivo da institui\u00e7\u00e3o.\u00a0\u00a0<\/p>\n<p>O Edital est\u00e1 aberto para quatro modalidades de candidatos(as):<\/p>\n<p>1 \u2013\u00a0<strong>Alunos(as) de <span style=\"background-color: #ffff00\">gradua\u00e7\u00e3o<\/span> de qualquer Institui\u00e7\u00e3o de Ensino Superior<\/strong>\u00a0com, no m\u00ednimo, 75% dos cr\u00e9ditos necess\u00e1rios \u00e0 conclus\u00e3o do seu curso cumpridos e participantes de projeto de pesquisa aprovados no \u00e2mbito de sua institui\u00e7\u00e3o, cabendo ao coordenador do projeto a responsabilidade pela solicita\u00e7\u00e3o de matr\u00edcula, com as devidas justificativas, \u00e0 Coordena\u00e7\u00e3o do Programa de P\u00f3s-Gradua\u00e7\u00e3o da UFSM;<\/p>\n<p>2 \u2013<strong>\u00a0Alunos(as) de <span style=\"background-color: #ffff00\">p\u00f3s-gradua\u00e7\u00e3o externos<\/span>,<\/strong>\u00a0vinculados a programas de p\u00f3s-gradua\u00e7\u00e3o de outras Institui\u00e7\u00f5es de Ensino Superior nacionais ou estrangeiras, cabendo \u00e0 coordena\u00e7\u00e3o do programa de origem do discente a responsabilidade pela solicita\u00e7\u00e3o de matr\u00edcula \u00e0 Coordena\u00e7\u00e3o do Programa de P\u00f3s-Gradua\u00e7\u00e3o da UFSM;<\/p>\n<p>3 \u2013\u00a0<strong><span style=\"background-color: #ffff00\">Portadores(as) de diploma<\/span> de gradua\u00e7\u00e3o,<\/strong>\u00a0participantes de projeto de pesquisa aprovados no \u00e2mbito de sua institui\u00e7\u00e3o, cabendo ao coordenador do projeto a responsabilidade pela solicita\u00e7\u00e3o de matr\u00edcula \u00e0 Coordena\u00e7\u00e3o do Programa de P\u00f3s-Gradua\u00e7\u00e3o da UFSM;<\/p>\n<p>4 \u2013\u00a0<strong><span style=\"background-color: #ffff00\">Servidores(as) portadores(as) de diploma<\/span> de curso superior da UFSM ou de outras Institui\u00e7\u00f5es de Ensino Superior,<\/strong>\u00a0cabendo \u00e0 chefia imediata a responsabilidade pela solicita\u00e7\u00e3o de matr\u00edcula \u00e0 Coordena\u00e7\u00e3o do Programa de P\u00f3s-Gradua\u00e7\u00e3o da UFSM.<\/p>\n<p>As inscri\u00e7\u00f5es e o envio da documenta\u00e7\u00e3o solicitada via web devem ser feitos at\u00e9 o<strong> dia 02 de setembro,<\/strong>\u00a0conforme cronograma e orienta\u00e7\u00f5es do\u00a0<a href=\"https:\/\/www.ufsm.br\/pro-reitorias\/prpgp\/editais\/031-2022\/\" target=\"_blank\" rel=\"noopener\"><strong>Edital.<\/strong><\/a><\/p>\n<p>A inscri\u00e7\u00e3o via web ser\u00e1 a \u00fanica modalidade aceita para participar da sele\u00e7\u00e3o \u00e0 categoria de Aluno Especial I de P\u00f3s-Gradua\u00e7\u00e3o e dever\u00e1 ser realizada pelo endere\u00e7o eletr\u00f4nico <a href=\"https:\/\/www.ufsm.br\/pro-reitorias\/prpgp\/controle-academico-de-pos-graduacao\/\" target=\"_blank\" rel=\"noopener\"><strong>https:\/\/www.ufsm.br\/pro-reitorias\/prpgp\/controle-academico-de-pos-graduacao\/<\/strong><\/a>, e, em seguida, pelo <a href=\"https:\/\/portal.ufsm.br\/especial\/mainMenu.html\" target=\"_blank\" rel=\"noopener\"><strong>Portal do Aluno Especial<\/strong><\/a>.<\/p>\n<p>As d\u00favidas referentes \u00e0s disciplinas devem ser sanadas diretamente com as Coordena\u00e7\u00f5es e Secretarias dos respectivos Cursos de\u00a0<a href=\"https:\/\/www.ufsm.br\/mestrado-e-doutorado\/\" target=\"_blank\" rel=\"noopener\"><strong>Mestrado\/Doutorado<\/strong><\/a>\u00a0e de\u00a0<a href=\"https:\/\/www.ufsm.br\/especializacao\/\" target=\"_blank\" rel=\"noopener\"><strong>Especializa\u00e7\u00e3o<\/strong><\/a>, cujas formas de contato est\u00e3o no site\u00a0<a href=\"https:\/\/www.ufsm.br\/pro-reitorias\/prpgp\/\" target=\"_blank\" rel=\"noopener\"><strong>ufsm.br\/prpgp<\/strong><\/a>.\u00a0\u00a0<\/p>\n<p>D\u00favidas referentes ao edital podem ser direcionadas ao setor de Controle Acad\u00eamico de P\u00f3s-Gradua\u00e7\u00e3o da PRPGP no e-mail\u00a0<a class=\"notranslate\" href=\"mailto:academico.prpgp@ufsm.br\"><strong>academico.prpgp@ufsm.br<\/strong><\/a>.<\/p>\n","protected":false},"excerpt":{"rendered":"<p>Alunos(as) de gradua\u00e7\u00e3o de qualquer Institui\u00e7\u00e3o, com 75% do curso finalizado e participantes de projeto de pesquisa, podem solicitar disciplinas na p\u00f3s<\/p>\n","protected":false},"author":95,"featured_media":19516,"comment_status":"closed","ping_status":"closed","sticky":false,"template":"","format":"standard","meta":{"footnotes":""},"categories":[106],"tags":[643,480,57,360,110,478,49,47],"class_list":["post-19514","post","type-post","status-publish","format-standard","has-post-thumbnail","hentry","category-destaque","tag-aluno-especial-i","tag-capa","tag-graduacao","tag-noticias-para-servidores","tag-portadores-de-diploma","tag-pos-graduacao","tag-prograd","tag-ufsm"],"acf":[],"_links":{"self":[{"href":"https:\/\/www.ufsm.br\/pro-reitorias\/prograd\/wp-json\/wp\/v2\/posts\/19514","targetHints":{"allow":["GET"]}}],"collection":[{"href":"https:\/\/www.ufsm.br\/pro-reitorias\/prograd\/wp-json\/wp\/v2\/posts"}],"about":[{"href":"https:\/\/www.ufsm.br\/pro-reitorias\/prograd\/wp-json\/wp\/v2\/types\/post"}],"author":[{"embeddable":true,"href":"https:\/\/www.ufsm.br\/pro-reitorias\/prograd\/wp-json\/wp\/v2\/users\/95"}],"replies":[{"embeddable":true,"href":"https:\/\/www.ufsm.br\/pro-reitorias\/prograd\/wp-json\/wp\/v2\/comments?post=19514"}],"version-history":[{"count":0,"href":"https:\/\/www.ufsm.br\/pro-reitorias\/prograd\/wp-json\/wp\/v2\/posts\/19514\/revisions"}],"wp:featuredmedia":[{"embeddable":true,"href":"https:\/\/www.ufsm.br\/pro-reitorias\/prograd\/wp-json\/wp\/v2\/media\/19516"}],"wp:attachment":[{"href":"https:\/\/www.ufsm.br\/pro-reitorias\/prograd\/wp-json\/wp\/v2\/media?parent=19514"}],"wp:term":[{"taxonomy":"category","embeddable":true,"href":"https:\/\/www.ufsm.br\/pro-reitorias\/prograd\/wp-json\/wp\/v2\/categories?post=19514"},{"taxonomy":"post_tag","embeddable":true,"href":"https:\/\/www.ufsm.br\/pro-reitorias\/prograd\/wp-json\/wp\/v2\/tags?post=19514"}],"curies":[{"name":"wp","href":"https:\/\/api.w.org\/{rel}","templated":true}]}}