{"id":19761,"date":"2022-10-21T15:54:10","date_gmt":"2022-10-21T18:54:10","guid":{"rendered":"https:\/\/www.ufsm.br\/pro-reitorias\/prograd\/?p=19761"},"modified":"2022-11-21T14:41:14","modified_gmt":"2022-11-21T17:41:14","slug":"brasil-terra-indigena-traz-davi-kopenawa-yanomami-a-ufsm","status":"publish","type":"post","link":"https:\/\/www.ufsm.br\/pro-reitorias\/prograd\/2022\/10\/21\/brasil-terra-indigena-traz-davi-kopenawa-yanomami-a-ufsm","title":{"rendered":"&#8220;Brasil: Terra Ind\u00edgena&#8221; traz Davi Kopenawa Yanomami \u00e0 UFSM"},"content":{"rendered":"\n<p>\u00a0<\/p>\n<p><a href=\"https:\/\/www.ufsm.br\/app\/uploads\/sites\/342\/2022\/10\/UFSM-Prograd_JAI_Brasil_Terra_Indigena_CARTAZ1_nov_2022_com_Davi_Kopenawa_Yanomami.jpg\"><img fetchpriority=\"high\" decoding=\"async\" class=\"alignleft wp-image-19784\" src=\"https:\/\/www.ufsm.br\/app\/uploads\/sites\/342\/2022\/10\/UFSM-Prograd_JAI_Brasil_Terra_Indigena_CARTAZ1_nov_2022_com_Davi_Kopenawa_Yanomami-212x300.jpg\" alt=\"\" width=\"600\" height=\"849\" srcset=\"https:\/\/www.ufsm.br\/app\/uploads\/sites\/342\/2022\/10\/UFSM-Prograd_JAI_Brasil_Terra_Indigena_CARTAZ1_nov_2022_com_Davi_Kopenawa_Yanomami-212x300.jpg 212w, https:\/\/www.ufsm.br\/app\/uploads\/sites\/342\/2022\/10\/UFSM-Prograd_JAI_Brasil_Terra_Indigena_CARTAZ1_nov_2022_com_Davi_Kopenawa_Yanomami.jpg 694w\" sizes=\"(max-width: 600px) 100vw, 600px\" \/><\/a>A Universidade Federal de Santa Maria promove, de 07 a 10 de novembro, a primeira edi\u00e7\u00e3o do evento &#8220;<strong>Brasil: Terra Ind\u00edgena &#8211; 522 anos de resist\u00eancia<\/strong>&#8220;. A programa\u00e7\u00e3o contar\u00e1 com <strong>Davi Kopenawa Yanomami<\/strong>, autor, roteirista, produtor cultural, Doutor <em>Honoris Causa<\/em>, xam\u00e3 e l\u00edder pol\u00edtico do povo Yanomami.<\/p>\n<p>O evento integra a programa\u00e7\u00e3o da <strong>37\u00aa Jornada Acad\u00eamica Integrada (JAI) da UFSM<\/strong>. As inscri\u00e7\u00f5es, para recebimento de certificado, podem ser realizadas no link <a href=\"https:\/\/bit.ly\/brasilterraindigena2022\" target=\"_blank\" rel=\"noopener\"><strong>bit.ly\/brasilterraindigena2022<\/strong><\/a> .<\/p>\n<p><span style=\"background-color: #ffff00\"><strong>Sobre o conferencista<\/strong><\/span><\/p>\n<p>Davi Kopenawa \u00e9 presidente da <strong>Hutukara Associa\u00e7\u00e3o Yanomami<\/strong>, onde atua como ativista na defesa dos povos ind\u00edgenas e da floresta amaz\u00f4nica. Ele \u00e9 considerado uma das lideran\u00e7as intelectuais, pol\u00edticas e espirituais mais importantes no panorama contempor\u00e2neo de defesa dos povos origin\u00e1rios, do meio ambiente, da diversidade cultural e dos direitos humanos, com reconhecimento nacional e internacional.<\/p>\n<p>Davi recebeu v\u00e1rios pr\u00eamios internacionais, como o ONU Global 500 em 1988, a Ordem de Rio Branco pelo governo brasileiro em 1999 e o Pr\u00eamio Ita\u00fa Cultural em 2017. Em dezembro de 2020, foi eleito membro colaborador da Academia Brasileira de Ci\u00eancias. Davi Kopenawa Yanomami tamb\u00e9m foi agraciado com o t\u00edtulo de <strong>Doutor<em> Honoris Causa<\/em><\/strong> pela Universidade Federal de Roraima (UFRR) e pela Universidade Federal de S\u00e3o Paulo (Unifesp).<\/p>\n<p>Em coautoria com o antrop\u00f3logo franc\u00eas Bruce Albert, escreveu a obra &#8220;<strong>A queda do c\u00e9u \u2013 Palavras de um Xam\u00e3 Yanomami<\/strong>&#8221; em 2010.<\/p>\n<p><br \/><span style=\"background-color: #ffff00\"><strong><a href=\"https:\/\/www.ufsm.br\/app\/uploads\/sites\/342\/2022\/10\/UFSM-Prograd_JAI_Brasil_Terra_Indigena_CARTAZ2_nov_2022_com_Davi_Kopenawa_Yanomami.jpg\"><img decoding=\"async\" class=\"alignright wp-image-19785\" src=\"https:\/\/www.ufsm.br\/app\/uploads\/sites\/342\/2022\/10\/UFSM-Prograd_JAI_Brasil_Terra_Indigena_CARTAZ2_nov_2022_com_Davi_Kopenawa_Yanomami-209x300.jpg\" alt=\"\" width=\"600\" height=\"862\" srcset=\"https:\/\/www.ufsm.br\/app\/uploads\/sites\/342\/2022\/10\/UFSM-Prograd_JAI_Brasil_Terra_Indigena_CARTAZ2_nov_2022_com_Davi_Kopenawa_Yanomami-209x300.jpg 209w, https:\/\/www.ufsm.br\/app\/uploads\/sites\/342\/2022\/10\/UFSM-Prograd_JAI_Brasil_Terra_Indigena_CARTAZ2_nov_2022_com_Davi_Kopenawa_Yanomami.jpg 686w\" sizes=\"(max-width: 600px) 100vw, 600px\" \/><\/a>Confira a programa\u00e7\u00e3o:<\/strong><\/span><\/p>\n<p><strong>07\/11 (segunda-feira) &#8211; 19 horas &#8211; Exibi\u00e7\u00e3o do document\u00e1rio &#8220;Maraca&#8221;<\/strong><br \/><strong>Local:<\/strong> Sagu\u00e3o do Restaurante Universit\u00e1rio<\/p>\n<p><strong>08\/11 (ter\u00e7a-feira) &#8211; 14 horas &#8211; Recep\u00e7\u00e3o a Davi Kopenawa Yanomami e \u00e0s Lideran\u00e7as Ind\u00edgenas Locais, Regionais e Nacionais<\/strong><br \/><strong>Local:<\/strong> Casa de Estudantes Ind\u00edgenas da UFSM <em>(atividade fechada)\u00a0<\/em><\/p>\n<p><span style=\"background-color: #ffff00\"><strong>08\/11 (ter\u00e7a-feira) &#8211; 19 horas &#8211; Confer\u00eancia &#8220;Brasil, Terra Ind\u00edgena: 522 anos de resist\u00eancia&#8221;, por Davi Kopenawa Yanomami<\/strong><\/span><br \/>Evento Sat\u00e9lite da 37\u00ba Jornada Acad\u00eamica Integrada (JAI) da UFSM<br \/>Media\u00e7\u00e3o do historiador Joceli Kaingang (UFSM) e do antrop\u00f3logo Pablo Albernaz (UFRR)<br \/>Presen\u00e7a de lideran\u00e7as ind\u00edgenas locais<br \/><strong>Local:<\/strong> Centro de Conven\u00e7\u00f5es da UFSM\u00a0<\/p>\n<p>\u00a0<\/p>\n<p><strong><span style=\"background-color: #ffff00\">09\/11 (quarta-feira)<\/span> &#8211; 09 horas &#8211; Audi\u00eancia com o Reitor da UFSM e representantes da Pr\u00f3-reitoria de Gradua\u00e7\u00e3o (PROGRAD), Pr\u00f3-reitoria de Assuntos Estudantis (PRAE) e Coordenadoria de A\u00e7\u00f5es Educacionais (CAEd\/Prograd), com a presen\u00e7a de coletivo e lideran\u00e7as ind\u00edgenas <\/strong><em>(atividade fechada)<\/em>\u00a0<\/p>\n<p><strong>09\/11 (quarta-feira) &#8211; 14 horas &#8211; Roda de Conversa: Saberes Afro-Ind\u00edgenas<\/strong><br \/>5\u00ba F\u00f3rum de Direitos Humanos da UFSM<br \/>Presen\u00e7a de lideran\u00e7as ind\u00edgenas e negras, estudantes, servidores(as) docentes e t\u00e9cnico-administrativos(as) <br \/><strong>Local:<\/strong> Espa\u00e7o Multi\u00faso da UFSM, ao lado da Reitoria<\/p>\n<p><strong>09\/11 (quarta-feira) &#8211; 19 horas &#8211; Mesa-redonda: &#8220;A\u00e7\u00f5es Afirmativas e Descoloniza\u00e7\u00e3o dos Saberes&#8221;<\/strong><br \/>15\u00ba Sal\u00e3o de Extens\u00e3o da UFSM<\/p>\n<p>Laisa Kaingang (Doutoranda em Antropologia\/UFPel)<br \/>Natanael Claudino (Cacique Aldeia Tr\u00eas Soitas de Santa Maria)<br \/>Jonatan Kaingang (ARPIN Sul)<br \/>Prof. Dr. Edson Damas da Silveira (UERR)<br \/>Prof. Dr. Pablo de Castro Albernaz (UFRR)<br \/>Profa. Dra. Leonice Aparecida de F\u00e1tima Alves Pereira Mourad (UFSM)<br \/>Profa. Dr. Anderson Luiz Machado dos Santos (UFSM)<br \/>Media\u00e7\u00e3o: Joceli Kaingang (UFSM), Profa. Dra. Laura Senna Ferreira (UFSM) e Profa. Dra. Mariana Selister Gomes (UFSM)<br \/><strong>Local:<\/strong> Audit\u00f3rio do Centro de Ci\u00eancias Sociais e Humanas (CCSH) &#8211; Pr\u00e9dio 74-C, pr\u00f3ximo ao Planet\u00e1rio<\/p>\n<p>\u00a0<\/p>\n<p><span style=\"background-color: #ffff00\"><strong>10\/11 (quinta-feira):<\/strong><\/span><\/p>\n<p><strong>Local:<\/strong> Audit\u00f3rio do Col\u00e9gio Polit\u00e9cnico<\/p>\n<p>10h \u2013 &#8220;Rap\u00e9 e medicinas tradicionais&#8221;\u00a0<br \/>14h \u2013 &#8220;Mart\u00edrio e resist\u00eancia Xakriab\u00e1&#8221;<br \/>17h \u2013 &#8220;Resist\u00eancia do povo Pitaguary e povos ind\u00edgenas do Nordeste&#8221;<br \/>19h \u2013 &#8220;Mulheres origin\u00e1rias reflorestando mentes para a cura da Terra&#8221;<\/p>\n<p>A organiza\u00e7\u00e3o do evento \u00e9 do Programa de P\u00f3s-gradua\u00e7\u00e3o em Ci\u00eancias Sociais, dos Cursos de Licenciatura e Bacharelado em Ci\u00eancias Sociais, do Departamento de Ci\u00eancias Sociais, do N\u00facleo de Estudos Afro-brasileiros e Ind\u00edgenas (NEABI\/UFSM), da Liga Yand\u00ea\/UFSM e do Coletivo Ind\u00edgena da UFSM.<\/p>\n<p>O evento \u00e9 apoiado pelo Observat\u00f3rio de Direitos Humanos (ODH\/PRE\/UFSM), pelo Programa de Educa\u00e7\u00e3o Tutorial (PET) Ind\u00edgena da UFSM, pela Jornada Acad\u00eamica Integrada (JAI) da UFSM, pelo Centro de Ci\u00eancias Sociais e Humanas (CCSH) da UFSM e pelas Pr\u00f3-Reitorias de Extens\u00e3o (PRE), de Gradua\u00e7\u00e3o (PROGRAD) e de P\u00f3s-Gradua\u00e7\u00e3o e Pesquisa (PRPGP) da UFSM.<\/p>\n<p>Outras informa\u00e7\u00f5es sobre o evento podem ser solicitadas ao email <a href=\"mailto:yande@ufsm.br\"><strong>yande@ufsm.br<\/strong><\/a>.<\/p>\n<p><em>Com informa\u00e7\u00f5es do site <a href=\"https:\/\/ea.fflch.usp.br\/autor\/davi-kopenawa\" target=\"_blank\" rel=\"noopener\">https:\/\/ea.fflch.usp.br\/autor\/davi-kopenawa\u00a0<\/a><\/em><\/p>\n<p>\u00a0<\/p>\n","protected":false},"excerpt":{"rendered":"<p>\u00a0 A Universidade Federal de Santa Maria promove, de 07 a 10 de novembro, a primeira edi\u00e7\u00e3o do evento &#8220;Brasil: Terra Ind\u00edgena &#8211; 522 anos de resist\u00eancia&#8220;. A programa\u00e7\u00e3o contar\u00e1 com Davi Kopenawa Yanomami, autor, roteirista, produtor cultural, Doutor Honoris Causa, xam\u00e3 e l\u00edder pol\u00edtico do povo Yanomami. O evento integra a programa\u00e7\u00e3o da 37\u00aa [&hellip;]<\/p>\n","protected":false},"author":95,"featured_media":19786,"comment_status":"closed","ping_status":"closed","sticky":false,"template":"","format":"standard","meta":{"footnotes":""},"categories":[445],"tags":[721,99,726,720,218,47],"class_list":["post-19761","post","type-post","status-publish","format-standard","has-post-thumbnail","hentry","category-noticias","tag-davi-kopenawa-yanomami","tag-indigenas","tag-jai-2022","tag-jai2022","tag-jornada-academica-integrada","tag-ufsm"],"acf":[],"_links":{"self":[{"href":"https:\/\/www.ufsm.br\/pro-reitorias\/prograd\/wp-json\/wp\/v2\/posts\/19761","targetHints":{"allow":["GET"]}}],"collection":[{"href":"https:\/\/www.ufsm.br\/pro-reitorias\/prograd\/wp-json\/wp\/v2\/posts"}],"about":[{"href":"https:\/\/www.ufsm.br\/pro-reitorias\/prograd\/wp-json\/wp\/v2\/types\/post"}],"author":[{"embeddable":true,"href":"https:\/\/www.ufsm.br\/pro-reitorias\/prograd\/wp-json\/wp\/v2\/users\/95"}],"replies":[{"embeddable":true,"href":"https:\/\/www.ufsm.br\/pro-reitorias\/prograd\/wp-json\/wp\/v2\/comments?post=19761"}],"version-history":[{"count":0,"href":"https:\/\/www.ufsm.br\/pro-reitorias\/prograd\/wp-json\/wp\/v2\/posts\/19761\/revisions"}],"wp:featuredmedia":[{"embeddable":true,"href":"https:\/\/www.ufsm.br\/pro-reitorias\/prograd\/wp-json\/wp\/v2\/media\/19786"}],"wp:attachment":[{"href":"https:\/\/www.ufsm.br\/pro-reitorias\/prograd\/wp-json\/wp\/v2\/media?parent=19761"}],"wp:term":[{"taxonomy":"category","embeddable":true,"href":"https:\/\/www.ufsm.br\/pro-reitorias\/prograd\/wp-json\/wp\/v2\/categories?post=19761"},{"taxonomy":"post_tag","embeddable":true,"href":"https:\/\/www.ufsm.br\/pro-reitorias\/prograd\/wp-json\/wp\/v2\/tags?post=19761"}],"curies":[{"name":"wp","href":"https:\/\/api.w.org\/{rel}","templated":true}]}}