{"id":19793,"date":"2022-11-07T12:25:44","date_gmt":"2022-11-07T15:25:44","guid":{"rendered":"https:\/\/www.ufsm.br\/pro-reitorias\/prograd\/?p=19793"},"modified":"2022-12-03T03:51:14","modified_gmt":"2022-12-03T06:51:14","slug":"inscricoes-abertas-ate-30-11-para-servidoresas-interessadosas-em-atuar-como-fiscais-em-processos-seletivos-e-concursos","status":"publish","type":"post","link":"https:\/\/www.ufsm.br\/pro-reitorias\/prograd\/2022\/11\/07\/inscricoes-abertas-ate-30-11-para-servidoresas-interessadosas-em-atuar-como-fiscais-em-processos-seletivos-e-concursos","title":{"rendered":"Inscri\u00e7\u00f5es abertas at\u00e9 30\/11 para servidores(as) interessados(as) em atuar como fiscais em processos seletivos e concursos"},"content":{"rendered":"\n<p>\u00a0<\/p>\n<p><a href=\"https:\/\/www.ufsm.br\/app\/uploads\/sites\/342\/2022\/11\/ufsm-prograd-selecao-fiscais-provas-presenciais-e-concursos-2023-CARD.jpg\"><img fetchpriority=\"high\" decoding=\"async\" class=\"alignleft wp-image-19794\" src=\"https:\/\/www.ufsm.br\/app\/uploads\/sites\/342\/2022\/11\/ufsm-prograd-selecao-fiscais-provas-presenciais-e-concursos-2023-CARD-300x300.jpg\" alt=\"\" width=\"500\" height=\"500\" srcset=\"https:\/\/www.ufsm.br\/app\/uploads\/sites\/342\/2022\/11\/ufsm-prograd-selecao-fiscais-provas-presenciais-e-concursos-2023-CARD-300x300.jpg 300w, https:\/\/www.ufsm.br\/app\/uploads\/sites\/342\/2022\/11\/ufsm-prograd-selecao-fiscais-provas-presenciais-e-concursos-2023-CARD-1024x1024.jpg 1024w, https:\/\/www.ufsm.br\/app\/uploads\/sites\/342\/2022\/11\/ufsm-prograd-selecao-fiscais-provas-presenciais-e-concursos-2023-CARD-150x150.jpg 150w, https:\/\/www.ufsm.br\/app\/uploads\/sites\/342\/2022\/11\/ufsm-prograd-selecao-fiscais-provas-presenciais-e-concursos-2023-CARD-768x768.jpg 768w, https:\/\/www.ufsm.br\/app\/uploads\/sites\/342\/2022\/11\/ufsm-prograd-selecao-fiscais-provas-presenciais-e-concursos-2023-CARD.jpg 1080w\" sizes=\"(max-width: 500px) 100vw, 500px\" \/><\/a>A Pr\u00f3-reitoria de Gradua\u00e7\u00e3o da UFSM est\u00e1 com inscri\u00e7\u00f5es abertas a servidoras e servidores docentes ou t\u00e9cnico-administrativos(as) da institui\u00e7\u00e3o, interessados(as) em atuar como <strong>fiscais em provas presenciais de concursos e processos seletivos em 2023<\/strong>.<\/p>\n<p>As inscri\u00e7\u00f5es seguem abertas at\u00e9 <strong>30 de novembro<\/strong> deste ano. No dia 02 de dezembro, ser\u00e1 publicada a lista de pessoas inscritas na<a href=\"https:\/\/www.ufsm.br\/pro-reitorias\/prograd\/processos-seletivos-internos\/comissao-fiscal\/\" target=\"_blank\" rel=\"noopener\"><strong> p\u00e1gina do processo<\/strong><\/a> e junto ao edital.\u00a0 \u00a0<\/p>\n<p>O <a href=\"https:\/\/www.ufsm.br\/pro-reitorias\/prograd\/editais\/061-2022\/\" target=\"_blank\" rel=\"noopener\"><strong>Edital 061\/2022<\/strong><\/a>, com todas as orienta\u00e7\u00f5es, pode ser acessado no site <a href=\"https:\/\/ufsm.br\/prograd\/editais\" target=\"_blank\" rel=\"noopener\"><strong>ufsm.br\/prograd<\/strong><\/a>.<\/p>\n<p>A cada concurso ou processo seletivo, um sorteio eletr\u00f4nico ser\u00e1 realizado entre as pessoas inscritas no banco de dados, com anteced\u00eancia aproximada de 10 dias do dia da prova do respectivo processo.<\/p>\n<p>As pessoas selecionadas ser\u00e3o convidadas, atrav\u00e9s de e-mail, a informar a disponibilidade para participar da capacita\u00e7\u00e3o espec\u00edfica e da fiscaliza\u00e7\u00e3o do concurso ou processo seletivo.<\/p>\n<p>A pessoa sorteada que atuar como fiscal far\u00e1 jus ao pagamento de R$ 30,03 por hora trabalhada. A carga hor\u00e1ria ser\u00e1 estabelecida pela equipe do N\u00facleo de Ingresso e Sele\u00e7\u00e3o Acad\u00eamicos (NISA\/PROGRAD) para cada processo seletivo, concurso ou processo correlato, de forma que o valor total a ser pago pode variar por evento. Este valor ser\u00e1 informado no e-mail convite.<\/p>\n<p>No dia de prova do processo para o qual foi realizado o sorteio, as pessoas selecionadas n\u00e3o poder\u00e3o apresentar SIAPE inativo nem estar em afastamento de suas atividades presenciais, por motivo de f\u00e9rias ou qualquer outro tipo de licen\u00e7a, incluindo atestados m\u00e9dicos ou declara\u00e7\u00e3o de grupo de risco para atividades presenciais.<\/p>\n<p>Outras informa\u00e7\u00f5es podem ser solicitadas ao e-mail <a href=\"mailto:falecom@nisa.ufsm.br\"><strong>falecom@nisa.ufsm.br<\/strong><\/a>.<\/p>\n","protected":false},"excerpt":{"rendered":"<p>\u00a0 A Pr\u00f3-reitoria de Gradua\u00e7\u00e3o da UFSM est\u00e1 com inscri\u00e7\u00f5es abertas a servidoras e servidores docentes ou t\u00e9cnico-administrativos(as) da institui\u00e7\u00e3o, interessados(as) em atuar como fiscais em provas presenciais de concursos e processos seletivos em 2023. As inscri\u00e7\u00f5es seguem abertas at\u00e9 30 de novembro deste ano. No dia 02 de dezembro, ser\u00e1 publicada a lista de [&hellip;]<\/p>\n","protected":false},"author":95,"featured_media":19796,"comment_status":"closed","ping_status":"closed","sticky":false,"template":"","format":"standard","meta":{"footnotes":""},"categories":[445],"tags":[564,370,724,360,725,49,47],"class_list":["post-19793","post","type-post","status-publish","format-standard","has-post-thumbnail","hentry","category-noticias","tag-comissao-fiscal","tag-concursos","tag-fiscais","tag-noticias-para-servidores","tag-processos-seletivos","tag-prograd","tag-ufsm"],"acf":[],"_links":{"self":[{"href":"https:\/\/www.ufsm.br\/pro-reitorias\/prograd\/wp-json\/wp\/v2\/posts\/19793","targetHints":{"allow":["GET"]}}],"collection":[{"href":"https:\/\/www.ufsm.br\/pro-reitorias\/prograd\/wp-json\/wp\/v2\/posts"}],"about":[{"href":"https:\/\/www.ufsm.br\/pro-reitorias\/prograd\/wp-json\/wp\/v2\/types\/post"}],"author":[{"embeddable":true,"href":"https:\/\/www.ufsm.br\/pro-reitorias\/prograd\/wp-json\/wp\/v2\/users\/95"}],"replies":[{"embeddable":true,"href":"https:\/\/www.ufsm.br\/pro-reitorias\/prograd\/wp-json\/wp\/v2\/comments?post=19793"}],"version-history":[{"count":0,"href":"https:\/\/www.ufsm.br\/pro-reitorias\/prograd\/wp-json\/wp\/v2\/posts\/19793\/revisions"}],"wp:featuredmedia":[{"embeddable":true,"href":"https:\/\/www.ufsm.br\/pro-reitorias\/prograd\/wp-json\/wp\/v2\/media\/19796"}],"wp:attachment":[{"href":"https:\/\/www.ufsm.br\/pro-reitorias\/prograd\/wp-json\/wp\/v2\/media?parent=19793"}],"wp:term":[{"taxonomy":"category","embeddable":true,"href":"https:\/\/www.ufsm.br\/pro-reitorias\/prograd\/wp-json\/wp\/v2\/categories?post=19793"},{"taxonomy":"post_tag","embeddable":true,"href":"https:\/\/www.ufsm.br\/pro-reitorias\/prograd\/wp-json\/wp\/v2\/tags?post=19793"}],"curies":[{"name":"wp","href":"https:\/\/api.w.org\/{rel}","templated":true}]}}