{"id":20697,"date":"2023-04-20T16:49:29","date_gmt":"2023-04-20T19:49:29","guid":{"rendered":"https:\/\/www.ufsm.br\/pro-reitorias\/prograd\/?p=20697"},"modified":"2023-05-02T18:26:46","modified_gmt":"2023-05-02T21:26:46","slug":"ufsm-seleciona-servidoresas-docentes-e-tecnico-administrativosas-para-elaboracao-e-revisao-de-questoes-dos-processos-seletivos-da-universidade","status":"publish","type":"post","link":"https:\/\/www.ufsm.br\/pro-reitorias\/prograd\/2023\/04\/20\/ufsm-seleciona-servidoresas-docentes-e-tecnico-administrativosas-para-elaboracao-e-revisao-de-questoes-dos-processos-seletivos-da-universidade","title":{"rendered":"UFSM seleciona servidores(as) docentes e t\u00e9cnico-administrativos(as) para elabora\u00e7\u00e3o e revis\u00e3o de quest\u00f5es dos processos seletivos da Universidade"},"content":{"rendered":"\n<p>\u00a0<\/p>\n<p><a href=\"https:\/\/www.ufsm.br\/app\/uploads\/sites\/342\/2023\/04\/UFSM-Prograd-Selecao-Revisores_as_Elaboradores-as-Questoes-CARD.jpg\"><img fetchpriority=\"high\" decoding=\"async\" class=\"alignright wp-image-20698\" src=\"https:\/\/www.ufsm.br\/app\/uploads\/sites\/342\/2023\/04\/UFSM-Prograd-Selecao-Revisores_as_Elaboradores-as-Questoes-CARD-300x300.jpg\" alt=\"\" width=\"500\" height=\"500\" srcset=\"https:\/\/www.ufsm.br\/app\/uploads\/sites\/342\/2023\/04\/UFSM-Prograd-Selecao-Revisores_as_Elaboradores-as-Questoes-CARD-300x300.jpg 300w, https:\/\/www.ufsm.br\/app\/uploads\/sites\/342\/2023\/04\/UFSM-Prograd-Selecao-Revisores_as_Elaboradores-as-Questoes-CARD-1024x1024.jpg 1024w, https:\/\/www.ufsm.br\/app\/uploads\/sites\/342\/2023\/04\/UFSM-Prograd-Selecao-Revisores_as_Elaboradores-as-Questoes-CARD-150x150.jpg 150w, https:\/\/www.ufsm.br\/app\/uploads\/sites\/342\/2023\/04\/UFSM-Prograd-Selecao-Revisores_as_Elaboradores-as-Questoes-CARD-768x768.jpg 768w, https:\/\/www.ufsm.br\/app\/uploads\/sites\/342\/2023\/04\/UFSM-Prograd-Selecao-Revisores_as_Elaboradores-as-Questoes-CARD.jpg 1080w\" sizes=\"(max-width: 500px) 100vw, 500px\" \/><\/a>A Universidade Federal de Santa Maria est\u00e1 selecionando servidores e servidoras interessados em atuar na elabora\u00e7\u00e3o e revis\u00e3o de quest\u00f5es dos processos seletivos da institui\u00e7\u00e3o.<\/p>\n<p>As atividades compreendem <strong>elabora\u00e7\u00e3o de quest\u00f5es, revis\u00e3o de conte\u00fado de quest\u00f5es, revis\u00e3o de linguagem de quest\u00f5es e auditoria de provas<\/strong>.<\/p>\n<p>As inscri\u00e7\u00f5es podem ser realizadas at\u00e9 o dia <strong>27 de abril<\/strong>. O <a href=\"https:\/\/www.ufsm.br\/pro-reitorias\/prograd\/editais\/053-2023\"><strong>Edital 053\/2023<\/strong><\/a>, dispon\u00edvel no site <a href=\"https:\/\/ufsm.br\/prograd\"><strong>ufsm.br\/prograd<\/strong><\/a>, traz o cronograma de sele\u00e7\u00e3o e as exig\u00eancias referentes a cada atua\u00e7\u00e3o.<\/p>\n<p>Outras informa\u00e7\u00f5es podem ser solicitadas ao N\u00facleo de Ingresso e Sele\u00e7\u00e3o Acad\u00eamicos, pelo email <a href=\"mailto:falecom@nisa.ufsm.br\"><strong>falecom@nisa.ufsm.br<\/strong><\/a>.<\/p>\n<p>\u00a0<\/p>\n","protected":false},"excerpt":{"rendered":"<p>\u00a0 A Universidade Federal de Santa Maria est\u00e1 selecionando servidores e servidoras interessados em atuar na elabora\u00e7\u00e3o e revis\u00e3o de quest\u00f5es dos processos seletivos da institui\u00e7\u00e3o. As atividades compreendem elabora\u00e7\u00e3o de quest\u00f5es, revis\u00e3o de conte\u00fado de quest\u00f5es, revis\u00e3o de linguagem de quest\u00f5es e auditoria de provas. As inscri\u00e7\u00f5es podem ser realizadas at\u00e9 o dia 27 [&hellip;]<\/p>\n","protected":false},"author":95,"featured_media":0,"comment_status":"closed","ping_status":"closed","sticky":false,"template":"","format":"standard","meta":{"footnotes":""},"categories":[445],"tags":[360,725,49,47,487],"class_list":["post-20697","post","type-post","status-publish","format-standard","hentry","category-noticias","tag-noticias-para-servidores","tag-processos-seletivos","tag-prograd","tag-ufsm","tag-vestibular"],"acf":[],"_links":{"self":[{"href":"https:\/\/www.ufsm.br\/pro-reitorias\/prograd\/wp-json\/wp\/v2\/posts\/20697","targetHints":{"allow":["GET"]}}],"collection":[{"href":"https:\/\/www.ufsm.br\/pro-reitorias\/prograd\/wp-json\/wp\/v2\/posts"}],"about":[{"href":"https:\/\/www.ufsm.br\/pro-reitorias\/prograd\/wp-json\/wp\/v2\/types\/post"}],"author":[{"embeddable":true,"href":"https:\/\/www.ufsm.br\/pro-reitorias\/prograd\/wp-json\/wp\/v2\/users\/95"}],"replies":[{"embeddable":true,"href":"https:\/\/www.ufsm.br\/pro-reitorias\/prograd\/wp-json\/wp\/v2\/comments?post=20697"}],"version-history":[{"count":0,"href":"https:\/\/www.ufsm.br\/pro-reitorias\/prograd\/wp-json\/wp\/v2\/posts\/20697\/revisions"}],"wp:attachment":[{"href":"https:\/\/www.ufsm.br\/pro-reitorias\/prograd\/wp-json\/wp\/v2\/media?parent=20697"}],"wp:term":[{"taxonomy":"category","embeddable":true,"href":"https:\/\/www.ufsm.br\/pro-reitorias\/prograd\/wp-json\/wp\/v2\/categories?post=20697"},{"taxonomy":"post_tag","embeddable":true,"href":"https:\/\/www.ufsm.br\/pro-reitorias\/prograd\/wp-json\/wp\/v2\/tags?post=20697"}],"curies":[{"name":"wp","href":"https:\/\/api.w.org\/{rel}","templated":true}]}}