{"id":21291,"date":"2023-08-15T16:48:06","date_gmt":"2023-08-15T19:48:06","guid":{"rendered":"https:\/\/www.ufsm.br\/pro-reitorias\/prograd\/?p=21291"},"modified":"2023-08-21T08:49:52","modified_gmt":"2023-08-21T11:49:52","slug":"pro-reitoria-de-graduacao-nao-tera-atendimento-externo-na-sexta-feira-18-8-pela-manha","status":"publish","type":"post","link":"https:\/\/www.ufsm.br\/pro-reitorias\/prograd\/2023\/08\/15\/pro-reitoria-de-graduacao-nao-tera-atendimento-externo-na-sexta-feira-18-8-pela-manha","title":{"rendered":"Pr\u00f3-reitoria de Gradua\u00e7\u00e3o n\u00e3o ter\u00e1 atendimento externo na sexta-feira (18\/8) pela manh\u00e3"},"content":{"rendered":"\n<p>\u00a0<\/p>\n<p><a href=\"https:\/\/www.ufsm.br\/app\/uploads\/sites\/342\/2023\/08\/UFSM-Prograd-Atendimento_a_tarde_em_18_08_2023-CARD.jpg\"><img fetchpriority=\"high\" decoding=\"async\" class=\"alignleft wp-image-21292\" src=\"https:\/\/www.ufsm.br\/app\/uploads\/sites\/342\/2023\/08\/UFSM-Prograd-Atendimento_a_tarde_em_18_08_2023-CARD-300x300.jpg\" alt=\"\" width=\"500\" height=\"500\" srcset=\"https:\/\/www.ufsm.br\/app\/uploads\/sites\/342\/2023\/08\/UFSM-Prograd-Atendimento_a_tarde_em_18_08_2023-CARD-300x300.jpg 300w, https:\/\/www.ufsm.br\/app\/uploads\/sites\/342\/2023\/08\/UFSM-Prograd-Atendimento_a_tarde_em_18_08_2023-CARD-1024x1024.jpg 1024w, https:\/\/www.ufsm.br\/app\/uploads\/sites\/342\/2023\/08\/UFSM-Prograd-Atendimento_a_tarde_em_18_08_2023-CARD-150x150.jpg 150w, https:\/\/www.ufsm.br\/app\/uploads\/sites\/342\/2023\/08\/UFSM-Prograd-Atendimento_a_tarde_em_18_08_2023-CARD-768x768.jpg 768w, https:\/\/www.ufsm.br\/app\/uploads\/sites\/342\/2023\/08\/UFSM-Prograd-Atendimento_a_tarde_em_18_08_2023-CARD.jpg 1080w\" sizes=\"(max-width: 500px) 100vw, 500px\" \/><\/a>A Pr\u00f3-reitoria de Gradua\u00e7\u00e3o (PROGRAD\/UFSM) comunica ao p\u00fablico que <strong>n\u00e3o ter\u00e1 atendimento externo na manh\u00e3 da pr\u00f3xima sexta-feira, 18 de agosto, no turno da manh\u00e3.<\/strong><\/p>\n<p>O motivo \u00e9 o Semin\u00e1rio Interno, direcionado aos(\u00e0s) servidores(as) do setor.<\/p>\n<p><strong>O atendimento ser\u00e1 retomado no turno da tarde, a partir das 14 horas.<\/strong><\/p>\n<p>Demais setores vinculados \u00e0 Prograd, como a <a href=\"https:\/\/www.ufsm.br\/orgaos-suplementares\/biblioteca\/contatos-biblioteca-central\" target=\"_blank\" rel=\"noopener\"><strong>Biblioteca Central (BC)<\/strong><\/a>, a <a href=\"https:\/\/www.ufsm.br\/pro-reitorias\/prograd\/caed\/contatos\" target=\"_blank\" rel=\"noopener\"><strong>CAEd (Coordenadoria de A\u00e7\u00f5es Educacionais)<\/strong><\/a>, a <a href=\"https:\/\/www.ufsm.br\/pro-reitorias\/prograd\/cte\/contatos\" target=\"_blank\" rel=\"noopener\"><strong>CTE<\/strong> <strong>(Coordenadoria de Tecnologia Educacional)<\/strong><\/a>\u00a0e o<a href=\"https:\/\/www.ufsm.br\/pro-reitorias\/prograd\/contato\" target=\"_blank\" rel=\"noopener\"><strong> NISA (N\u00facleo de Sele\u00e7\u00e3o e Ingresso Acad\u00eamicos)<\/strong> <\/a>devem ser consultados a respeito de seus hor\u00e1rios de funcionamento nesse dia.<\/p>\n<p>\u00a0<\/p>\n","protected":false},"excerpt":{"rendered":"<p>\u00a0 A Pr\u00f3-reitoria de Gradua\u00e7\u00e3o (PROGRAD\/UFSM) comunica ao p\u00fablico que n\u00e3o ter\u00e1 atendimento externo na manh\u00e3 da pr\u00f3xima sexta-feira, 18 de agosto, no turno da manh\u00e3. O motivo \u00e9 o Semin\u00e1rio Interno, direcionado aos(\u00e0s) servidores(as) do setor. O atendimento ser\u00e1 retomado no turno da tarde, a partir das 14 horas. Demais setores vinculados \u00e0 Prograd, [&hellip;]<\/p>\n","protected":false},"author":95,"featured_media":0,"comment_status":"closed","ping_status":"closed","sticky":false,"template":"","format":"standard","meta":{"footnotes":""},"categories":[1],"tags":[426,304,633,661,806,49,47],"class_list":["post-21291","post","type-post","status-publish","format-standard","hentry","category-sem-categoria","tag-biblioteca","tag-caed","tag-cofre-corem","tag-cte-coordenadoria-de-tecnologia-educacional","tag-nisa","tag-prograd","tag-ufsm"],"acf":[],"_links":{"self":[{"href":"https:\/\/www.ufsm.br\/pro-reitorias\/prograd\/wp-json\/wp\/v2\/posts\/21291","targetHints":{"allow":["GET"]}}],"collection":[{"href":"https:\/\/www.ufsm.br\/pro-reitorias\/prograd\/wp-json\/wp\/v2\/posts"}],"about":[{"href":"https:\/\/www.ufsm.br\/pro-reitorias\/prograd\/wp-json\/wp\/v2\/types\/post"}],"author":[{"embeddable":true,"href":"https:\/\/www.ufsm.br\/pro-reitorias\/prograd\/wp-json\/wp\/v2\/users\/95"}],"replies":[{"embeddable":true,"href":"https:\/\/www.ufsm.br\/pro-reitorias\/prograd\/wp-json\/wp\/v2\/comments?post=21291"}],"version-history":[{"count":0,"href":"https:\/\/www.ufsm.br\/pro-reitorias\/prograd\/wp-json\/wp\/v2\/posts\/21291\/revisions"}],"wp:attachment":[{"href":"https:\/\/www.ufsm.br\/pro-reitorias\/prograd\/wp-json\/wp\/v2\/media?parent=21291"}],"wp:term":[{"taxonomy":"category","embeddable":true,"href":"https:\/\/www.ufsm.br\/pro-reitorias\/prograd\/wp-json\/wp\/v2\/categories?post=21291"},{"taxonomy":"post_tag","embeddable":true,"href":"https:\/\/www.ufsm.br\/pro-reitorias\/prograd\/wp-json\/wp\/v2\/tags?post=21291"}],"curies":[{"name":"wp","href":"https:\/\/api.w.org\/{rel}","templated":true}]}}