{"id":21450,"date":"2023-08-28T15:22:00","date_gmt":"2023-08-28T18:22:00","guid":{"rendered":"https:\/\/www.ufsm.br\/pro-reitorias\/prograd\/?p=21450"},"modified":"2023-09-21T13:33:51","modified_gmt":"2023-09-21T16:33:51","slug":"teslle-2023-2-inscricoes-ao-teste-de-suficiencia-em-leitura-em-lingua-estrangeira-encerram-se-em-17-9","status":"publish","type":"post","link":"https:\/\/www.ufsm.br\/pro-reitorias\/prograd\/2023\/08\/28\/teslle-2023-2-inscricoes-ao-teste-de-suficiencia-em-leitura-em-lingua-estrangeira-encerram-se-em-17-9","title":{"rendered":"TESLLE 2023\/2: Inscri\u00e7\u00f5es ao Teste de Sufici\u00eancia em Leitura em L\u00edngua Estrangeira encerram-se em 17\/9"},"content":{"rendered":"\n<p>\u00a0<\/p>\n<p class=\"western\" align=\"justify\"><a href=\"https:\/\/www.ufsm.br\/app\/uploads\/sites\/342\/2023\/09\/UFSM-PROGRAD-DLEM-TESLLE-2023-2-Suficiencia-em-Lingua-Estrangeira-CARD.jpeg\"><img fetchpriority=\"high\" decoding=\"async\" class=\"alignleft wp-image-21451\" src=\"https:\/\/www.ufsm.br\/app\/uploads\/sites\/342\/2023\/09\/UFSM-PROGRAD-DLEM-TESLLE-2023-2-Suficiencia-em-Lingua-Estrangeira-CARD-300x300.jpeg\" alt=\"\" width=\"500\" height=\"500\" srcset=\"https:\/\/www.ufsm.br\/app\/uploads\/sites\/342\/2023\/09\/UFSM-PROGRAD-DLEM-TESLLE-2023-2-Suficiencia-em-Lingua-Estrangeira-CARD-300x300.jpeg 300w, https:\/\/www.ufsm.br\/app\/uploads\/sites\/342\/2023\/09\/UFSM-PROGRAD-DLEM-TESLLE-2023-2-Suficiencia-em-Lingua-Estrangeira-CARD-1024x1024.jpeg 1024w, https:\/\/www.ufsm.br\/app\/uploads\/sites\/342\/2023\/09\/UFSM-PROGRAD-DLEM-TESLLE-2023-2-Suficiencia-em-Lingua-Estrangeira-CARD-150x150.jpeg 150w, https:\/\/www.ufsm.br\/app\/uploads\/sites\/342\/2023\/09\/UFSM-PROGRAD-DLEM-TESLLE-2023-2-Suficiencia-em-Lingua-Estrangeira-CARD-768x768.jpeg 768w, https:\/\/www.ufsm.br\/app\/uploads\/sites\/342\/2023\/09\/UFSM-PROGRAD-DLEM-TESLLE-2023-2-Suficiencia-em-Lingua-Estrangeira-CARD.jpeg 1080w\" sizes=\"(max-width: 500px) 100vw, 500px\" \/><\/a>A Universidade Federal de Santa Maria informa que encontram-se abertas as inscri\u00e7\u00f5es ao\u00a0<a href=\"https:\/\/www.ufsm.br\/pro-reitorias\/prograd\/editais\/092-2023\" target=\"_blank\" rel=\"noopener\"><strong>Teste de Sufici\u00eancia em Leitura em L\u00edngua Estrangeira (TESLLE) para o\u00a0<\/strong><strong>2<\/strong><strong>\u00ba semestre de 2023<\/strong><\/a>. O teste busca aferir a habilidade de leitura em l\u00ednguas estrangeiras das pessoas inscritas, conforme a\u00a0<a href=\"https:\/\/www.ufsm.br\/pro-reitorias\/prpgp\/teslle\/informacoes-gerais\/\" target=\"_blank\" rel=\"noopener\"><strong>Resolu\u00e7\u00e3o n.\u00ba 003\/2010<\/strong><\/a>\u00a0da UFSM.<\/p>\n<p align=\"justify\">O processo classificat\u00f3rio \u00e9 constitu\u00eddo por <strong>um teste de l\u00edngua francesa, espanhola, alem\u00e3, inglesa ou portuguesa como l\u00edngua estrangeira, conforme a op\u00e7\u00e3o de inscri\u00e7\u00e3o, com 16 quest\u00f5es objetivas<\/strong>.<\/p>\n<p class=\"western\" align=\"justify\"><strong>As inscri\u00e7\u00f5es seguem at\u00e9 o dia 17 de setembro<\/strong>. O teste ser\u00e1 realizado no dia <strong>08 de outubro, domingo<\/strong>, no <em>campus<\/em> de Santa Maria, <strong>com in\u00edcio \u00e0s 09 horas e t\u00e9rmino \u00e0s 11 horas<\/strong>.<\/p>\n<p align=\"justify\"><span style=\"color: #ff0000\"><strong>O pagamento da Guia de Recolhimento (GRU) pode ser realizado at\u00e9 o dia 18 de setembro, no Banco do Brasil, em hor\u00e1rio de expediente banc\u00e1rio<\/strong><\/span>.<\/p>\n<p align=\"justify\">Para se inscrever no TESLLE 2023\/2\u00ba semestre, a pessoa interessada deve ser:<\/p>\n<p align=\"justify\">a) estudante de curso de p\u00f3s-gradua\u00e7\u00e3o da UFSM (doutorado, mestrado ou especializa\u00e7\u00e3o);<br \/>b) estudante na categoria Aluno Especial de p\u00f3s-gradua\u00e7\u00e3o da UFSM;<br \/>c) servidora t\u00e9cnico-administrativa ou docente da UFSM;<br \/>d) prov\u00e1vel formanda de gradua\u00e7\u00e3o da UFSM no ano letivo de 2023, ou seja, cursando o \u00faltimo semestre da gradua\u00e7\u00e3o;<br \/>e) estudante de gradua\u00e7\u00e3o do curso de Rela\u00e7\u00f5es Internacionais da UFSM, conforme <strong><a href=\"https:\/\/portal.ufsm.br\/documentos\/publico\/documento.html?id=14175166\" target=\"_blank\" rel=\"noopener\">Instru\u00e7\u00e3o Normativa 011\/2022\/Prograd\/UFSM<\/a><\/strong>, de 24 de maio de 2022.<\/p>\n<p class=\"western\" align=\"justify\">O <a href=\"https:\/\/www.ufsm.br\/pro-reitorias\/prograd\/editais\/092-2023\" target=\"_blank\" rel=\"noopener\"><strong>Edital 092\/2023<\/strong><\/a>, com todas as instru\u00e7\u00f5es a respeito do TESLLE, pode ser acessado no site <a href=\"https:\/\/ufsm.br\/prograd\"><strong>ufsm.br\/prograd<\/strong><\/a>.\u00a0\u00a0<\/p>\n<p align=\"justify\">Informa\u00e7\u00f5es sobre a inscri\u00e7\u00e3o podem ser solicitadas ao e-mail\u00a0<a class=\"notranslate\" href=\"mailto:falecom@nisa.ufsm.br\"><strong>falecom@nisa.ufsm.br<\/strong><\/a>. D\u00favidas a respeito da prova podem ser encaminhadas ao e-mail<strong>\u00a0<\/strong><a class=\"notranslate\" href=\"mailto:suficiencia.ufsm@gmail.com\"><strong>suficiencia.ufsm@gmail.com<\/strong><\/a>.<\/p>\n<p align=\"justify\">\u00a0<\/p>\n","protected":false},"excerpt":{"rendered":"<p>\u00a0 A Universidade Federal de Santa Maria informa que encontram-se abertas as inscri\u00e7\u00f5es ao\u00a0Teste de Sufici\u00eancia em Leitura em L\u00edngua Estrangeira (TESLLE) para o\u00a02\u00ba semestre de 2023. O teste busca aferir a habilidade de leitura em l\u00ednguas estrangeiras das pessoas inscritas, conforme a\u00a0Resolu\u00e7\u00e3o n.\u00ba 003\/2010\u00a0da UFSM. O processo classificat\u00f3rio \u00e9 constitu\u00eddo por um teste de [&hellip;]<\/p>\n","protected":false},"author":95,"featured_media":0,"comment_status":"closed","ping_status":"closed","sticky":false,"template":"","format":"standard","meta":{"footnotes":""},"categories":[1],"tags":[57,478,49,579,451,47],"class_list":["post-21450","post","type-post","status-publish","format-standard","hentry","category-sem-categoria","tag-graduacao","tag-pos-graduacao","tag-prograd","tag-suficiencia-em-lingua-estrangeira","tag-teslle","tag-ufsm"],"acf":[],"_links":{"self":[{"href":"https:\/\/www.ufsm.br\/pro-reitorias\/prograd\/wp-json\/wp\/v2\/posts\/21450","targetHints":{"allow":["GET"]}}],"collection":[{"href":"https:\/\/www.ufsm.br\/pro-reitorias\/prograd\/wp-json\/wp\/v2\/posts"}],"about":[{"href":"https:\/\/www.ufsm.br\/pro-reitorias\/prograd\/wp-json\/wp\/v2\/types\/post"}],"author":[{"embeddable":true,"href":"https:\/\/www.ufsm.br\/pro-reitorias\/prograd\/wp-json\/wp\/v2\/users\/95"}],"replies":[{"embeddable":true,"href":"https:\/\/www.ufsm.br\/pro-reitorias\/prograd\/wp-json\/wp\/v2\/comments?post=21450"}],"version-history":[{"count":0,"href":"https:\/\/www.ufsm.br\/pro-reitorias\/prograd\/wp-json\/wp\/v2\/posts\/21450\/revisions"}],"wp:attachment":[{"href":"https:\/\/www.ufsm.br\/pro-reitorias\/prograd\/wp-json\/wp\/v2\/media?parent=21450"}],"wp:term":[{"taxonomy":"category","embeddable":true,"href":"https:\/\/www.ufsm.br\/pro-reitorias\/prograd\/wp-json\/wp\/v2\/categories?post=21450"},{"taxonomy":"post_tag","embeddable":true,"href":"https:\/\/www.ufsm.br\/pro-reitorias\/prograd\/wp-json\/wp\/v2\/tags?post=21450"}],"curies":[{"name":"wp","href":"https:\/\/api.w.org\/{rel}","templated":true}]}}