{"id":21498,"date":"2023-09-26T11:02:48","date_gmt":"2023-09-26T14:02:48","guid":{"rendered":"https:\/\/www.ufsm.br\/pro-reitorias\/prograd\/?p=21498"},"modified":"2023-10-16T15:50:47","modified_gmt":"2023-10-16T18:50:47","slug":"habilidades-contempladas-nas-provas-do-vestibular-e-do-processo-seletivo-seriado-pss-serao-apresentadas-dia-29-durante-o-descubra-ufsm","status":"publish","type":"post","link":"https:\/\/www.ufsm.br\/pro-reitorias\/prograd\/2023\/09\/26\/habilidades-contempladas-nas-provas-do-vestibular-e-do-processo-seletivo-seriado-pss-serao-apresentadas-dia-29-durante-o-descubra-ufsm","title":{"rendered":"Habilidades contempladas nas provas do Vestibular e do Processo Seletivo Seriado (PSS) ser\u00e3o apresentadas dia 29 durante o Descubra UFSM"},"content":{"rendered":"\n<p>\u00a0<\/p>\n<p><a href=\"https:\/\/www.ufsm.br\/app\/uploads\/sites\/342\/2023\/09\/UFSM-PROGRAD-descubra_2023-Apresentacao-Habilidades-Vestibular_e_PS_Seriado.jpeg\"><img fetchpriority=\"high\" decoding=\"async\" class=\"alignright wp-image-21499\" src=\"https:\/\/www.ufsm.br\/app\/uploads\/sites\/342\/2023\/09\/UFSM-PROGRAD-descubra_2023-Apresentacao-Habilidades-Vestibular_e_PS_Seriado-300x300.jpeg\" alt=\"\" width=\"500\" height=\"500\" srcset=\"https:\/\/www.ufsm.br\/app\/uploads\/sites\/342\/2023\/09\/UFSM-PROGRAD-descubra_2023-Apresentacao-Habilidades-Vestibular_e_PS_Seriado-300x300.jpeg 300w, https:\/\/www.ufsm.br\/app\/uploads\/sites\/342\/2023\/09\/UFSM-PROGRAD-descubra_2023-Apresentacao-Habilidades-Vestibular_e_PS_Seriado-1024x1024.jpeg 1024w, https:\/\/www.ufsm.br\/app\/uploads\/sites\/342\/2023\/09\/UFSM-PROGRAD-descubra_2023-Apresentacao-Habilidades-Vestibular_e_PS_Seriado-150x150.jpeg 150w, https:\/\/www.ufsm.br\/app\/uploads\/sites\/342\/2023\/09\/UFSM-PROGRAD-descubra_2023-Apresentacao-Habilidades-Vestibular_e_PS_Seriado-768x768.jpeg 768w, https:\/\/www.ufsm.br\/app\/uploads\/sites\/342\/2023\/09\/UFSM-PROGRAD-descubra_2023-Apresentacao-Habilidades-Vestibular_e_PS_Seriado.jpeg 1080w\" sizes=\"(max-width: 500px) 100vw, 500px\" \/><\/a>A comunidade que prestigiar o <a href=\"https:\/\/www.ufsm.br\/pro-reitorias\/prograd\/eventos\/descubra-ufsm-2023\" target=\"_blank\" rel=\"noopener\"><strong>Descubra UFSM<\/strong><\/a> este ano, al\u00e9m de fazer contato direto com professores e acad\u00eamicos dos cursos da UFSM, poder\u00e1 saber mais sobre a estrutura das futuras provas para ingresso nos cursos da Universidade.<\/p>\n<p>A Pr\u00f3-reitoria de Gradua\u00e7\u00e3o (Prograd) vai apresentar, aos visitantes do Descubra, as habilidades recomendadas pela <a href=\"http:\/\/basenacionalcomum.mec.gov.br\/\" target=\"_blank\" rel=\"noopener\"><strong>Base Nacional Comum Curricular (BNCC)<\/strong><\/a> que nortear\u00e3o o Programa de Conte\u00fados do <strong>Vestibular UFSM<\/strong> e do <strong>Processo Seletivo Seriado (PSS)<\/strong> da institui\u00e7\u00e3o.<\/p>\n<p>A apresenta\u00e7\u00e3o vai acontecer na<strong> sexta-feira, dia 29 de setembro, \u00e0s 10 horas<\/strong>, durante o Descubra, com transmiss\u00e3o tamb\u00e9m em <a href=\"https:\/\/www.instagram.com\/p\/Cxx1PmHMFgd\/\" target=\"_blank\" rel=\"noopener\"><strong>https:\/\/www.instagram.com\/progradufsm\/live\/<\/strong><\/a>\u00a0<\/p>\n<p>Os <strong>Cadernos com as Habilidades<\/strong> que ser\u00e3o exigidas no <a href=\"https:\/\/ufsm.br\/vestibular\" target=\"_blank\" rel=\"noopener\"><strong>Vestibular<\/strong><\/a> e no <a href=\"https:\/\/ufsm.br\/pss\" target=\"_blank\" rel=\"noopener\"><strong>Processo Seletivo Seriado<\/strong><\/a> estar\u00e3o dispon\u00edveis no <em>site<\/em> da <a href=\"https:\/\/www.ufsm.br\/pro-reitorias\/prograd\/ingresse-na-ufsm\" target=\"_blank\" rel=\"noopener\"><strong>Pr\u00f3-Reitoria de Gradua\u00e7\u00e3o (Prograd)<\/strong><\/a>.\u00a0<\/p>\n<p>Na ocasi\u00e3o, a Comiss\u00e3o de Sele\u00e7\u00e3o e Ingresso comentar\u00e1 as habilidades descritas no BNCC que poder\u00e3o estar presentes de forma interdisciplinar nas provas, permeando as <strong>grandes \u00e1reas do<\/strong> <strong>conhecimento:<\/strong><\/p>\n<ul style=\"list-style-type: square\">\n<li><strong>Ci\u00eancias Humanas e Sociais Aplicadas;<\/strong><\/li>\n<li><strong>Ci\u00eancias da Natureza e suas tecnologias;<\/strong><\/li>\n<li><strong>Matem\u00e1tica e suas tecnologias; e<\/strong><\/li>\n<li><strong>Linguagens e suas tecnologias.<\/strong><\/li>\n<\/ul>\n<p>A aplica\u00e7\u00e3o do Vestibular, bem como da Prova 1 do PSS, est\u00e1 prevista para<strong> janeiro de 2024.<\/strong><\/p>\n<p>A UFSM retomar\u00e1 o Processo Seletivo Seriado como modalidade alternativa ao Vestibular para ingresso na gradua\u00e7\u00e3o. Ser\u00e3o realizadas provas com quest\u00f5es objetivas referentes ao 1\u00ba ano do Ensino M\u00e9dio ou equivalente (PSS1), ao 2\u00ba ano do Ensino M\u00e9dio ou equivalente (PSS2) e ao 3\u00ba ano do Ensino M\u00e9dio ou equivalente (PSS3). Esta \u00faltima prova ser\u00e1 seguida da prova de reda\u00e7\u00e3o, conforme o cronograma:<\/p>\n<ul style=\"list-style-type: square\">\n<li><strong>Janeiro de 2024: aplica\u00e7\u00e3o do PSS1;<\/strong><\/li>\n<li><strong>2025: aplica\u00e7\u00e3o do PSS1 e PSS2;<\/strong><\/li>\n<li><strong>2026: aplica\u00e7\u00e3o do PSS1, PSS2 e PSS3 com a reda\u00e7\u00e3o.<\/strong><\/li>\n<\/ul>\n<p>Outras informa\u00e7\u00f5es sobre o Vestibular e o Processo Seletivo Seriado da UFSM podem ser solicitadas ao email do N\u00facleo de Ingresso e Sele\u00e7\u00e3o Acad\u00eamicos: <a href=\"mailto:falecom@nisa.ufsm.br\"><strong>falecom@nisa.ufsm.br<\/strong><\/a>.\u00a0<\/p>\n<p>\u00a0<\/p>\n","protected":false},"excerpt":{"rendered":"<p>\u00a0 A comunidade que prestigiar o Descubra UFSM este ano, al\u00e9m de fazer contato direto com professores e acad\u00eamicos dos cursos da UFSM, poder\u00e1 saber mais sobre a estrutura das futuras provas para ingresso nos cursos da Universidade. A Pr\u00f3-reitoria de Gradua\u00e7\u00e3o (Prograd) vai apresentar, aos visitantes do Descubra, as habilidades recomendadas pela Base Nacional [&hellip;]<\/p>\n","protected":false},"author":95,"featured_media":0,"comment_status":"closed","ping_status":"closed","sticky":false,"template":"","format":"standard","meta":{"footnotes":""},"categories":[1],"tags":[560,480,805,177,808,57,731,49,820,47,487],"class_list":["post-21498","post","type-post","status-publish","format-standard","hentry","category-sem-categoria","tag-bncc","tag-capa","tag-descubra-2023","tag-descubra-ufsm","tag-descubra-ufsm-2023","tag-graduacao","tag-processo-seletivo-seriado","tag-prograd","tag-pss","tag-ufsm","tag-vestibular"],"acf":[],"_links":{"self":[{"href":"https:\/\/www.ufsm.br\/pro-reitorias\/prograd\/wp-json\/wp\/v2\/posts\/21498","targetHints":{"allow":["GET"]}}],"collection":[{"href":"https:\/\/www.ufsm.br\/pro-reitorias\/prograd\/wp-json\/wp\/v2\/posts"}],"about":[{"href":"https:\/\/www.ufsm.br\/pro-reitorias\/prograd\/wp-json\/wp\/v2\/types\/post"}],"author":[{"embeddable":true,"href":"https:\/\/www.ufsm.br\/pro-reitorias\/prograd\/wp-json\/wp\/v2\/users\/95"}],"replies":[{"embeddable":true,"href":"https:\/\/www.ufsm.br\/pro-reitorias\/prograd\/wp-json\/wp\/v2\/comments?post=21498"}],"version-history":[{"count":0,"href":"https:\/\/www.ufsm.br\/pro-reitorias\/prograd\/wp-json\/wp\/v2\/posts\/21498\/revisions"}],"wp:attachment":[{"href":"https:\/\/www.ufsm.br\/pro-reitorias\/prograd\/wp-json\/wp\/v2\/media?parent=21498"}],"wp:term":[{"taxonomy":"category","embeddable":true,"href":"https:\/\/www.ufsm.br\/pro-reitorias\/prograd\/wp-json\/wp\/v2\/categories?post=21498"},{"taxonomy":"post_tag","embeddable":true,"href":"https:\/\/www.ufsm.br\/pro-reitorias\/prograd\/wp-json\/wp\/v2\/tags?post=21498"}],"curies":[{"name":"wp","href":"https:\/\/api.w.org\/{rel}","templated":true}]}}