{"id":21507,"date":"2023-09-27T13:19:34","date_gmt":"2023-09-27T16:19:34","guid":{"rendered":"https:\/\/www.ufsm.br\/pro-reitorias\/prograd\/?p=21507"},"modified":"2023-10-01T14:24:39","modified_gmt":"2023-10-01T17:24:39","slug":"descubra-ufsm-2023-movimenta-o-campus-sede-de-quinta-28-9-ate-sabado-30-9","status":"publish","type":"post","link":"https:\/\/www.ufsm.br\/pro-reitorias\/prograd\/2023\/09\/27\/descubra-ufsm-2023-movimenta-o-campus-sede-de-quinta-28-9-ate-sabado-30-9","title":{"rendered":"Descubra UFSM 2023 movimenta o Campus Sede de quinta (28\/9) at\u00e9 s\u00e1bado (30\/9)"},"content":{"rendered":"\n<p>\u00a0<\/p>\n<p><a href=\"https:\/\/www.ufsm.br\/app\/uploads\/sites\/342\/2023\/09\/UFSM-PROGRAD-DESCUBRA-2023-CARTAZ-.jpg\"><img fetchpriority=\"high\" decoding=\"async\" class=\"alignright wp-image-21509\" src=\"https:\/\/www.ufsm.br\/app\/uploads\/sites\/342\/2023\/09\/UFSM-PROGRAD-DESCUBRA-2023-CARTAZ--212x300.jpg\" alt=\"\" width=\"500\" height=\"707\" srcset=\"https:\/\/www.ufsm.br\/app\/uploads\/sites\/342\/2023\/09\/UFSM-PROGRAD-DESCUBRA-2023-CARTAZ--212x300.jpg 212w, https:\/\/www.ufsm.br\/app\/uploads\/sites\/342\/2023\/09\/UFSM-PROGRAD-DESCUBRA-2023-CARTAZ-.jpg 724w\" sizes=\"(max-width: 500px) 100vw, 500px\" \/><\/a>A UFSM realiza desta quinta-feira (28) at\u00e9 s\u00e1bado (30) o\u00a0<strong><a href=\"https:\/\/ufsm.br\/descubra\" target=\"_blank\" rel=\"noopener\">Descubra UFSM 2023<\/a><\/strong>, que ocorre no <a href=\"https:\/\/www.google.com\/maps\/@-29.7239967,-53.7124276,376m\/data=!3m1!1e3?hl=pt-BR&amp;entry=ttu\" target=\"_blank\" rel=\"noopener\"><strong>Parque de Inova\u00e7\u00e3o, Ci\u00eancia e Tecnologia (PICT)<\/strong><\/a>, no<em> Campus<\/em> Santa Maria, antigo Centro de Eventos. Na quinta e na sexta, a visita\u00e7\u00e3o ser\u00e1 das 9h \u00e0s 17h. No s\u00e1bado, das 9h \u00e0s 15h. A abertura oficial ser\u00e1 \u00e0s 10h da quinta, no palco principal.<\/p>\n<p>Em sua 10\u00aa edi\u00e7\u00e3o, o Descubra UFSM tem como mote <strong>a inova\u00e7\u00e3o e a criatividade na educa\u00e7\u00e3o superior<\/strong>.\u00a0O evento \u00e9 gratuito e aberto \u00e0 comunidade, atraindo principalmente escolas e estudantes da Educa\u00e7\u00e3o B\u00e1sica de Santa Maria, da Regi\u00e3o Central e de outros pontos do Rio Grande do Sul.<\/p>\n<p>As escolas interessadas em participar ainda podem se cadastrar pelo\u00a0<strong><a href=\"https:\/\/docs.google.com\/forms\/d\/e\/1FAIpQLSdXnIYBqtWoRsc37QBVTtik8QCJJfqG04G-GKilCnn_5nCBgw\/viewform\" target=\"_blank\" rel=\"noopener\">formul\u00e1rio<\/a><\/strong>. Tamb\u00e9m \u00e9 poss\u00edvel participar do evento sem a realiza\u00e7\u00e3o de cadastro pr\u00e9vio. A comunidade tamb\u00e9m \u00e9 convidada a participar.<\/p>\n<h3>Cursos, oportunidades e formas de ingresso<\/h3>\n<p>O Descubra \u00e9 o evento anual da UFSM, no qual a Institui\u00e7\u00e3o tem a oportunidade de divulgar \u00e0 popula\u00e7\u00e3o os cursos, servi\u00e7os, oportunidades e a\u00e7\u00f5es que oferece nos <em>campi<\/em> de Santa Maria, Cachoeira do Sul, Frederico Westphalen e Palmeira das Miss\u00f5es.<\/p>\n<p>Nos estandes, alunos, pais, respons\u00e1veis e professores podem tirar d\u00favidas diretamente com os acad\u00eamicos e docentes dos cursos de todos os n\u00edveis: do m\u00e9dio e t\u00e9cnico, passando pela gradua\u00e7\u00e3o at\u00e9 a p\u00f3s-gradua\u00e7\u00e3o.<\/p>\n<p>Tamb\u00e9m \u00e9 poss\u00edvel obter informa\u00e7\u00f5es sobre as iniciativas de pesquisa e extens\u00e3o da UFSM, bem como sobre as oportunidades de assist\u00eancia estudantil que favorecem a perman\u00eancia dos estudantes na UFSM, como bolsas, aux\u00edlio pedag\u00f3gico, moradia estudantil e benef\u00edcio socioecon\u00f4mico.\u00a0<\/p>\n<p>As formas de ingresso na UFSM tamb\u00e9m ter\u00e3o destaque no evento. Na sexta-feira (29), \u00e0s 10h,\u00a0<a href=\"https:\/\/ufsm.br\/r-342-21498\" target=\"_blank\" rel=\"noopener\"><strong>ser\u00e3o apresentadas aos visitantes\u00a0as habilidades<\/strong> <\/a>que nortear\u00e3o o Programa de Conte\u00fados do Vestibular UFSM e do Processo Seletivo Seriado (PSS) da institui\u00e7\u00e3o.<\/p>\n<h3><em>Tour<\/em> pelo <em>campus<\/em> e atra\u00e7\u00f5es diversas<\/h3>\n<p>O Descubra UFSM tamb\u00e9m proporcionar\u00e1 a seus visitantes espa\u00e7os de tecnologia, arte, inova\u00e7\u00e3o e criatividade, al\u00e9m de ambientes de conviv\u00eancia, apresenta\u00e7\u00f5es de m\u00fasica e dan\u00e7a, oficinas breves e pra\u00e7a de alimenta\u00e7\u00e3o, entre outras atra\u00e7\u00f5es. A tradicional Rua das Artes ser\u00e1 um dos destaques.<\/p>\n<p>Neste ano, mais uma vez os participantes poder\u00e3o participar de\u00a0<strong><em>tour<\/em> guiado pelo Campus Sede<\/strong>. Os passeios de \u00f4nibus ser\u00e3o realizados de hora em hora nos tr\u00eas dias e devem ser agendados diretamente com a organiza\u00e7\u00e3o. Os participantes conhecer\u00e3o o Planet\u00e1rio, Biblioteca Central, Jardim Bot\u00e2nico, a \u00e1rea de v\u00e1rzea para pesquisas agr\u00edcolas, al\u00e9m de laborat\u00f3rios, mostras, museus e acervos, entre outros locais do Campus Sede.<\/p>\n<p>As escolas que desejarem visitar <strong>somente o Planet\u00e1rio<\/strong> dever\u00e3o fazer o agendamento via e-mail <a class=\"notranslate\" href=\"mailto:planetario.agendamento@gmail.com\"><strong>planetario.agendamento@gmail.com<\/strong><\/a>, indicando o texto \u201cDESCUBRA\u201d no assunto da mensagem.<\/p>\n<p>\u00a0<\/p>\n<h3>Integra\u00e7\u00e3o com o Conecta Cidade Universit\u00e1ria<\/h3>\n<p>Nesta edi\u00e7\u00e3o, o Descubra UFSM ter\u00e1 a ades\u00e3o do\u00a0<strong><a href=\"https:\/\/www.ufsm.br\/2023\/09\/22\/ufsm-participa-do-conecta-cidade-universitaria-na-proxima-semana\" target=\"_blank\" rel=\"noopener\">Conecta Cidade Universit\u00e1ria<\/a><\/strong>, um evento promovido pela Prefeitura de Santa maria que re\u00fane ensino, pesquisa, extens\u00e3o e inova\u00e7\u00e3o e promove a integra\u00e7\u00e3o das institui\u00e7\u00f5es de ensino superior de Santa Maria com empreendedorismo, cultura e criatividade.<\/p>\n<p>A programa\u00e7\u00e3o teve in\u00edcio na segunda-feira (25), com atividades descentralizadas que contaram com a participa\u00e7\u00e3o da UFSM. A partir desta quinta (28), o Conecta Cidade Universit\u00e1ria se integra ao Descubra UFSM. Haver\u00e1 um estande voltado \u00e0 iniciativa, a cargo da Prefeitura e demais institui\u00e7\u00f5es de ensino superior de Santa Maria.<\/p>\n<p>Outras atra\u00e7\u00f5es do Descubra s\u00e3o a <strong>Pra\u00e7a de Alimenta\u00e7\u00e3o<\/strong> e o <strong>Espa\u00e7o Vibe<\/strong>, que contar\u00e1 com DJ. O mapa e a programa\u00e7\u00e3o completa do evento est\u00e3o dispon\u00edveis no site <strong><a href=\"https:\/\/ufsm.br\/descubra\" target=\"_blank\" rel=\"noopener\">ufsm.br\/descubra<\/a><\/strong>.\u00a0<\/p>\n<p><em>Fonte: ufsm.br\u00a0<\/em><\/p>\n","protected":false},"excerpt":{"rendered":"<p>Na quinta e na sexta, a visita\u00e7\u00e3o ser\u00e1 das 9h \u00e0s 17h; no s\u00e1bado, das 9h \u00e0s 15h<\/p>\n","protected":false},"author":95,"featured_media":0,"comment_status":"closed","ping_status":"closed","sticky":false,"template":"","format":"standard","meta":{"footnotes":""},"categories":[1],"tags":[811,805,177,808,194,57,731,49,820,192,47,487],"class_list":["post-21507","post","type-post","status-publish","format-standard","hentry","category-sem-categoria","tag-conecta-cidade-universitaria","tag-descubra-2023","tag-descubra-ufsm","tag-descubra-ufsm-2023","tag-enem","tag-graduacao","tag-processo-seletivo-seriado","tag-prograd","tag-pss","tag-sisu","tag-ufsm","tag-vestibular"],"acf":[],"_links":{"self":[{"href":"https:\/\/www.ufsm.br\/pro-reitorias\/prograd\/wp-json\/wp\/v2\/posts\/21507","targetHints":{"allow":["GET"]}}],"collection":[{"href":"https:\/\/www.ufsm.br\/pro-reitorias\/prograd\/wp-json\/wp\/v2\/posts"}],"about":[{"href":"https:\/\/www.ufsm.br\/pro-reitorias\/prograd\/wp-json\/wp\/v2\/types\/post"}],"author":[{"embeddable":true,"href":"https:\/\/www.ufsm.br\/pro-reitorias\/prograd\/wp-json\/wp\/v2\/users\/95"}],"replies":[{"embeddable":true,"href":"https:\/\/www.ufsm.br\/pro-reitorias\/prograd\/wp-json\/wp\/v2\/comments?post=21507"}],"version-history":[{"count":0,"href":"https:\/\/www.ufsm.br\/pro-reitorias\/prograd\/wp-json\/wp\/v2\/posts\/21507\/revisions"}],"wp:attachment":[{"href":"https:\/\/www.ufsm.br\/pro-reitorias\/prograd\/wp-json\/wp\/v2\/media?parent=21507"}],"wp:term":[{"taxonomy":"category","embeddable":true,"href":"https:\/\/www.ufsm.br\/pro-reitorias\/prograd\/wp-json\/wp\/v2\/categories?post=21507"},{"taxonomy":"post_tag","embeddable":true,"href":"https:\/\/www.ufsm.br\/pro-reitorias\/prograd\/wp-json\/wp\/v2\/tags?post=21507"}],"curies":[{"name":"wp","href":"https:\/\/api.w.org\/{rel}","templated":true}]}}