{"id":21518,"date":"2023-09-28T15:15:00","date_gmt":"2023-09-28T18:15:00","guid":{"rendered":"https:\/\/www.ufsm.br\/pro-reitorias\/prograd\/?p=21518"},"modified":"2023-10-20T14:14:45","modified_gmt":"2023-10-20T17:14:45","slug":"descubra-2023-decima-edicao-do-evento-inicia-com-expectativa-de-publico-recorde","status":"publish","type":"post","link":"https:\/\/www.ufsm.br\/pro-reitorias\/prograd\/2023\/09\/28\/descubra-2023-decima-edicao-do-evento-inicia-com-expectativa-de-publico-recorde","title":{"rendered":"Descubra 2023: D\u00e9cima edi\u00e7\u00e3o do evento inicia com expectativa de p\u00fablico recorde"},"content":{"rendered":"\n<p>\u00a0<\/p>\n<p>O <a href=\"https:\/\/www.ufsm.br\/pro-reitorias\/prograd\/eventos\/descubra-ufsm-2023\" target=\"_blank\" rel=\"noopener\"><strong>Descubra 2023<\/strong><\/a> iniciou nesta quinta-feira (28) com expectativa de mais de 27 mil visitantes ao longo dos tr\u00eas dias de evento. Apenas na manh\u00e3 de hoje, 87 \u00f4nibus trazendo alunos de 90 munic\u00edpios do Rio Grande do Sul cruzaram o arco da UFSM para trazer visitantes ao Descubra. Nesta edi\u00e7\u00e3o, cerca de 250 escolas se cadastraram para participar e conhecer os 130 cursos superiores, t\u00e9cnicos e atividades de pesquisa, ensino e extens\u00e3o que a UFSM tem para oferecer. Al\u00e9m disso, os visitantes podem realizar o\u00a0<a href=\"https:\/\/www.ufsm.br\/pro-reitorias\/prograd\/2023\/08\/24\/descubra-ufsm-2023-contara-com-tour-pelo-campus\"><strong>tour<\/strong> <strong>guiado<\/strong><\/a>\u00a0pelo <em>Campus<\/em> e conhecer espa\u00e7os culturais, laborat\u00f3rios, planet\u00e1rio e exposi\u00e7\u00f5es. \u00a0<\/p>\n<p><strong>10 anos de Descubra<\/strong><\/p>\n<p><img fetchpriority=\"high\" decoding=\"async\" class=\"alignleft wp-image-63877 \" src=\"https:\/\/www.ufsm.br\/app\/uploads\/2023\/09\/MGL5730.jpg\" alt=\"\" width=\"534\" height=\"356\" \/>O evento iniciou com apresenta\u00e7\u00f5es de canto e dan\u00e7a de grupos do Instituto Federal Farroupilha e da UFSM. Entre as autoridades presentes estavam o reitor, Luciano Schuch, a vice-reitora, Martha Adaime, o Pr\u00f3-Reitor de Gradua\u00e7\u00e3o e coordenador do Descubra 2023, Jer\u00f4nimo Tybusch, o prefeito Jorge Pozzobom, vice-prefeito Rodrigo D\u00e9cimo e a secret\u00e1ria de cultura Rose Carneiro, al\u00e9m de demais pr\u00f3-reitores, diretores de centro, servidores e estudantes da Universidade.<\/p>\n<p>Se no ano passado o sentimento era de retomada p\u00f3s-pandemia, o evento deste ano est\u00e1 aliado \u00e0 inova\u00e7\u00e3o. Jer\u00f4nimo Tybusch destacou a import\u00e2ncia do evento para aproximar a comunidade acad\u00eamica da regi\u00e3o e para que o p\u00fablico conhe\u00e7a o que \u00e9 desenvolvido na UFSM: \u201c\u00c9 uma oportunidade que a gente tem de contribuir para o desenvolvimento regional e para essa percep\u00e7\u00e3o de que Santa Maria \u00e9 realmente um polo educacional\u201d. Na sexta-feira (29), a partir das 10 horas, no palco principal do Descubra, ocorre a divulga\u00e7\u00e3o das<strong><a href=\"https:\/\/www.ufsm.br\/pro-reitorias\/prograd\/2023\/09\/26\/habilidades-contempladas-nas-provas-do-vestibular-e-do-processo-seletivo-seriado-pss-serao-apresentadas-dia-29-durante-o-descubra-ufsm\" target=\"_blank\" rel=\"noopener\"> habilidades que nortear\u00e3o as provas do Vestibular e do Processo Seletivo para janeiro de 2024.\u00a0<\/a><\/strong><\/p>\n<p>O pr\u00f3-reitor destacou, ainda, a import\u00e2ncia de um espa\u00e7o como esse, em que os estudantes podem circular e conhecer diferentes possibilidades para o futuro profissional. \u201cO Descubra \u00e9 uma grande feira que potencializa a escolha profissional. E uma escolha profissional vocacionada e consciente, \u00e9 uma escolha que faz com que justamente n\u00e3o haja evas\u00e3o e a garantia da perman\u00eancia desses estudantes que est\u00e3o aqui para escolher as suas profiss\u00f5es\u201d, afirmou o pr\u00f3-reitor.<\/p>\n<p>No ano passado, cerca de 150 escolas estiveram presentes no evento. Este ano, al\u00e9m de contar com um p\u00fablico maior \u2013 aproximadamente 100 cadastros a mais das escolas -, o espa\u00e7o tamb\u00e9m foi ampliado para melhor atender ao p\u00fablico. Houve a inser\u00e7\u00e3o de projetos como o Laborat\u00f3rio Multidisciplinar de Pesquisas em Pr\u00e1ticas Integrativas e Complementares em Sa\u00fade (LAPICS), Programa Institucional de Bolsas de Inicia\u00e7\u00e3o \u00e0 Doc\u00eancia (PIBID), Programas de Educa\u00e7\u00e3o Tutorial (PET), Resid\u00eancia Pedag\u00f3gica (PRP), al\u00e9m da parceria com a prefeitura de Santa Maria para promover o <strong><a href=\"https:\/\/www.ufsm.br\/pro-reitorias\/prograd\/2023\/09\/04\/espaco-conecta-cidade-universitaria-e-campanha-publicitaria-do-descubra-ufsm-2023-serao-lancados-na-quarta-feira-6-de-setembro\" target=\"_blank\" rel=\"noopener\">Conecta Cidade Universit\u00e1ria<\/a><\/strong>, um espa\u00e7o em que \u00e9 poss\u00edvel conhecer outras institui\u00e7\u00f5es de ensino de Santa Maria e regi\u00e3o.<\/p>\n<p><img decoding=\"async\" class=\"alignright wp-image-63878 \" src=\"https:\/\/www.ufsm.br\/app\/uploads\/2023\/09\/MGL5424.jpg\" alt=\"\" width=\"499\" height=\"333\" \/>O reitor da UFSM, Luciano Schuch, comentou sobre a conex\u00e3o que o Descubra proporciona com a rede de ensino b\u00e1sico, com as escolas da regi\u00e3o e com os jovens. \u201c\u00c9 a oportunidade de mostrar o que a nossa universidade tem de bom. Todos os 130 cursos est\u00e3o aqui presentes, o nosso ensino t\u00e9cnico. Convido a comunidade para que venham conhecer a UFSM, conhecer os nossos cursos, o nosso Jardim Bot\u00e2nico, o Planet\u00e1rio e que venham viver essa experi\u00eancia na nossa universidade e depois venham estudar aqui\u201d. O reitor ainda destaca a parceria da Institui\u00e7\u00e3o com a prefeitura, promovendo o Conecta Cidade Universit\u00e1ria, \u201cO projeto casa com todos os nossos projetos da UFSM conectada com a comunidade de toda a regi\u00e3o. O vestibular seriado \u00e9 isso, \u00e9 a conex\u00e3o com a nossa regi\u00e3o e mostrar que Santa Maria \u00e9 um espa\u00e7o em que os nossos jovens podem vir morar, uma cidade Universit\u00e1ria\u201d, ressaltou Luciano Schuch.<\/p>\n<p><strong>Expectativas dos visitantes<\/strong><\/p>\n<p>A professora Tainara da Silva Guimar\u00e3es, da escola Walter Jobim, de Santa Maria, contou do entusiasmo dos alunos com a visita: \u201cEles estavam com uma expectativa muito alta. Como a escola \u00e9 pequena, a gente conseguiu trazer todo o ensino m\u00e9dio. Ent\u00e3o tem aluno do primeiro, do segundo e do terceiro ano. Tem alguns que n\u00e3o sabiam o que fazer e agora eles est\u00e3o se interessando [pelos cursos]\u201d. \u00c9 a primeira vez da escola no evento.<\/p>\n<p>Al\u00e9m de conhecer novos cursos, h\u00e1 tamb\u00e9m quem apenas confirme a resposta da temida pergunta \u201cque curso voc\u00ea quer fazer depois que sair do Ensino M\u00e9dio?\u201d. Como \u00e9 o caso das estudantes Anelise Menezes e Ver\u00f4nica Garlet, da escola Jo\u00e3o XXIII. Ambas decidiram cursar Fisioterapia a partir do que puderam acompanhar no Descubra. Mesmo depois de j\u00e1 estarem com o curso decidido, as estudantes seguiram pelo espa\u00e7o buscando informa\u00e7\u00f5es de diversas \u00e1reas. \u201cAchei tudo muito bom. Tudo bem informativo\u201d, Ver\u00f4nica finaliza.<\/p>\n<p>A programa\u00e7\u00e3o segue durante a tarde desta quinta-feira, na sexta-feira e s\u00e1bado, e pode ser acessada em <a href=\"https:\/\/www.ufsm.br\/pro-reitorias\/prograd\/eventos\/descubra-ufsm-2023\" target=\"_blank\" rel=\"noopener\"><strong>ufsm.br\/descubra<\/strong><\/a>.\u00a0<\/p>\n<p><em>Texto: Andreina Possan e Mariane Machado, estudantes de jornalismo<br \/>Fotos: Gabriel Escobar<br \/>Edi\u00e7\u00e3o: Mariana Henriques, jornalista\u00a0<br \/><\/em><\/p>\n<p><em>Fonte: ufsm.br\u00a0<\/em><\/p>\n","protected":false},"excerpt":{"rendered":"<p>Evento segue na sexta (29) das 9 \u00e0s 17 horas e no s\u00e1bado (30) das 9 \u00e0s 15 horas, sem fechar ao meio-dia<\/p>\n","protected":false},"author":95,"featured_media":0,"comment_status":"closed","ping_status":"closed","sticky":false,"template":"","format":"standard","meta":{"footnotes":""},"categories":[1],"tags":[480,805,177,808,194,57,731,49,192,47,487],"class_list":["post-21518","post","type-post","status-publish","format-standard","hentry","category-sem-categoria","tag-capa","tag-descubra-2023","tag-descubra-ufsm","tag-descubra-ufsm-2023","tag-enem","tag-graduacao","tag-processo-seletivo-seriado","tag-prograd","tag-sisu","tag-ufsm","tag-vestibular"],"acf":[],"_links":{"self":[{"href":"https:\/\/www.ufsm.br\/pro-reitorias\/prograd\/wp-json\/wp\/v2\/posts\/21518","targetHints":{"allow":["GET"]}}],"collection":[{"href":"https:\/\/www.ufsm.br\/pro-reitorias\/prograd\/wp-json\/wp\/v2\/posts"}],"about":[{"href":"https:\/\/www.ufsm.br\/pro-reitorias\/prograd\/wp-json\/wp\/v2\/types\/post"}],"author":[{"embeddable":true,"href":"https:\/\/www.ufsm.br\/pro-reitorias\/prograd\/wp-json\/wp\/v2\/users\/95"}],"replies":[{"embeddable":true,"href":"https:\/\/www.ufsm.br\/pro-reitorias\/prograd\/wp-json\/wp\/v2\/comments?post=21518"}],"version-history":[{"count":0,"href":"https:\/\/www.ufsm.br\/pro-reitorias\/prograd\/wp-json\/wp\/v2\/posts\/21518\/revisions"}],"wp:attachment":[{"href":"https:\/\/www.ufsm.br\/pro-reitorias\/prograd\/wp-json\/wp\/v2\/media?parent=21518"}],"wp:term":[{"taxonomy":"category","embeddable":true,"href":"https:\/\/www.ufsm.br\/pro-reitorias\/prograd\/wp-json\/wp\/v2\/categories?post=21518"},{"taxonomy":"post_tag","embeddable":true,"href":"https:\/\/www.ufsm.br\/pro-reitorias\/prograd\/wp-json\/wp\/v2\/tags?post=21518"}],"curies":[{"name":"wp","href":"https:\/\/api.w.org\/{rel}","templated":true}]}}