{"id":21665,"date":"2023-11-13T10:06:00","date_gmt":"2023-11-13T13:06:00","guid":{"rendered":"https:\/\/www.ufsm.br\/pro-reitorias\/prograd\/?p=21665"},"modified":"2023-11-29T18:01:43","modified_gmt":"2023-11-29T21:01:43","slug":"evento-discutira-a-educacao-a-distancia-no-rs-na-quinta-feira-23-11","status":"publish","type":"post","link":"https:\/\/www.ufsm.br\/pro-reitorias\/prograd\/2023\/11\/13\/evento-discutira-a-educacao-a-distancia-no-rs-na-quinta-feira-23-11","title":{"rendered":"Evento discutir\u00e1 a Educa\u00e7\u00e3o a Dist\u00e2ncia no RS na quinta-feira, 23\/11"},"content":{"rendered":"\n<p>\u00a0<\/p>\n<p><a href=\"https:\/\/www.ufsm.br\/app\/uploads\/sites\/342\/2023\/11\/uab_dialogos_001.jpg\"><img fetchpriority=\"high\" decoding=\"async\" class=\"alignright wp-image-21666\" src=\"https:\/\/www.ufsm.br\/app\/uploads\/sites\/342\/2023\/11\/uab_dialogos_001-300x300.jpg\" alt=\"\" width=\"500\" height=\"500\" srcset=\"https:\/\/www.ufsm.br\/app\/uploads\/sites\/342\/2023\/11\/uab_dialogos_001-300x300.jpg 300w, https:\/\/www.ufsm.br\/app\/uploads\/sites\/342\/2023\/11\/uab_dialogos_001-1024x1024.jpg 1024w, https:\/\/www.ufsm.br\/app\/uploads\/sites\/342\/2023\/11\/uab_dialogos_001-150x150.jpg 150w, https:\/\/www.ufsm.br\/app\/uploads\/sites\/342\/2023\/11\/uab_dialogos_001-768x768.jpg 768w, https:\/\/www.ufsm.br\/app\/uploads\/sites\/342\/2023\/11\/uab_dialogos_001.jpg 1280w\" sizes=\"(max-width: 500px) 100vw, 500px\" \/><\/a>A UFSM e o F\u00f3rum de Coordenadores dos Polos de Apoio Presencial do RS ir\u00e3o promover o encontro presencial <strong>\u201cDialogando a educa\u00e7\u00e3o a dist\u00e2ncia no \u00e2mbito da Universidade Aberta do Brasil (UAB) no Rio Grande do Sul\u201d<\/strong> nesta quinta-feira, dia 23 de novembro, \u00e0s 8h, no Sal\u00e3o Imembu\u00ed, no 2\u00ba andar do pr\u00e9dio da Reitoria, no <em>Campus<\/em> Sede.\u00a0<br \/><br \/>O encontro \u00e9 destinado a todas as pessoas interessadas pela tem\u00e1tica da Educa\u00e7\u00e3o a Dist\u00e2ncia e que desejam dialogar sobre as estrat\u00e9gias de perman\u00eancia e diminui\u00e7\u00e3o de evas\u00e3o de estudantes nos cursos superiores no \u00e2mbito da UAB\/EaD.<\/p>\n<p>A programa\u00e7\u00e3o contar\u00e1 com rodas de conversas com representantes nacionais da Capes\/UAB, coordenadores de Polos de Apoio Presencial UAB\/RS e coordenadores gerais e adjuntos UAB das Ipes\/RS para tratar sobre as atuais demandas de cursos superiores.<br \/><br \/>O evento tamb\u00e9m ser\u00e1 uma oportunidade para munic\u00edpios que n\u00e3o s\u00e3o credenciados com o Sistema Universidade Aberta do Brasil conhecerem os crit\u00e9rios necess\u00e1rios para abertura de Polos de Apoio Presencial, que ser\u00e3o apresentados pelo representante da Capes\/UAB, Alexandre Marques P\u00f3voa.<\/p>\n<p>As inscri\u00e7\u00f5es gratuitas (com direito a certifica\u00e7\u00e3o de 8 horas) seguem at\u00e9 21 de novembro pelo site <a href=\"https:\/\/bit.ly\/uab2023\" target=\"_blank\" rel=\"noopener\"><strong>bit.ly\/uab2023<\/strong><\/a>. As vagas s\u00e3o limitadas.<\/p>\n<p>Outras informa\u00e7\u00f5es sobre o evento podem ser solicitadas ao email <a href=\"mailto:apoio@cead.ufsm.br\"><strong>apoio@cead.ufsm.br<\/strong><\/a>.<\/p>\n<h4><strong>Confira a Programa\u00e7\u00e3o:<\/strong><\/h4>\n<p>8h \u2013 Credenciamento;<\/p>\n<p>9h \u2013 Abertura;<\/p>\n<p>9h30min &#8211; Palestra &#8220;Evas\u00e3o em Cursos Superiores na Modalidade a Dist\u00e2ncia na UFSM&#8221;\u2013 Prof. Dr. UFSM Jeronimo Siqueira Tybusch, Profa. Dra. UFSM Liziany M\u00fcller, Dr. Evandro Alcir Meyer, Coordenador Pro-Tempore UAB\/UFSM Victor Matheus Portela Ribeiro;<\/p>\n<p>10h30min \u2013 \u201cPolos de Apoio Presencial da Universidade Aberta do Brasil &#8211; Passado, presente e perspectivas futuras\u201d &#8211; Alexandre Marques Povoa &#8211; Coordenador da Coordenadoria de Polos e Tecnologias Educacionais Capes\/UAB;<\/p>\n<p>13h30 &#8211; Lan\u00e7amento do PORTAL DE CURSOS LIVRES E ABERTOS da UFSM<\/p>\n<p>14h &#8211; Rodas de Conversas: \u201cPerspectivas de Elabora\u00e7\u00e3o e Renova\u00e7\u00e3o de Cursos Superiores UAB para o Edital 025\/2023\u201d; \u201cEnsino a dist\u00e2ncia: desafios e potencialidades\u201d &#8211; Representantes do F\u00f3rum Estadual de Coordenadores de Polo UAB\/RS e Coordenadores Gerais e Adjuntos UAB\/RS;<\/p>\n<p>15h30min \u2013 \u201cExig\u00eancias para o Credenciamento de Novos Polos de Apoio Presencial da Universidade Aberta do Brasil\u201d &#8211; Alexandre Marques Povoa &#8211; Coordenador da Coordenadoria de Polos e Tecnologias Educacionais Capes\/UAB;<\/p>\n<p>15h30min \u2013 Elei\u00e7\u00e3o do F\u00f3rum de Coordenadores de Polo da Universidade Aberta do Brasil;<\/p>\n<p>16h30min \u2013 Encerramento.<\/p>\n<p>\u00a0<\/p>\n<p><em>Fonte: ufsm.br\u00a0<\/em><\/p>\n<table style=\"border-collapse: collapse;width: 100%\">\n<tbody>\n<tr>\n<td style=\"width: 33.3333%;text-align: center\"><a href=\"https:\/\/www.ufsm.br\/app\/uploads\/sites\/342\/2023\/11\/uab_dialogos_002.jpg\"><img decoding=\"async\" class=\"aligncenter wp-image-21667 size-medium\" src=\"https:\/\/www.ufsm.br\/app\/uploads\/sites\/342\/2023\/11\/uab_dialogos_002-300x300.jpg\" alt=\"\" width=\"300\" height=\"300\" srcset=\"https:\/\/www.ufsm.br\/app\/uploads\/sites\/342\/2023\/11\/uab_dialogos_002-300x300.jpg 300w, https:\/\/www.ufsm.br\/app\/uploads\/sites\/342\/2023\/11\/uab_dialogos_002-1024x1024.jpg 1024w, https:\/\/www.ufsm.br\/app\/uploads\/sites\/342\/2023\/11\/uab_dialogos_002-150x150.jpg 150w, https:\/\/www.ufsm.br\/app\/uploads\/sites\/342\/2023\/11\/uab_dialogos_002-768x768.jpg 768w, https:\/\/www.ufsm.br\/app\/uploads\/sites\/342\/2023\/11\/uab_dialogos_002.jpg 1081w\" sizes=\"(max-width: 300px) 100vw, 300px\" \/><\/a><\/td>\n<td style=\"width: 33.3333%;text-align: center\"><a href=\"https:\/\/www.ufsm.br\/app\/uploads\/sites\/342\/2023\/11\/uab_dialogos_003.jpg\"><img decoding=\"async\" class=\"aligncenter wp-image-21668 size-medium\" src=\"https:\/\/www.ufsm.br\/app\/uploads\/sites\/342\/2023\/11\/uab_dialogos_003-300x300.jpg\" alt=\"\" width=\"300\" height=\"300\" srcset=\"https:\/\/www.ufsm.br\/app\/uploads\/sites\/342\/2023\/11\/uab_dialogos_003-300x300.jpg 300w, https:\/\/www.ufsm.br\/app\/uploads\/sites\/342\/2023\/11\/uab_dialogos_003-1024x1024.jpg 1024w, https:\/\/www.ufsm.br\/app\/uploads\/sites\/342\/2023\/11\/uab_dialogos_003-150x150.jpg 150w, https:\/\/www.ufsm.br\/app\/uploads\/sites\/342\/2023\/11\/uab_dialogos_003-768x768.jpg 768w, https:\/\/www.ufsm.br\/app\/uploads\/sites\/342\/2023\/11\/uab_dialogos_003.jpg 1081w\" sizes=\"(max-width: 300px) 100vw, 300px\" \/><\/a>\u00a0<\/td>\n<td style=\"width: 33.3333%;text-align: center\"><a href=\"https:\/\/www.ufsm.br\/app\/uploads\/sites\/342\/2023\/11\/uab_dialogos_004.jpg\"><img loading=\"lazy\" decoding=\"async\" class=\"alignnone wp-image-21669 size-medium\" src=\"https:\/\/www.ufsm.br\/app\/uploads\/sites\/342\/2023\/11\/uab_dialogos_004-300x300.jpg\" alt=\"\" width=\"300\" height=\"300\" srcset=\"https:\/\/www.ufsm.br\/app\/uploads\/sites\/342\/2023\/11\/uab_dialogos_004-300x300.jpg 300w, https:\/\/www.ufsm.br\/app\/uploads\/sites\/342\/2023\/11\/uab_dialogos_004-1024x1024.jpg 1024w, https:\/\/www.ufsm.br\/app\/uploads\/sites\/342\/2023\/11\/uab_dialogos_004-150x150.jpg 150w, https:\/\/www.ufsm.br\/app\/uploads\/sites\/342\/2023\/11\/uab_dialogos_004-768x768.jpg 768w, https:\/\/www.ufsm.br\/app\/uploads\/sites\/342\/2023\/11\/uab_dialogos_004.jpg 1081w\" sizes=\"(max-width: 300px) 100vw, 300px\" \/><\/a><\/td>\n<\/tr>\n<tr>\n<td style=\"width: 33.3333%;text-align: center\"><a href=\"https:\/\/www.ufsm.br\/app\/uploads\/sites\/342\/2023\/11\/uab_dialogos_005.jpeg\"><img loading=\"lazy\" decoding=\"async\" class=\"aligncenter wp-image-21671 size-medium\" src=\"https:\/\/www.ufsm.br\/app\/uploads\/sites\/342\/2023\/11\/uab_dialogos_005-300x300.jpeg\" alt=\"\" width=\"300\" height=\"300\" srcset=\"https:\/\/www.ufsm.br\/app\/uploads\/sites\/342\/2023\/11\/uab_dialogos_005-300x300.jpeg 300w, https:\/\/www.ufsm.br\/app\/uploads\/sites\/342\/2023\/11\/uab_dialogos_005-1024x1024.jpeg 1024w, https:\/\/www.ufsm.br\/app\/uploads\/sites\/342\/2023\/11\/uab_dialogos_005-150x150.jpeg 150w, https:\/\/www.ufsm.br\/app\/uploads\/sites\/342\/2023\/11\/uab_dialogos_005-768x768.jpeg 768w, https:\/\/www.ufsm.br\/app\/uploads\/sites\/342\/2023\/11\/uab_dialogos_005.jpeg 1280w\" sizes=\"(max-width: 300px) 100vw, 300px\" \/><\/a><\/td>\n<td style=\"width: 33.3333%;text-align: center\"><a href=\"https:\/\/www.ufsm.br\/app\/uploads\/sites\/342\/2023\/11\/uab_dialogos_006.jpeg\"><img loading=\"lazy\" decoding=\"async\" class=\"aligncenter wp-image-21670 size-medium\" src=\"https:\/\/www.ufsm.br\/app\/uploads\/sites\/342\/2023\/11\/uab_dialogos_006-300x300.jpeg\" alt=\"\" width=\"300\" height=\"300\" srcset=\"https:\/\/www.ufsm.br\/app\/uploads\/sites\/342\/2023\/11\/uab_dialogos_006-300x300.jpeg 300w, https:\/\/www.ufsm.br\/app\/uploads\/sites\/342\/2023\/11\/uab_dialogos_006-1024x1024.jpeg 1024w, https:\/\/www.ufsm.br\/app\/uploads\/sites\/342\/2023\/11\/uab_dialogos_006-150x150.jpeg 150w, https:\/\/www.ufsm.br\/app\/uploads\/sites\/342\/2023\/11\/uab_dialogos_006-768x768.jpeg 768w, https:\/\/www.ufsm.br\/app\/uploads\/sites\/342\/2023\/11\/uab_dialogos_006.jpeg 1081w\" sizes=\"(max-width: 300px) 100vw, 300px\" \/><\/a><\/td>\n<td style=\"width: 33.3333%;text-align: center\"><a href=\"https:\/\/www.ufsm.br\/app\/uploads\/sites\/342\/2023\/11\/uab_dialogos_007.jpeg\"><img loading=\"lazy\" decoding=\"async\" class=\"aligncenter wp-image-21672 size-medium\" src=\"https:\/\/www.ufsm.br\/app\/uploads\/sites\/342\/2023\/11\/uab_dialogos_007-300x300.jpeg\" alt=\"\" width=\"300\" height=\"300\" srcset=\"https:\/\/www.ufsm.br\/app\/uploads\/sites\/342\/2023\/11\/uab_dialogos_007-300x300.jpeg 300w, https:\/\/www.ufsm.br\/app\/uploads\/sites\/342\/2023\/11\/uab_dialogos_007-1024x1024.jpeg 1024w, https:\/\/www.ufsm.br\/app\/uploads\/sites\/342\/2023\/11\/uab_dialogos_007-150x150.jpeg 150w, https:\/\/www.ufsm.br\/app\/uploads\/sites\/342\/2023\/11\/uab_dialogos_007-768x768.jpeg 768w, https:\/\/www.ufsm.br\/app\/uploads\/sites\/342\/2023\/11\/uab_dialogos_007.jpeg 1081w\" sizes=\"(max-width: 300px) 100vw, 300px\" \/><\/a>\u00a0<\/td>\n<\/tr>\n<\/tbody>\n<\/table>\n<p>\u00a0<\/p>\n<p>\u00a0<\/p>\n<p>\u00a0<\/p>\n","protected":false},"excerpt":{"rendered":"<p>Atividade gratuita \u00e9 aberta a todas as pessoas interessadas na tem\u00e1tica<\/p>\n","protected":false},"author":95,"featured_media":0,"comment_status":"closed","ping_status":"closed","sticky":false,"template":"","format":"standard","meta":{"footnotes":""},"categories":[1],"tags":[81,300,57,49,392,47],"class_list":["post-21665","post","type-post","status-publish","format-standard","hentry","category-sem-categoria","tag-ead","tag-educacao-a-distancia","tag-graduacao","tag-prograd","tag-uab","tag-ufsm"],"acf":[],"_links":{"self":[{"href":"https:\/\/www.ufsm.br\/pro-reitorias\/prograd\/wp-json\/wp\/v2\/posts\/21665","targetHints":{"allow":["GET"]}}],"collection":[{"href":"https:\/\/www.ufsm.br\/pro-reitorias\/prograd\/wp-json\/wp\/v2\/posts"}],"about":[{"href":"https:\/\/www.ufsm.br\/pro-reitorias\/prograd\/wp-json\/wp\/v2\/types\/post"}],"author":[{"embeddable":true,"href":"https:\/\/www.ufsm.br\/pro-reitorias\/prograd\/wp-json\/wp\/v2\/users\/95"}],"replies":[{"embeddable":true,"href":"https:\/\/www.ufsm.br\/pro-reitorias\/prograd\/wp-json\/wp\/v2\/comments?post=21665"}],"version-history":[{"count":0,"href":"https:\/\/www.ufsm.br\/pro-reitorias\/prograd\/wp-json\/wp\/v2\/posts\/21665\/revisions"}],"wp:attachment":[{"href":"https:\/\/www.ufsm.br\/pro-reitorias\/prograd\/wp-json\/wp\/v2\/media?parent=21665"}],"wp:term":[{"taxonomy":"category","embeddable":true,"href":"https:\/\/www.ufsm.br\/pro-reitorias\/prograd\/wp-json\/wp\/v2\/categories?post=21665"},{"taxonomy":"post_tag","embeddable":true,"href":"https:\/\/www.ufsm.br\/pro-reitorias\/prograd\/wp-json\/wp\/v2\/tags?post=21665"}],"curies":[{"name":"wp","href":"https:\/\/api.w.org\/{rel}","templated":true}]}}