{"id":22454,"date":"2024-03-09T08:09:00","date_gmt":"2024-03-09T11:09:00","guid":{"rendered":"https:\/\/www.ufsm.br\/pro-reitorias\/prograd\/?p=22454"},"modified":"2024-05-03T19:59:10","modified_gmt":"2024-05-03T22:59:10","slug":"programa-de-licenciaturas-esta-com-inscricoes-abertas-para-submissao-de-projetos-de-ensino-ate-03-de-abril","status":"publish","type":"post","link":"https:\/\/www.ufsm.br\/pro-reitorias\/prograd\/2024\/03\/09\/programa-de-licenciaturas-esta-com-inscricoes-abertas-para-submissao-de-projetos-de-ensino-ate-03-de-abril","title":{"rendered":"Programa de Licenciaturas est\u00e1 com inscri\u00e7\u00f5es abertas para submiss\u00e3o de projetos de ensino at\u00e9 03 de abril"},"content":{"rendered":"\n<p>\u00a0<\/p>\n<p><a href=\"https:\/\/www.ufsm.br\/app\/uploads\/sites\/342\/2024\/03\/UFSM-PROGRAD-PROLICEN-2024-03-ABRIL-CARD.jpeg\"><img fetchpriority=\"high\" decoding=\"async\" class=\"alignright wp-image-22455\" src=\"https:\/\/www.ufsm.br\/app\/uploads\/sites\/342\/2024\/03\/UFSM-PROGRAD-PROLICEN-2024-03-ABRIL-CARD-300x300.jpeg\" alt=\"\" width=\"500\" height=\"500\" srcset=\"https:\/\/www.ufsm.br\/app\/uploads\/sites\/342\/2024\/03\/UFSM-PROGRAD-PROLICEN-2024-03-ABRIL-CARD-300x300.jpeg 300w, https:\/\/www.ufsm.br\/app\/uploads\/sites\/342\/2024\/03\/UFSM-PROGRAD-PROLICEN-2024-03-ABRIL-CARD-1024x1024.jpeg 1024w, https:\/\/www.ufsm.br\/app\/uploads\/sites\/342\/2024\/03\/UFSM-PROGRAD-PROLICEN-2024-03-ABRIL-CARD-150x150.jpeg 150w, https:\/\/www.ufsm.br\/app\/uploads\/sites\/342\/2024\/03\/UFSM-PROGRAD-PROLICEN-2024-03-ABRIL-CARD-768x768.jpeg 768w, https:\/\/www.ufsm.br\/app\/uploads\/sites\/342\/2024\/03\/UFSM-PROGRAD-PROLICEN-2024-03-ABRIL-CARD.jpeg 1080w\" sizes=\"(max-width: 500px) 100vw, 500px\" \/><\/a>A Universidade Federal de Santa Maria est\u00e1 com inscri\u00e7\u00f5es abertas para a submiss\u00e3o de projetos de ensino ao <a href=\"https:\/\/www.ufsm.br\/pro-reitorias\/prograd\/editais\/027-2024\"><strong>Prolicen 2024, o Programa de Licenciaturas da UFSM<\/strong><\/a>. As inscri\u00e7\u00f5es seguem at\u00e9 o <strong>dia 03 de abril.<\/strong><\/p>\n<p>O Prolicen busca selecionar projetos de ensino que invistam na qualidade dos Cursos e na forma\u00e7\u00e3o acad\u00eamica, privilegiando a\u00e7\u00f5es voltadas \u00e0 integra\u00e7\u00e3o da Universidade com a rede p\u00fablica de ensino, alinhadas ao <a href=\"https:\/\/www.ufsm.br\/app\/uploads\/sites\/500\/2021\/04\/VFinal-DocumentoPDI-TextoBaseCONSU_TextoComPlanoDeMetas2022.pdf\" target=\"_blank\" rel=\"noopener\"><strong>Plano de Desenvolvimento Institucional (PDI) 2016-2026<\/strong><\/a>\u00a0da UFSM.<\/p>\n<p>Ser\u00e1 destinado um total de R$ 140.000,00 para o desenvolvimento dos projetos do Prolicen em 2024.<\/p>\n<p>Os recursos destinados a este edital poder\u00e3o ser utilizados apenas para o pagamento de <strong>bolsas a acad\u00eamicos(as), no valor unit\u00e1rio de R$ 500,00, num prazo de oito meses<\/strong>, de 1\u00ba de maio a 31 de dezembro de 2024, sendo vedada a utiliza\u00e7\u00e3o de recursos para custeio.<\/p>\n<p>\u00a0No ato de inscri\u00e7\u00e3o, o projeto dever\u00e1 ser enquadrado em uma das <strong>\u00c1reas de Atua\u00e7\u00e3o<\/strong> relacionadas \u00e0 educa\u00e7\u00e3o b\u00e1sica:<\/p>\n<p>1 \u2013 Gest\u00e3o escolar e educacional;<\/p>\n<p>2 \u2013 Produ\u00e7\u00e3o do conhecimento;<\/p>\n<p>3 \u2013 Forma\u00e7\u00e3o permanente de professores(as);<\/p>\n<p>4 \u2013 Pr\u00e1ticas pedag\u00f3gicas;<\/p>\n<p>5 \u2013 Pr\u00e1ticas curriculares;<\/p>\n<p>6 \u2013 Educa\u00e7\u00e3o inclusiva;<\/p>\n<p>7 \u2013 Educa\u00e7\u00e3o n\u00e3o formal;<\/p>\n<p>8 \u2013 Artes, culturas e linguagens;<\/p>\n<p>9 \u2013 Tecnologias da informa\u00e7\u00e3o e comunica\u00e7\u00e3o;<\/p>\n<p>10 \u2013 Novas metodologias educacionais.<\/p>\n<p>Todos os projetos submetidos ao Prolicen 2024 dever\u00e3o estar registrados no SIE na categoria ensino, com data de vig\u00eancia igual ou superior a 31 de janeiro de 2025.\u00a0<\/p>\n<p>Os solicitantes devem ser docentes do quadro da UFSM, em efetivo exerc\u00edcio em um ou mais cursos de licenciatura da institui\u00e7\u00e3o.<\/p>\n<p>Servidores(as) t\u00e9cnico-administrativos(as) da UFSM poder\u00e3o submeter propostas ao Prolicen 2024, desde que atuem voluntariamente como docentes, nos termos da<strong><a href=\"https:\/\/www.ufsm.br\/pro-reitorias\/progep\/servicos\/prestacao-de-servicos-voluntarios\" target=\"_blank\" rel=\"noopener\">\u00a0regulamenta\u00e7\u00e3o institucional da mat\u00e9ria<\/a>.<\/strong><\/p>\n<p>A sele\u00e7\u00e3o de bolsistas e\/ou suplentes de cada projeto classificado \u00e9 responsabilidade da pessoa solicitante. O <a href=\"https:\/\/www.ufsm.br\/pro-reitorias\/prograd\/editais\/027-2024\"><strong>Edital 027\/2024<\/strong><\/a>, com todas as orienta\u00e7\u00f5es, pode ser acessado no site <a href=\"https:\/\/ufsm.br\/prograd\"><strong>ufsm.br\/prograd<\/strong><\/a>. Outras informa\u00e7\u00f5es podem ser solicitadas ao e-mail <strong><a class=\"notranslate\" href=\"mailto:prolicenprograd@ufsm.br\" target=\"_blank\" rel=\"noopener\">prolicenprograd@ufsm.br<\/a><\/strong>\u00a0e ao telefone (55) 3220 8872.<\/p>\n<p>\u00a0<\/p>\n","protected":false},"excerpt":{"rendered":"<p>Prolicen 2024 destina R$ 140.000,00 para bolsas acad\u00eamicas<\/p>\n","protected":false},"author":95,"featured_media":0,"comment_status":"closed","ping_status":"closed","sticky":false,"template":"","format":"standard","meta":{"footnotes":""},"categories":[1],"tags":[343,361,57,390,49,474,47],"class_list":["post-22454","post","type-post","status-publish","format-standard","hentry","category-sem-categoria","tag-bolsas","tag-ensino","tag-graduacao","tag-licenciaturas","tag-prograd","tag-prolicen","tag-ufsm"],"acf":[],"_links":{"self":[{"href":"https:\/\/www.ufsm.br\/pro-reitorias\/prograd\/wp-json\/wp\/v2\/posts\/22454","targetHints":{"allow":["GET"]}}],"collection":[{"href":"https:\/\/www.ufsm.br\/pro-reitorias\/prograd\/wp-json\/wp\/v2\/posts"}],"about":[{"href":"https:\/\/www.ufsm.br\/pro-reitorias\/prograd\/wp-json\/wp\/v2\/types\/post"}],"author":[{"embeddable":true,"href":"https:\/\/www.ufsm.br\/pro-reitorias\/prograd\/wp-json\/wp\/v2\/users\/95"}],"replies":[{"embeddable":true,"href":"https:\/\/www.ufsm.br\/pro-reitorias\/prograd\/wp-json\/wp\/v2\/comments?post=22454"}],"version-history":[{"count":0,"href":"https:\/\/www.ufsm.br\/pro-reitorias\/prograd\/wp-json\/wp\/v2\/posts\/22454\/revisions"}],"wp:attachment":[{"href":"https:\/\/www.ufsm.br\/pro-reitorias\/prograd\/wp-json\/wp\/v2\/media?parent=22454"}],"wp:term":[{"taxonomy":"category","embeddable":true,"href":"https:\/\/www.ufsm.br\/pro-reitorias\/prograd\/wp-json\/wp\/v2\/categories?post=22454"},{"taxonomy":"post_tag","embeddable":true,"href":"https:\/\/www.ufsm.br\/pro-reitorias\/prograd\/wp-json\/wp\/v2\/tags?post=22454"}],"curies":[{"name":"wp","href":"https:\/\/api.w.org\/{rel}","templated":true}]}}