{"id":22512,"date":"2024-04-15T09:45:09","date_gmt":"2024-04-15T12:45:09","guid":{"rendered":"https:\/\/www.ufsm.br\/pro-reitorias\/prograd\/?p=22512"},"modified":"2024-05-22T16:56:00","modified_gmt":"2024-05-22T19:56:00","slug":"inscricoes-no-edital-de-ingresso-e-reingresso-em-cursos-de-graduacao-ead-seguem-ate-25-4","status":"publish","type":"post","link":"https:\/\/www.ufsm.br\/pro-reitorias\/prograd\/2024\/04\/15\/inscricoes-no-edital-de-ingresso-e-reingresso-em-cursos-de-graduacao-ead-seguem-ate-25-4","title":{"rendered":"Inscri\u00e7\u00f5es no Edital de Ingresso e Reingresso para cursos EaD s\u00e3o prorrogadas para 5\/6"},"content":{"rendered":"\n\n\n<p>\u00a0<\/p>\n<p><a href=\"https:\/\/www.ufsm.br\/app\/uploads\/sites\/342\/2024\/04\/UFSM-PROGRAD-EaD-Ingresso_e_reingresso_PRORROGADAS_05_06_24_CARD.jpg\"><img fetchpriority=\"high\" decoding=\"async\" class=\"alignright wp-image-22614 size-full\" src=\"https:\/\/www.ufsm.br\/app\/uploads\/sites\/342\/2024\/04\/UFSM-PROGRAD-EaD-Ingresso_e_reingresso_PRORROGADAS_05_06_24_CARD.jpg\" alt=\"\" width=\"526\" height=\"526\" srcset=\"https:\/\/www.ufsm.br\/app\/uploads\/sites\/342\/2024\/04\/UFSM-PROGRAD-EaD-Ingresso_e_reingresso_PRORROGADAS_05_06_24_CARD.jpg 526w, https:\/\/www.ufsm.br\/app\/uploads\/sites\/342\/2024\/04\/UFSM-PROGRAD-EaD-Ingresso_e_reingresso_PRORROGADAS_05_06_24_CARD-300x300.jpg 300w, https:\/\/www.ufsm.br\/app\/uploads\/sites\/342\/2024\/04\/UFSM-PROGRAD-EaD-Ingresso_e_reingresso_PRORROGADAS_05_06_24_CARD-150x150.jpg 150w\" sizes=\"(max-width: 526px) 100vw, 526px\" \/><\/a>A Universidade Federal de Santa Maria est\u00e1 com inscri\u00e7\u00f5es abertas ao <strong>Processo Seletivo de Ingresso e Reingresso em Cursos a Dist\u00e2ncia de Gradua\u00e7\u00e3o (EaD)<\/strong>, para in\u00edcio de atividades acad\u00eamicas no 1\u00ba semestre letivo de 2024.<\/p>\n<p>O Edital \u00e9 composto pelas ORIENTA\u00c7\u00d5ES GERAIS e pelos EDITAIS ESPEC\u00cdFICOS de cada Curso de Gradua\u00e7\u00e3o participante da sele\u00e7\u00e3o.<\/p>\n<p>As vagas s\u00e3o destinadas a:<\/p>\n<p><strong>&#8211; PORTADORES(AS) DE DIPLOMA SUPERIOR em Licenciatura;<\/strong><br \/><br \/><strong>&#8211; Acad\u00eamicos(as) de Licenciatura (presencial ou EaD) interessados(as) em TRANSFER\u00caNCIAS internas ou externas;<\/strong><br \/><br \/><strong>&#8211; Ex-acad\u00eamicos(as) de Licenciatura (presencial ou EaD) interessados(as) em REINGRESSOS (para quem abandonou ou cancelou seu curso).<\/strong><\/p>\n<p>\u00a0<\/p>\n<p>Acesse os<span style=\"background-color: #ffff00\"> <strong>Editais retificados<\/strong><\/span> no site da Pr\u00f3-reitoria de Gradua\u00e7\u00e3o, em <a href=\"https:\/\/www.ufsm.br\/pro-reitorias\/prograd\/editais\/037-2024\" target=\"_blank\" rel=\"noopener\"><strong>https:\/\/www.ufsm.br\/pro-reitorias\/prograd\/editais\/037-2024<\/strong><\/a><\/p>\n<p>As aulas n\u00e3o ser\u00e3o ministradas 100% a dist\u00e2ncia, podendo haver avalia\u00e7\u00f5es presenciais e outras atividades nos respectivos polos de ensino.<\/p>\n<p><strong>Consulte os Cursos e Polos que ofertam vagas:<\/strong><br \/><br \/>&#8211; EDUCA\u00c7\u00c3O ESPECIAL LICENCIATURA EaD: <strong><span style=\"background-color: #ffff00\">Inscri\u00e7\u00e3o at\u00e9 05 de junho<\/span>.<\/strong> 44 vagas, nos Polos de:<br \/>\u2705 Cangu\u00e7u (03 vagas) <br \/>\u2705 Imb\u00e9 (19 vagas)<br \/>\u2705 Rio Grande (04 vagas)<br \/>\u2705 Ros\u00e1rio do Sul (03 vagas)<br \/>\u2705 Sapiranga (15 vagas)<\/p>\n<p><br \/>&#8211; EDUCA\u00c7\u00c3O DO CAMPO LICENCIATURA EaD: <strong><span style=\"background-color: #ffff00\">Inscri\u00e7\u00e3o at\u00e9 05 de junho<\/span><\/strong><strong>.<\/strong> 47 vagas, nos Polos de: <br \/>\u2705 Agudo (9 vagas)<br \/>\u2705 Cangu\u00e7u (10 vagas)<br \/>\u2705 Santiago (9 vagas)<br \/>\u2705 S\u00e3o Gabriel (10 vagas)<br \/>\u2705 Tr\u00eas de Maio (9 vagas)<\/p>\n<p><br \/>&#8211; LETRAS ESPANHOL LICENCIATURA EaD: <strong><span style=\"background-color: #ffff00\">Inscri\u00e7\u00e3o at\u00e9 05 de junho<\/span><\/strong><strong>.<\/strong> 54 vagas, nos Polos de: <br \/>\u2705 Balne\u00e1rio Pinhal (10 vagas) <br \/>\u2705 Camargo (12 vagas)<br \/>\u2705 Cangu\u00e7u (10 vagas)<br \/>\u2705 Piratini (12 vagas)<br \/>\u2705 Novo Hamburgo (10 vagas)<\/p>\n<p>\u00a0<\/p>\n<p>&#8211; PEDAGOGIA LICENCIATURA EaD: <strong><span style=\"background-color: #ffff00\">Inscri\u00e7\u00e3o at\u00e9 05 de junho<\/span><\/strong>. 39 vagas, nos Polos de:<br \/>\u2705 Jacuizinho (10 vagas)<br \/>\u2705 Santana do Livramento (08 vagas)<br \/>\u2705 Seberi (10 vagas)<br \/>\u2705 Sobradinho (09 vagas)<br \/>\u2705 Tr\u00eas Passos (02 vagas)<\/p>\n<p>\u00a0<\/p>\n<p>&#8211; F\u00cdSICA LICENCIATURA EaD: <strong><span style=\"background-color: #ffff00\">Inscri\u00e7\u00e3o at\u00e9 05 de junho.<\/span><\/strong>\u00a067 vagas, nos Polos de:<br \/>\u2705 Cerro Largo (15 vagas) <br \/>\u2705 Imb\u00e9 (13 vagas) <br \/>\u2705 Picada Caf\u00e9 (06 vagas) <br \/>\u2705 Quara\u00ed (08 vagas) <br \/>\u2705 S\u00e3o Francisco de Paula (14 vagas)<br \/>\u2705 Santana do Livramento (11 vagas)<\/p>\n<p><br \/>Orienta\u00e7\u00f5es sobre a inscri\u00e7\u00e3o podem ser solicitadas ao e-mail <a href=\"mailto:cofre.prograd@ufsm.br\"><strong>cofre.prograd@ufsm.br<\/strong><\/a>.<\/p>\n<p>\u00a0<\/p>\n","protected":false},"excerpt":{"rendered":"<p>\u00a0 A Universidade Federal de Santa Maria est\u00e1 com inscri\u00e7\u00f5es abertas ao Processo Seletivo de Ingresso e Reingresso em Cursos a Dist\u00e2ncia de Gradua\u00e7\u00e3o (EaD), para in\u00edcio de atividades acad\u00eamicas no 1\u00ba semestre letivo de 2024. O Edital \u00e9 composto pelas ORIENTA\u00c7\u00d5ES GERAIS e pelos EDITAIS ESPEC\u00cdFICOS de cada Curso de Gradua\u00e7\u00e3o participante da sele\u00e7\u00e3o. [&hellip;]<\/p>\n","protected":false},"author":95,"featured_media":22551,"comment_status":"closed","ping_status":"closed","sticky":false,"template":"","format":"standard","meta":{"footnotes":""},"categories":[1],"tags":[480,521,81,628,300,57,378,49,108,112,47],"class_list":["post-22512","post","type-post","status-publish","format-standard","has-post-thumbnail","hentry","category-sem-categoria","tag-capa","tag-cte","tag-ead","tag-edital-de-ingresso-e-reingresso","tag-educacao-a-distancia","tag-graduacao","tag-portador-de-diploma-superior","tag-prograd","tag-reingresso","tag-transferencia","tag-ufsm"],"acf":[],"_links":{"self":[{"href":"https:\/\/www.ufsm.br\/pro-reitorias\/prograd\/wp-json\/wp\/v2\/posts\/22512","targetHints":{"allow":["GET"]}}],"collection":[{"href":"https:\/\/www.ufsm.br\/pro-reitorias\/prograd\/wp-json\/wp\/v2\/posts"}],"about":[{"href":"https:\/\/www.ufsm.br\/pro-reitorias\/prograd\/wp-json\/wp\/v2\/types\/post"}],"author":[{"embeddable":true,"href":"https:\/\/www.ufsm.br\/pro-reitorias\/prograd\/wp-json\/wp\/v2\/users\/95"}],"replies":[{"embeddable":true,"href":"https:\/\/www.ufsm.br\/pro-reitorias\/prograd\/wp-json\/wp\/v2\/comments?post=22512"}],"version-history":[{"count":0,"href":"https:\/\/www.ufsm.br\/pro-reitorias\/prograd\/wp-json\/wp\/v2\/posts\/22512\/revisions"}],"wp:featuredmedia":[{"embeddable":true,"href":"https:\/\/www.ufsm.br\/pro-reitorias\/prograd\/wp-json\/wp\/v2\/media\/22551"}],"wp:attachment":[{"href":"https:\/\/www.ufsm.br\/pro-reitorias\/prograd\/wp-json\/wp\/v2\/media?parent=22512"}],"wp:term":[{"taxonomy":"category","embeddable":true,"href":"https:\/\/www.ufsm.br\/pro-reitorias\/prograd\/wp-json\/wp\/v2\/categories?post=22512"},{"taxonomy":"post_tag","embeddable":true,"href":"https:\/\/www.ufsm.br\/pro-reitorias\/prograd\/wp-json\/wp\/v2\/tags?post=22512"}],"curies":[{"name":"wp","href":"https:\/\/api.w.org\/{rel}","templated":true}]}}