{"id":22844,"date":"2024-06-28T13:49:57","date_gmt":"2024-06-28T16:49:57","guid":{"rendered":"https:\/\/www.ufsm.br\/pro-reitorias\/prograd\/?p=22844"},"modified":"2024-06-28T23:19:39","modified_gmt":"2024-06-29T02:19:39","slug":"cepe-aprova-projeto-pedagogico-do-curso-de-direito-no-campus-da-ufsm-de-frederico-westphalen","status":"publish","type":"post","link":"https:\/\/www.ufsm.br\/pro-reitorias\/prograd\/2024\/06\/28\/cepe-aprova-projeto-pedagogico-do-curso-de-direito-no-campus-da-ufsm-de-frederico-westphalen","title":{"rendered":"CEPE aprova Projeto Pedag\u00f3gico do Curso de Direito no Campus da UFSM de Frederico Westphalen"},"content":{"rendered":"\n<p><a href=\"https:\/\/www.ufsm.br\/app\/uploads\/sites\/342\/2024\/06\/UFSM-PROGRAD-Curso-Direito-Campus-Frederico-Westphalen_card.jpg\"><img fetchpriority=\"high\" decoding=\"async\" class=\"alignright wp-image-22852\" src=\"https:\/\/www.ufsm.br\/app\/uploads\/sites\/342\/2024\/06\/UFSM-PROGRAD-Curso-Direito-Campus-Frederico-Westphalen_card-300x300.jpg\" alt=\"\" width=\"500\" height=\"500\" srcset=\"https:\/\/www.ufsm.br\/app\/uploads\/sites\/342\/2024\/06\/UFSM-PROGRAD-Curso-Direito-Campus-Frederico-Westphalen_card-300x300.jpg 300w, https:\/\/www.ufsm.br\/app\/uploads\/sites\/342\/2024\/06\/UFSM-PROGRAD-Curso-Direito-Campus-Frederico-Westphalen_card-1024x1024.jpg 1024w, https:\/\/www.ufsm.br\/app\/uploads\/sites\/342\/2024\/06\/UFSM-PROGRAD-Curso-Direito-Campus-Frederico-Westphalen_card-150x150.jpg 150w, https:\/\/www.ufsm.br\/app\/uploads\/sites\/342\/2024\/06\/UFSM-PROGRAD-Curso-Direito-Campus-Frederico-Westphalen_card-768x768.jpg 768w, https:\/\/www.ufsm.br\/app\/uploads\/sites\/342\/2024\/06\/UFSM-PROGRAD-Curso-Direito-Campus-Frederico-Westphalen_card.jpg 1080w\" sizes=\"(max-width: 500px) 100vw, 500px\" \/><\/a>Na manh\u00e3 desta quinta-feira, dia 27 de junho, o Conselho de Ensino, Pesquisa e Extens\u00e3o (CEPE) da Universidade Federal de Santa Maria emitiu parecer favor\u00e1vel para proposta do Projeto Pedag\u00f3gico do <strong>Curso de Direito no Campus da UFSM de Frederico Westphalen<\/strong>.<\/p>\n<p>O curso funcionar\u00e1 no <strong>turno da noite<\/strong>, com oferta de <strong>30 vagas<\/strong>, e previs\u00e3o de in\u00edcio para o <strong>1\u00ba semestre de 2025<\/strong>.<\/p>\n<p>A proposta agora passar\u00e1 por an\u00e1lise e delibera\u00e7\u00e3o do Conselho Universit\u00e1rio (CONSU).<\/p>\n<p>Confira no link a 998\u00aa Sess\u00e3o do Conselho de Ensino, Pesquisa e Extens\u00e3o: <strong><a href=\"https:\/\/www.youtube.com\/watch?v=IJoIEWyEIRc\">https:\/\/www.youtube.com\/watch?v=IJoIEWyEIRc\u00a0<\/a><\/strong><\/p>\n<p align=\"center\"><iframe src=\"https:\/\/www.youtube.com\/embed\/IJoIEWyEIRc?si=JLyu2zNsXuOpabla&amp;start=745\" width=\"560\" height=\"315\" frameborder=\"0\" allowfullscreen=\"allowfullscreen\"><\/iframe> \u00a0<\/p>\n","protected":false},"excerpt":{"rendered":"<p>Na manh\u00e3 desta quinta-feira, dia 27 de junho, o Conselho de Ensino, Pesquisa e Extens\u00e3o (CEPE) da Universidade Federal de Santa Maria emitiu parecer favor\u00e1vel para proposta do Projeto Pedag\u00f3gico do Curso de Direito no Campus da UFSM de Frederico Westphalen. O curso funcionar\u00e1 no turno da noite, com oferta de 30 vagas, e previs\u00e3o [&hellip;]<\/p>\n","protected":false},"author":7895,"featured_media":0,"comment_status":"closed","ping_status":"closed","sticky":false,"template":"","format":"standard","meta":{"footnotes":""},"categories":[445],"tags":[480,891,222,57,49,47],"class_list":["post-22844","post","type-post","status-publish","format-standard","hentry","category-noticias","tag-capa","tag-direito","tag-frederico-westphalen","tag-graduacao","tag-prograd","tag-ufsm"],"acf":[],"_links":{"self":[{"href":"https:\/\/www.ufsm.br\/pro-reitorias\/prograd\/wp-json\/wp\/v2\/posts\/22844","targetHints":{"allow":["GET"]}}],"collection":[{"href":"https:\/\/www.ufsm.br\/pro-reitorias\/prograd\/wp-json\/wp\/v2\/posts"}],"about":[{"href":"https:\/\/www.ufsm.br\/pro-reitorias\/prograd\/wp-json\/wp\/v2\/types\/post"}],"author":[{"embeddable":true,"href":"https:\/\/www.ufsm.br\/pro-reitorias\/prograd\/wp-json\/wp\/v2\/users\/7895"}],"replies":[{"embeddable":true,"href":"https:\/\/www.ufsm.br\/pro-reitorias\/prograd\/wp-json\/wp\/v2\/comments?post=22844"}],"version-history":[{"count":0,"href":"https:\/\/www.ufsm.br\/pro-reitorias\/prograd\/wp-json\/wp\/v2\/posts\/22844\/revisions"}],"wp:attachment":[{"href":"https:\/\/www.ufsm.br\/pro-reitorias\/prograd\/wp-json\/wp\/v2\/media?parent=22844"}],"wp:term":[{"taxonomy":"category","embeddable":true,"href":"https:\/\/www.ufsm.br\/pro-reitorias\/prograd\/wp-json\/wp\/v2\/categories?post=22844"},{"taxonomy":"post_tag","embeddable":true,"href":"https:\/\/www.ufsm.br\/pro-reitorias\/prograd\/wp-json\/wp\/v2\/tags?post=22844"}],"curies":[{"name":"wp","href":"https:\/\/api.w.org\/{rel}","templated":true}]}}