{"id":23130,"date":"2024-08-12T14:30:38","date_gmt":"2024-08-12T17:30:38","guid":{"rendered":"https:\/\/www.ufsm.br\/pro-reitorias\/prograd\/?p=23130"},"modified":"2024-08-23T20:39:28","modified_gmt":"2024-08-23T23:39:28","slug":"ufsm-oferta-404-vagas-em-cursos-presenciais-de-graduacao-para-quem-realizou-algum-enem-completo-entre-os-anos-de-2019-e-2023","status":"publish","type":"post","link":"https:\/\/www.ufsm.br\/pro-reitorias\/prograd\/2024\/08\/12\/ufsm-oferta-404-vagas-em-cursos-presenciais-de-graduacao-para-quem-realizou-algum-enem-completo-entre-os-anos-de-2019-e-2023","title":{"rendered":"UFSM oferta 404 vagas em cursos presenciais de gradua\u00e7\u00e3o para quem realizou algum ENEM completo entre os anos de 2019 e 2023"},"content":{"rendered":"\n<p>\u00a0<\/p>\n<p><a href=\"https:\/\/www.ufsm.br\/app\/uploads\/sites\/342\/2024\/08\/ufsm-prograd-vagas-complementares-graduacao-presencial-segundo-semestre-2024-CARD.jpeg\"><img fetchpriority=\"high\" decoding=\"async\" class=\"alignright wp-image-23131\" src=\"https:\/\/www.ufsm.br\/app\/uploads\/sites\/342\/2024\/08\/ufsm-prograd-vagas-complementares-graduacao-presencial-segundo-semestre-2024-CARD-300x300.jpeg\" alt=\"\" width=\"500\" height=\"500\" srcset=\"https:\/\/www.ufsm.br\/app\/uploads\/sites\/342\/2024\/08\/ufsm-prograd-vagas-complementares-graduacao-presencial-segundo-semestre-2024-CARD-300x300.jpeg 300w, https:\/\/www.ufsm.br\/app\/uploads\/sites\/342\/2024\/08\/ufsm-prograd-vagas-complementares-graduacao-presencial-segundo-semestre-2024-CARD-1024x1024.jpeg 1024w, https:\/\/www.ufsm.br\/app\/uploads\/sites\/342\/2024\/08\/ufsm-prograd-vagas-complementares-graduacao-presencial-segundo-semestre-2024-CARD-150x150.jpeg 150w, https:\/\/www.ufsm.br\/app\/uploads\/sites\/342\/2024\/08\/ufsm-prograd-vagas-complementares-graduacao-presencial-segundo-semestre-2024-CARD-768x768.jpeg 768w, https:\/\/www.ufsm.br\/app\/uploads\/sites\/342\/2024\/08\/ufsm-prograd-vagas-complementares-graduacao-presencial-segundo-semestre-2024-CARD.jpeg 1080w\" sizes=\"(max-width: 500px) 100vw, 500px\" \/><\/a>A Universidade Federal de Santa Maria est\u00e1 com inscri\u00e7\u00f5es abertas ao <a href=\"https:\/\/www.ufsm.br\/pro-reitorias\/prograd\/editais\/062-2024\"><strong>Edital de Vagas Complementares<\/strong><\/a>, para ingresso no segundo semestre de 2024, que tem in\u00edcio em 09 de setembro.<\/p>\n<p>Ao todo, s\u00e3o <strong>404 vagas em 37 cursos de gradua\u00e7\u00e3o presencial<\/strong>, distribu\u00eddos no<em> Campus<\/em> Sede em Santa Maria e nos <em>Campi<\/em> Descentralizados de Cachoeira do Sul e Palmeira das Miss\u00f5es.<\/p>\n<p>Podem concorrer \u00e0s vagas as pessoas que realizaram algum <strong>Exame Nacional do Ensino M\u00e9dio (ENEM)<\/strong> completo entre os anos de<strong> 2019 e 2023<\/strong>. Tamb\u00e9m \u00e9 necess\u00e1rio ter obtido ao menos <strong>300 pontos na prova de Reda\u00e7\u00e3o<\/strong> do exame adotado.<\/p>\n<p>Caso a pessoa tenha participado de mais de um ENEM neste per\u00edodo, o sistema automaticamente vai considerar<strong> o ano cuja pontua\u00e7\u00e3o total foi a mais alta<\/strong>.<\/p>\n<p><span style=\"background-color: #ffff00\"><strong>As inscri\u00e7\u00f5es gratuitas podem ser feitas at\u00e9 o dia 19 de agosto.<\/strong><\/span><\/p>\n<p>Antes de realizar a inscri\u00e7\u00e3o, as pessoas interessadas devem ler com aten\u00e7\u00e3o o<a href=\"https:\/\/www.ufsm.br\/pro-reitorias\/prograd\/editais\/062-2024\"> <strong>Edital<\/strong><\/a>, verificando se possuem <strong>toda a documenta\u00e7\u00e3o necess\u00e1ria<\/strong> \u00e0 confirma\u00e7\u00e3o de vaga e matr\u00edcula, caso sejam classificadas. A Pr\u00f3-reitoria de Gradua\u00e7\u00e3o tamb\u00e9m orienta que <strong>o Question\u00e1rio Socioecon\u00f4mico seja preenchido com aten\u00e7\u00e3o<\/strong>, pois ele definir\u00e1 em que cotas a pessoa estar\u00e1 concorrendo.<\/p>\n<p>Caso seja classificada por cota, a pessoa dever\u00e1 <strong>COMPROVAR TODAS AS CONDI\u00c7\u00d5ES QUE FORAM DECLARADAS<\/strong> no Question\u00e1rio Socioecon\u00f4mico, sob risco de <strong>perda da vaga<\/strong>.<\/p>\n<p>Tamb\u00e9m \u00e9 recomend\u00e1vel consultar o <a href=\"https:\/\/www.ufsm.br\/pro-reitorias\/prograd\/editais\/062-2024\"><strong>Quadro de Vagas<\/strong><\/a>, que traz a distribui\u00e7\u00e3o das vagas na <strong>Ampla Concorr\u00eancia<\/strong> e nas <strong>oito modalidades de cota<\/strong> (destinadas a quem cursou o Ensino M\u00e9dio integralmente em escola p\u00fablica).<\/p>\n<p>O <a href=\"https:\/\/www.ufsm.br\/pro-reitorias\/prograd\/editais\/062-2024\"><strong>Edital 062\/2024<\/strong><\/a>, o <a href=\"https:\/\/www.ufsm.br\/pro-reitorias\/prograd\/editais\/062-2024\"><strong>Quadro de Vagas<\/strong><\/a> e o <a href=\"https:\/\/www.ufsm.br\/pro-reitorias\/prograd\/editais\/062-2024\"><strong>Sistema de Inscri\u00e7\u00e3o<\/strong><\/a> podem ser acessados no site da Pr\u00f3-reitoria de Gradua\u00e7\u00e3o, em <a href=\"https:\/\/ufsm.br\/prograd\"><strong>ufsm.br\/prograd<\/strong><\/a>.\u00a0\u00a0<\/p>\n<p>Outras informa\u00e7\u00f5es sobre o Edital de Vagas Complementares podem ser solicitadas ao <strong>N\u00facleo de Ingresso e Sele\u00e7\u00e3o Acad\u00eamicos<\/strong>, pelo e-mail <a href=\"mailto:falecom@nisa.ufsm.br\"><strong>falecom@nisa.ufsm.br<\/strong><\/a>.<\/p>\n","protected":false},"excerpt":{"rendered":"<p>Inscri\u00e7\u00f5es gratuitas podem ser feitas at\u00e9 o dia 19 de agosto<\/p>\n","protected":false},"author":95,"featured_media":0,"comment_status":"closed","ping_status":"closed","sticky":false,"template":"","format":"standard","meta":{"footnotes":""},"categories":[1],"tags":[194,57,49,192,47,196,487],"class_list":["post-23130","post","type-post","status-publish","format-standard","hentry","category-sem-categoria","tag-enem","tag-graduacao","tag-prograd","tag-sisu","tag-ufsm","tag-vagas-complementares","tag-vestibular"],"acf":[],"_links":{"self":[{"href":"https:\/\/www.ufsm.br\/pro-reitorias\/prograd\/wp-json\/wp\/v2\/posts\/23130","targetHints":{"allow":["GET"]}}],"collection":[{"href":"https:\/\/www.ufsm.br\/pro-reitorias\/prograd\/wp-json\/wp\/v2\/posts"}],"about":[{"href":"https:\/\/www.ufsm.br\/pro-reitorias\/prograd\/wp-json\/wp\/v2\/types\/post"}],"author":[{"embeddable":true,"href":"https:\/\/www.ufsm.br\/pro-reitorias\/prograd\/wp-json\/wp\/v2\/users\/95"}],"replies":[{"embeddable":true,"href":"https:\/\/www.ufsm.br\/pro-reitorias\/prograd\/wp-json\/wp\/v2\/comments?post=23130"}],"version-history":[{"count":0,"href":"https:\/\/www.ufsm.br\/pro-reitorias\/prograd\/wp-json\/wp\/v2\/posts\/23130\/revisions"}],"wp:attachment":[{"href":"https:\/\/www.ufsm.br\/pro-reitorias\/prograd\/wp-json\/wp\/v2\/media?parent=23130"}],"wp:term":[{"taxonomy":"category","embeddable":true,"href":"https:\/\/www.ufsm.br\/pro-reitorias\/prograd\/wp-json\/wp\/v2\/categories?post=23130"},{"taxonomy":"post_tag","embeddable":true,"href":"https:\/\/www.ufsm.br\/pro-reitorias\/prograd\/wp-json\/wp\/v2\/tags?post=23130"}],"curies":[{"name":"wp","href":"https:\/\/api.w.org\/{rel}","templated":true}]}}