{"id":24033,"date":"2025-01-07T09:31:35","date_gmt":"2025-01-07T12:31:35","guid":{"rendered":"https:\/\/www.ufsm.br\/pro-reitorias\/prograd\/?p=24033"},"modified":"2025-01-08T15:29:33","modified_gmt":"2025-01-08T18:29:33","slug":"ufsm-divulga-locais-de-prova-do-vestibular-e-pss-2025","status":"publish","type":"post","link":"https:\/\/www.ufsm.br\/pro-reitorias\/prograd\/2025\/01\/07\/ufsm-divulga-locais-de-prova-do-vestibular-e-pss-2025","title":{"rendered":"UFSM divulga locais de prova do Vestibular e PSS 2025"},"content":{"rendered":"\n<p><img fetchpriority=\"high\" decoding=\"async\" class=\"size-medium wp-image-24034 alignright\" src=\"https:\/\/www.ufsm.br\/app\/uploads\/sites\/342\/2025\/01\/local-de-prova-vestibular-300x300.jpg\" alt=\"\" width=\"300\" height=\"300\" srcset=\"https:\/\/www.ufsm.br\/app\/uploads\/sites\/342\/2025\/01\/local-de-prova-vestibular-300x300.jpg 300w, https:\/\/www.ufsm.br\/app\/uploads\/sites\/342\/2025\/01\/local-de-prova-vestibular-1024x1024.jpg 1024w, https:\/\/www.ufsm.br\/app\/uploads\/sites\/342\/2025\/01\/local-de-prova-vestibular-150x150.jpg 150w, https:\/\/www.ufsm.br\/app\/uploads\/sites\/342\/2025\/01\/local-de-prova-vestibular-768x768.jpg 768w, https:\/\/www.ufsm.br\/app\/uploads\/sites\/342\/2025\/01\/local-de-prova-vestibular.jpg 1080w\" sizes=\"(max-width: 300px) 100vw, 300px\" \/> <img decoding=\"async\" class=\"size-medium wp-image-24035 alignright\" src=\"https:\/\/www.ufsm.br\/app\/uploads\/sites\/342\/2025\/01\/local-de-prova-pss-300x300.jpg\" alt=\"\" width=\"300\" height=\"300\" srcset=\"https:\/\/www.ufsm.br\/app\/uploads\/sites\/342\/2025\/01\/local-de-prova-pss-300x300.jpg 300w, https:\/\/www.ufsm.br\/app\/uploads\/sites\/342\/2025\/01\/local-de-prova-pss-1024x1024.jpg 1024w, https:\/\/www.ufsm.br\/app\/uploads\/sites\/342\/2025\/01\/local-de-prova-pss-150x150.jpg 150w, https:\/\/www.ufsm.br\/app\/uploads\/sites\/342\/2025\/01\/local-de-prova-pss-768x768.jpg 768w, https:\/\/www.ufsm.br\/app\/uploads\/sites\/342\/2025\/01\/local-de-prova-pss.jpg 1080w\" sizes=\"(max-width: 300px) 100vw, 300px\" \/>Nesta segunda-feira, 06 de janeiro, a Pr\u00f3-Reitoria de Gradua\u00e7\u00e3o divulgou os locais de aplica\u00e7\u00e3o das <a href=\"https:\/\/www.ufsm.br\/app\/uploads\/sites\/342\/2024\/09\/alocacao_vestibular_2025_preliminar.pdf\">provas do Vestibular 2024\u00a0<\/a>e do\u00a0<a href=\"https:\/\/www.ufsm.br\/app\/uploads\/sites\/342\/2024\/09\/alocacao_seriado_pss1_2025_preliminar.pdf\">Processo Seletivo Seriado (PSS 1)<\/a> e <a href=\"https:\/\/www.ufsm.br\/app\/uploads\/sites\/342\/2024\/09\/alocacao_seriado_pss2_2025_preliminar.pdf\">Processo Seletivo Seriado (PSS 2).<\/a>\u00a0Nas listagens constam os nomes dos candidatos e o local onde ir\u00e3o realizar a prova. A consulta ao documento \u00e9 obrigat\u00f3ria, e o candidato deve verificar seus dados, n\u00e3o sendo permitido que realize a sele\u00e7\u00e3o em outro local diferente do especificado.\u00a0\u00a0<\/p>\n<p>Em Santa Maria, os candidatos inscritos para o Vestibular ir\u00e3o realizar a prova no campus sede, em Camobi. J\u00e1 os inscritos para o PSS ir\u00e3o fazer a prova na Universidade Franciscana (UFN).<\/p>\n<p>Al\u00e9m de Santa Maria, as\u00a0provas do vestibular ser\u00e3o aplicadas nos munic\u00edpios de Cachoeira do Sul, Frederico Westphalen e Palmeira da Miss\u00f5es; e ainda em Curitiba\/PR e Florian\u00f3polis\/ SC. J\u00e1 o PSS acontece nas cidades de Cachoeira do Sul\/RS, Caxias do Sul\/RS, Curitiba\/PR, Florian\u00f3polis\/SC, Frederico Westphalen\/RS, Palmeira da Miss\u00f5es\/RS, Passo Fundo\/RS, Porto Alegre\/RS, Santa Cruz do Sul\/RS, Santa Maria\/RS, Pelotas\/RS e Uruguaiana\/RS.<\/p>\n<p><strong>Confira o Mapa do Campus Sede &#8211; Santa Maria:<\/strong><\/p>\n<p><img decoding=\"async\" class=\"alignnone wp-image-24045 size-large\" src=\"https:\/\/www.ufsm.br\/app\/uploads\/sites\/342\/2025\/01\/Banner-Impresso-Voce-esta-aqui-2025-768x1024.jpg\" alt=\"\" width=\"768\" height=\"1024\" srcset=\"https:\/\/www.ufsm.br\/app\/uploads\/sites\/342\/2025\/01\/Banner-Impresso-Voce-esta-aqui-2025-768x1024.jpg 768w, https:\/\/www.ufsm.br\/app\/uploads\/sites\/342\/2025\/01\/Banner-Impresso-Voce-esta-aqui-2025-225x300.jpg 225w, https:\/\/www.ufsm.br\/app\/uploads\/sites\/342\/2025\/01\/Banner-Impresso-Voce-esta-aqui-2025-1152x1536.jpg 1152w, https:\/\/www.ufsm.br\/app\/uploads\/sites\/342\/2025\/01\/Banner-Impresso-Voce-esta-aqui-2025-1537x2048.jpg 1537w, https:\/\/www.ufsm.br\/app\/uploads\/sites\/342\/2025\/01\/Banner-Impresso-Voce-esta-aqui-2025.jpg 1920w\" sizes=\"(max-width: 768px) 100vw, 768px\" \/><\/p>\n","protected":false},"excerpt":{"rendered":"<p>Nesta segunda-feira, 06 de janeiro, a Pr\u00f3-Reitoria de Gradua\u00e7\u00e3o divulgou os locais de aplica\u00e7\u00e3o das provas do Vestibular 2024\u00a0e do\u00a0Processo Seletivo Seriado (PSS 1) e Processo Seletivo Seriado (PSS 2).\u00a0Nas listagens constam os nomes dos candidatos e o local onde ir\u00e3o realizar a prova. A consulta ao documento \u00e9 obrigat\u00f3ria, e o candidato deve verificar [&hellip;]<\/p>\n","protected":false},"author":7940,"featured_media":0,"comment_status":"closed","ping_status":"closed","sticky":false,"template":"","format":"standard","meta":{"footnotes":""},"categories":[1],"tags":[480,400,820,913],"class_list":["post-24033","post","type-post","status-publish","format-standard","hentry","category-sem-categoria","tag-capa","tag-processo-seletivo","tag-pss","tag-vestibular-2025"],"acf":[],"_links":{"self":[{"href":"https:\/\/www.ufsm.br\/pro-reitorias\/prograd\/wp-json\/wp\/v2\/posts\/24033","targetHints":{"allow":["GET"]}}],"collection":[{"href":"https:\/\/www.ufsm.br\/pro-reitorias\/prograd\/wp-json\/wp\/v2\/posts"}],"about":[{"href":"https:\/\/www.ufsm.br\/pro-reitorias\/prograd\/wp-json\/wp\/v2\/types\/post"}],"author":[{"embeddable":true,"href":"https:\/\/www.ufsm.br\/pro-reitorias\/prograd\/wp-json\/wp\/v2\/users\/7940"}],"replies":[{"embeddable":true,"href":"https:\/\/www.ufsm.br\/pro-reitorias\/prograd\/wp-json\/wp\/v2\/comments?post=24033"}],"version-history":[{"count":0,"href":"https:\/\/www.ufsm.br\/pro-reitorias\/prograd\/wp-json\/wp\/v2\/posts\/24033\/revisions"}],"wp:attachment":[{"href":"https:\/\/www.ufsm.br\/pro-reitorias\/prograd\/wp-json\/wp\/v2\/media?parent=24033"}],"wp:term":[{"taxonomy":"category","embeddable":true,"href":"https:\/\/www.ufsm.br\/pro-reitorias\/prograd\/wp-json\/wp\/v2\/categories?post=24033"},{"taxonomy":"post_tag","embeddable":true,"href":"https:\/\/www.ufsm.br\/pro-reitorias\/prograd\/wp-json\/wp\/v2\/tags?post=24033"}],"curies":[{"name":"wp","href":"https:\/\/api.w.org\/{rel}","templated":true}]}}