{"id":24284,"date":"2025-02-04T18:52:00","date_gmt":"2025-02-04T21:52:00","guid":{"rendered":"https:\/\/www.ufsm.br\/pro-reitorias\/prograd\/?p=24284"},"modified":"2025-03-16T19:13:50","modified_gmt":"2025-03-16T22:13:50","slug":"listao-de-pessoas-classificadas-no-vestibular-ufsm-2025-sera-divulgado-na-segunda-feira-10-as-11-horas","status":"publish","type":"post","link":"https:\/\/www.ufsm.br\/pro-reitorias\/prograd\/2025\/02\/04\/listao-de-pessoas-classificadas-no-vestibular-ufsm-2025-sera-divulgado-na-segunda-feira-10-as-11-horas","title":{"rendered":"List\u00e3o de pessoas classificadas no Vestibular UFSM 2025 ser\u00e1 divulgado na segunda-feira (10) \u00e0s 11 horas"},"content":{"rendered":"\n<p>\u00a0<\/p>\n<p><a href=\"https:\/\/www.ufsm.br\/app\/uploads\/sites\/342\/2025\/02\/UFSM-PROGRAD-Vestibular-2025-Listao-Classificados-10-fevereiro-2025_CARD.jpg\"><img fetchpriority=\"high\" decoding=\"async\" class=\"alignright wp-image-24285\" src=\"https:\/\/www.ufsm.br\/app\/uploads\/sites\/342\/2025\/02\/UFSM-PROGRAD-Vestibular-2025-Listao-Classificados-10-fevereiro-2025_CARD-300x300.jpg\" alt=\"\" width=\"500\" height=\"500\" srcset=\"https:\/\/www.ufsm.br\/app\/uploads\/sites\/342\/2025\/02\/UFSM-PROGRAD-Vestibular-2025-Listao-Classificados-10-fevereiro-2025_CARD-300x300.jpg 300w, https:\/\/www.ufsm.br\/app\/uploads\/sites\/342\/2025\/02\/UFSM-PROGRAD-Vestibular-2025-Listao-Classificados-10-fevereiro-2025_CARD-1024x1024.jpg 1024w, https:\/\/www.ufsm.br\/app\/uploads\/sites\/342\/2025\/02\/UFSM-PROGRAD-Vestibular-2025-Listao-Classificados-10-fevereiro-2025_CARD-150x150.jpg 150w, https:\/\/www.ufsm.br\/app\/uploads\/sites\/342\/2025\/02\/UFSM-PROGRAD-Vestibular-2025-Listao-Classificados-10-fevereiro-2025_CARD-768x768.jpg 768w, https:\/\/www.ufsm.br\/app\/uploads\/sites\/342\/2025\/02\/UFSM-PROGRAD-Vestibular-2025-Listao-Classificados-10-fevereiro-2025_CARD.jpg 1080w\" sizes=\"(max-width: 500px) 100vw, 500px\" \/><\/a>A Universidade Federal de Santa Maria vai realizar a leitura da <strong>lista de pessoas classificadas no Vestibular 2025<\/strong> na pr\u00f3xima segunda-feira, <strong>10 de fevereiro<\/strong>. A partir das <strong>11 horas<\/strong>, a UFSM divulgar\u00e1 o list\u00e3o no <strong>hall do Centro de Conven\u00e7\u00f5es<\/strong>, localizado no <em>Campus<\/em> sede em Camobi, em evento aberto \u00e0 comunidade em geral.<\/p>\n<p>A leitura ser\u00e1 transmitida em <a href=\"https:\/\/www.ufsm.br\/orgaos-suplementares\/radio\"><strong>ufsm.br\/radio<\/strong><\/a>, pelo <a href=\"https:\/\/www.youtube.com\/watch?v=rOdGMM7nsKI\"><strong>YouTube da Pr\u00f3-reitoria de Gradua\u00e7\u00e3o (Prograd)<\/strong> <\/a>e por outros meios de comunica\u00e7\u00e3o parceiros. Ap\u00f3s, a lista ser\u00e1 <strong>publicada em formato PDF<\/strong> no site<a href=\"https:\/\/www.ufsm.br\/pro-reitorias\/prograd\/editais\/082-2024\"><strong> ufsm.br\/vestibular<\/strong><\/a>. O resultado ser\u00e1 preliminar, j\u00e1 que os(as) candidatos(as) ter\u00e3o at\u00e9 48 horas ap\u00f3s a divulga\u00e7\u00e3o dos resultados para interpor recurso.<\/p>\n<p>As pessoas que forem classificadas dever\u00e3o aguardar a publica\u00e7\u00e3o de <strong>Edital espec\u00edfico<\/strong> no site <a href=\"https:\/\/www.ufsm.br\/pro-reitorias\/prograd\/editais\/082-2024\"><strong>ufsm.br\/vestibular<\/strong><\/a>, com instru\u00e7\u00f5es sobre <strong>envio da documenta\u00e7\u00e3o pelo Portal UFSM para confirma\u00e7\u00e3o de vaga, realiza\u00e7\u00e3o de webconfer\u00eancias via Google Meet e recebimento de e-mail informando deferimento ou indeferimento da vaga.<\/strong><\/p>\n<p>Outras informa\u00e7\u00f5es podem ser solicitadas ao <strong>N\u00facleo de Ingresso e Sele\u00e7\u00e3o Acad\u00eamicos da Pr\u00f3-reitoria de Gradua\u00e7\u00e3o,<\/strong> pelo e-mail <a href=\"mailto:falecom@nisa.ufsm.br\"><strong>falecom@nisa.ufsm.br<\/strong><\/a>.\u00a0<\/p>\n<p>\u00a0<\/p>\n<p align=\"center\"><iframe src=\"https:\/\/www.youtube.com\/embed\/rOdGMM7nsKI?si=YLDN-KSfQIHSss3K\" width=\"800\" height=\"450\" frameborder=\"0\" allowfullscreen=\"allowfullscreen\"><\/iframe>\u00a0<\/p>\n<p>\u00a0<\/p>\n\n\n","protected":false},"excerpt":{"rendered":"<p>Candidatos(as) poder\u00e3o acompanhar, presencialmente, pelas r\u00e1dios ou pelo YouTube da Pr\u00f3-reitoria de Gradua\u00e7\u00e3o, a leitura dos nomes classificados<\/p>\n","protected":false},"author":95,"featured_media":0,"comment_status":"closed","ping_status":"closed","sticky":false,"template":"","format":"standard","meta":{"footnotes":""},"categories":[1],"tags":[57,49,47,487,913],"class_list":["post-24284","post","type-post","status-publish","format-standard","hentry","category-sem-categoria","tag-graduacao","tag-prograd","tag-ufsm","tag-vestibular","tag-vestibular-2025"],"acf":[],"_links":{"self":[{"href":"https:\/\/www.ufsm.br\/pro-reitorias\/prograd\/wp-json\/wp\/v2\/posts\/24284","targetHints":{"allow":["GET"]}}],"collection":[{"href":"https:\/\/www.ufsm.br\/pro-reitorias\/prograd\/wp-json\/wp\/v2\/posts"}],"about":[{"href":"https:\/\/www.ufsm.br\/pro-reitorias\/prograd\/wp-json\/wp\/v2\/types\/post"}],"author":[{"embeddable":true,"href":"https:\/\/www.ufsm.br\/pro-reitorias\/prograd\/wp-json\/wp\/v2\/users\/95"}],"replies":[{"embeddable":true,"href":"https:\/\/www.ufsm.br\/pro-reitorias\/prograd\/wp-json\/wp\/v2\/comments?post=24284"}],"version-history":[{"count":0,"href":"https:\/\/www.ufsm.br\/pro-reitorias\/prograd\/wp-json\/wp\/v2\/posts\/24284\/revisions"}],"wp:attachment":[{"href":"https:\/\/www.ufsm.br\/pro-reitorias\/prograd\/wp-json\/wp\/v2\/media?parent=24284"}],"wp:term":[{"taxonomy":"category","embeddable":true,"href":"https:\/\/www.ufsm.br\/pro-reitorias\/prograd\/wp-json\/wp\/v2\/categories?post=24284"},{"taxonomy":"post_tag","embeddable":true,"href":"https:\/\/www.ufsm.br\/pro-reitorias\/prograd\/wp-json\/wp\/v2\/tags?post=24284"}],"curies":[{"name":"wp","href":"https:\/\/api.w.org\/{rel}","templated":true}]}}