{"id":24534,"date":"2025-02-28T15:52:00","date_gmt":"2025-02-28T18:52:00","guid":{"rendered":"https:\/\/www.ufsm.br\/pro-reitorias\/prograd\/?p=24534"},"modified":"2025-03-25T13:29:41","modified_gmt":"2025-03-25T16:29:41","slug":"fundo-de-ensino-oferta-bolsas-de-r-60000-a-academicosas-da-ufsm","status":"publish","type":"post","link":"https:\/\/www.ufsm.br\/pro-reitorias\/prograd\/2025\/02\/28\/fundo-de-ensino-oferta-bolsas-de-r-60000-a-academicosas-da-ufsm","title":{"rendered":"Fundo de Ensino oferta bolsas de R$ 600,00 a acad\u00eamicos(as) da UFSM"},"content":{"rendered":"\n<p>\u00a0<\/p>\n<p><a href=\"https:\/\/www.ufsm.br\/app\/uploads\/sites\/342\/2025\/02\/fien_2025_.jpg\"><img fetchpriority=\"high\" decoding=\"async\" class=\"alignright wp-image-24533\" src=\"https:\/\/www.ufsm.br\/app\/uploads\/sites\/342\/2025\/02\/fien_2025_-240x300.jpg\" alt=\"\" width=\"500\" height=\"625\" srcset=\"https:\/\/www.ufsm.br\/app\/uploads\/sites\/342\/2025\/02\/fien_2025_-240x300.jpg 240w, https:\/\/www.ufsm.br\/app\/uploads\/sites\/342\/2025\/02\/fien_2025_-819x1024.jpg 819w, https:\/\/www.ufsm.br\/app\/uploads\/sites\/342\/2025\/02\/fien_2025_-768x960.jpg 768w, https:\/\/www.ufsm.br\/app\/uploads\/sites\/342\/2025\/02\/fien_2025_.jpg 1080w\" sizes=\"(max-width: 500px) 100vw, 500px\" \/><\/a>A Universidade Federal de Santa Maria, atrav\u00e9s da Pr\u00f3-Reitoria de Gradua\u00e7\u00e3o, PROGRAD, torna p\u00fablico que, no per\u00edodo <strong>de 28 de fevereiro a 23 de mar\u00e7o de 2025<\/strong>, est\u00e3o abertas as inscri\u00e7\u00f5es para o <strong>Processo Seletivo para o Fundo de Ensino \u2013 FIEn 2025<\/strong>, com vistas a selecionar\u00a0<strong>PROJETOS DE ENSINO<\/strong>\u00a0que contribuam para a melhoria do desempenho acad\u00eamico nos cursos de gradua\u00e7\u00e3o (licenciatura e bacharelado) da UFSM, de maneira alinhada aos objetivos institucionais previstos no\u00a0<a href=\"https:\/\/www.ufsm.br\/app\/uploads\/sites\/500\/2021\/04\/VFinal-DocumentoPDI-TextoBaseCONSU_TextoComPlanoDeMetas2022.pdf\" target=\"_blank\" rel=\"noopener\"><strong>Plano de Desenvolvimento Institucional (PDI) 2016-2026 da UFSM<\/strong><\/a>.<\/p>\n<p>O <a href=\"https:\/\/www.ufsm.br\/pro-reitorias\/prograd\/editais\/006-2025\"><strong>Edital 006\/2025<\/strong><\/a>, com o cronograma de sele\u00e7\u00e3o, exig\u00eancias e modelos documentais, pode ser acessado no site <a href=\"https:\/\/ufsm.br\/prograd\"><strong>ufsm.br\/prograd<\/strong><\/a>.<\/p>\n<p><strong>Os projetos dever\u00e3o estar enquadrados em uma das \u00e1reas do conhecimento a seguir:<\/strong><\/p>\n<p>A) Ci\u00eancias Exatas e da Terra;<br \/>B) Ci\u00eancias Biol\u00f3gicas;<br \/>C) Engenharias;<br \/>D) Ci\u00eancias da Sa\u00fade;<br \/>E) Ci\u00eancias Agr\u00e1rias;<br \/>F) Ci\u00eancias Sociais Aplicadas;<br \/>G) Ci\u00eancias Humanas;<br \/>H) Lingu\u00edstica, Letras e Artes.<\/p>\n<p>Todos os projetos submetidos ao FIEn 2025 dever\u00e3o estar\u00a0<strong>registrados no SIE na categoria ENSINO<\/strong>, com data de vig\u00eancia igual ou superior a 31 de janeiro de 2026.<\/p>\n<p>O fomento destinado a este Edital ser\u00e1 proveniente do or\u00e7amento da Institui\u00e7\u00e3o, atrav\u00e9s de projeto estrat\u00e9gico espec\u00edfico proposto pela\u00a0 PROGRAD para o ano de 2025. Ser\u00e1 destinado um total de\u00a0<strong>R$ 200.000,00 (duzentos mil reais)<\/strong>\u00a0para o desenvolvimento dos projetos em 2025. Os recursos n\u00e3o utilizados neste Edital poder\u00e3o ser realocados para outro projeto estrat\u00e9gico da PROGRAD, conforme avalia\u00e7\u00e3o.<\/p>\n<p>Os recursos destinados a este Edital ser\u00e3o distribu\u00eddos em duas faixas:<\/p>\n<p>A)\u00a0<strong>Faixa A \u2013 de R$ 80.000,00 (oitenta mil reais)<\/strong>\u00a0\u2013 Distribu\u00eddos entre 04 (quatro) projetos de at\u00e9 R$ 20.000,00 (vinte mil reais) cada um, contemplando projetos com grande abrang\u00eancia e alto fator de impacto nas unidades;<\/p>\n<p>B)\u00a0<strong>Faixa B \u2013 de R$ 120.000,00 (cento e vinte mil reais)<\/strong>\u00a0\u2013 Distribu\u00eddos entre 12 (doze) projetos de at\u00e9 R$ 10.000,00 (dez mil reais) cada um, atendendo \u00e1reas do conhecimento espec\u00edficas.<\/p>\n<p>A faixa na qual o projeto ir\u00e1 concorrer \u2013 \u201cA\u201d ou \u201cB\u201d \u2013 dever\u00e1 ser indicada na Ficha Resumo do Projeto (Anexo I deste Edital).<\/p>\n<p>Cada candidato\/a poder\u00e1 inscrever\u00a0<strong>somente um projeto e indicar somente uma faixa.<\/strong><\/p>\n<p>S\u00e3o requisitos do\/a solicitante ser\u00a0<strong>servidor\/a da Universidade Federal de Santa Maria (docente ou t\u00e9cnico-administrativo\/a),<\/strong>\u00a0coordenador\/a de\u00a0<strong>projeto de ensino<\/strong>\u00a0com registro na Plataforma de Projetos da UFSM,\u00a0<strong>com status \u201cem andamento ou renovado\u201d<\/strong>\u00a0e data de encerramento\u00a0<strong>posterior a 31 de janeiro de 2026<\/strong>.<\/p>\n<p>Dentro de cada faixa poder\u00e3o ser solicitadas<strong>\u00a0bolsas acad\u00eamicas e\/ou recursos de custeio<\/strong>, conforme o especificado no item 7 e seus subitens deste Edital.<\/p>\n<p>Os\/as\u00a0<strong>servidores\/as t\u00e9cnico-administrativos\/as em educa\u00e7\u00e3o<\/strong>\u00a0candidatos\/as ao FIEn poder\u00e3o solicitar <strong>recurso de custeio<\/strong>, desde que o projeto inscrito esteja relacionado ao seu cargo e atenda ao interesse da UFSM (conforme parecer da Procuradoria Jur\u00eddica da UFSM \u2013 PROJUR \u2013 no processo n\u00famero 23081.002739\/2009-45, despacho n\u00famero 1263\/09) ,<strong>\u00a0n\u00e3o sendo poss\u00edvel solicitar recurso para pagamento de bolsa(s) acad\u00eamica(s).<\/strong><\/p>\n<p>As bolsas previstas nos projetos FIEn ter\u00e3o o valor mensal de<strong> R$ 600,00 e a dura\u00e7\u00e3o de oito meses,<\/strong>\u00a0a contar do in\u00edcio da vig\u00eancia do projeto\u00a0<strong>(maio a dezembro de 2025<\/strong>).<\/p>\n<p>Os projetos enquadrados na faixa \u201cA\u201d poder\u00e3o solicitar\u00a0<strong>at\u00e9 04 (quatro) bolsistas, cada um,<\/strong>\u00a0respeitando-se o indicado nos incisos 4.3 e 4.4 deste Edital.<\/p>\n<p>Os projetos enquadrados na faixa \u201cB\u201d poder\u00e3o solicitar\u00a0<strong>at\u00e9 02 (dois) bolsistas cada um<\/strong>, respeitando-se o indicado nos incisos 4.3 e 4.4 deste Edital.<\/p>\n<p>A\u00a0<strong>sele\u00e7\u00e3o e a indica\u00e7\u00e3o\/cadastro dos\/as bolsistas s\u00e3o prerrogativas do\/a solicitante<\/strong>, sendo de sua inteira responsabilidade, respeitando a Resolu\u00e7\u00e3o N. 01\/2013 da UFSM. A substitui\u00e7\u00e3o, a sele\u00e7\u00e3o e a indica\u00e7\u00e3o\/cadastro do\/a substituto\/a s\u00e3o tamb\u00e9m de inteira responsabilidade do\/a solicitante, permanecendo todas as obriga\u00e7\u00f5es de execu\u00e7\u00e3o do projeto proposto.<\/p>\n<p>A indica\u00e7\u00e3o\/cadastro do\/a bolsista se dar\u00e1 exclusivamente pelo\u00a0<strong>Portal Docente<\/strong>\u00a0(no link \u201cAux\u00edlios e Bolsas para Projetos\u201d: \u201cMinhas Solicita\u00e7\u00f5es\u201d), no prazo estipulado no item 2 deste Edital: Cronograma.<\/p>\n<p>Outras informa\u00e7\u00f5es podem ser solicitadas ao e-mail\u00a0<strong><a class=\"notranslate\" href=\"mailto:prolicenprograd@ufsm.br\" target=\"_blank\" rel=\"noopener\">prolicenprograd@ufsm.br<\/a><\/strong>\u00a0e ao telefone (55) 3220 8872.<\/p>\n","protected":false},"excerpt":{"rendered":"<p>Submiss\u00e3o de projetos por docentes pode ser feita at\u00e9 23 de mar\u00e7o<\/p>\n","protected":false},"author":95,"featured_media":0,"comment_status":"closed","ping_status":"closed","sticky":false,"template":"","format":"standard","meta":{"footnotes":""},"categories":[1],"tags":[343,252,57,49,47],"class_list":["post-24534","post","type-post","status-publish","format-standard","hentry","category-sem-categoria","tag-bolsas","tag-fien","tag-graduacao","tag-prograd","tag-ufsm"],"acf":[],"_links":{"self":[{"href":"https:\/\/www.ufsm.br\/pro-reitorias\/prograd\/wp-json\/wp\/v2\/posts\/24534","targetHints":{"allow":["GET"]}}],"collection":[{"href":"https:\/\/www.ufsm.br\/pro-reitorias\/prograd\/wp-json\/wp\/v2\/posts"}],"about":[{"href":"https:\/\/www.ufsm.br\/pro-reitorias\/prograd\/wp-json\/wp\/v2\/types\/post"}],"author":[{"embeddable":true,"href":"https:\/\/www.ufsm.br\/pro-reitorias\/prograd\/wp-json\/wp\/v2\/users\/95"}],"replies":[{"embeddable":true,"href":"https:\/\/www.ufsm.br\/pro-reitorias\/prograd\/wp-json\/wp\/v2\/comments?post=24534"}],"version-history":[{"count":0,"href":"https:\/\/www.ufsm.br\/pro-reitorias\/prograd\/wp-json\/wp\/v2\/posts\/24534\/revisions"}],"wp:attachment":[{"href":"https:\/\/www.ufsm.br\/pro-reitorias\/prograd\/wp-json\/wp\/v2\/media?parent=24534"}],"wp:term":[{"taxonomy":"category","embeddable":true,"href":"https:\/\/www.ufsm.br\/pro-reitorias\/prograd\/wp-json\/wp\/v2\/categories?post=24534"},{"taxonomy":"post_tag","embeddable":true,"href":"https:\/\/www.ufsm.br\/pro-reitorias\/prograd\/wp-json\/wp\/v2\/tags?post=24534"}],"curies":[{"name":"wp","href":"https:\/\/api.w.org\/{rel}","templated":true}]}}