{"id":24589,"date":"2025-04-01T13:58:00","date_gmt":"2025-04-01T16:58:00","guid":{"rendered":"https:\/\/www.ufsm.br\/pro-reitorias\/prograd\/?p=24589"},"modified":"2025-07-07T14:14:04","modified_gmt":"2025-07-07T17:14:04","slug":"prograd-marca-presenca-no-1o-interpet-de-2025","status":"publish","type":"post","link":"https:\/\/www.ufsm.br\/pro-reitorias\/prograd\/2025\/04\/01\/prograd-marca-presenca-no-1o-interpet-de-2025","title":{"rendered":"Prograd marca presen\u00e7a no 1\u00ba InterPET de 2025"},"content":{"rendered":"\n<p>\u00a0<\/p>\n<figure id=\"attachment_24590\" aria-describedby=\"caption-attachment-24590\" style=\"width: 500px\" class=\"wp-caption alignleft\"><a href=\"https:\/\/www.ufsm.br\/app\/uploads\/sites\/342\/2025\/04\/UFSM-PROGRAD-InterPET_marco_2025_001.jpg\"><img fetchpriority=\"high\" decoding=\"async\" class=\"wp-image-24590\" src=\"https:\/\/www.ufsm.br\/app\/uploads\/sites\/342\/2025\/04\/UFSM-PROGRAD-InterPET_marco_2025_001-300x300.jpg\" alt=\"\" width=\"500\" height=\"500\" srcset=\"https:\/\/www.ufsm.br\/app\/uploads\/sites\/342\/2025\/04\/UFSM-PROGRAD-InterPET_marco_2025_001-300x300.jpg 300w, https:\/\/www.ufsm.br\/app\/uploads\/sites\/342\/2025\/04\/UFSM-PROGRAD-InterPET_marco_2025_001-1024x1024.jpg 1024w, https:\/\/www.ufsm.br\/app\/uploads\/sites\/342\/2025\/04\/UFSM-PROGRAD-InterPET_marco_2025_001-150x150.jpg 150w, https:\/\/www.ufsm.br\/app\/uploads\/sites\/342\/2025\/04\/UFSM-PROGRAD-InterPET_marco_2025_001-768x768.jpg 768w, https:\/\/www.ufsm.br\/app\/uploads\/sites\/342\/2025\/04\/UFSM-PROGRAD-InterPET_marco_2025_001.jpg 1440w\" sizes=\"(max-width: 500px) 100vw, 500px\" \/><\/a><figcaption id=\"caption-attachment-24590\" class=\"wp-caption-text\"><em>Pr\u00f3-reitor de Gradua\u00e7\u00e3o da UFSM, prof. Jer\u00f4nimo Tybusch, falou durante a abertura do InterPET<\/em><\/figcaption><\/figure>\n<p>Vinte e um grupos do <strong>Programa de Educa\u00e7\u00e3o Tutorial (PET)<\/strong> <strong>da UFSM<\/strong> participaram do <strong>1\u00b0 InterPET de 2025<\/strong>, realizado no \u00faltimo s\u00e1bado (29). O encontro teve por objetivo a troca de conhecimentos e experi\u00eancias sob uma perspectiva interdisciplinar, abrindo espa\u00e7o para a discuss\u00e3o de temas relevantes \u00e0 forma\u00e7\u00e3o dos(as) acad\u00eamicos(as) na contemporaneidade.<\/p>\n<p>A Pr\u00f3-reitoria de Gradua\u00e7\u00e3o (Prograd) foi representada pelo Pr\u00f3-reitor, professor <strong>Jer\u00f4nimo Tybusch<\/strong>, que se pronunciou durante a abertura do evento.<\/p>\n<p>O InterPET foi organizado pelo <strong>PET Engenharia Civil<\/strong>, pelo<strong> PET Biologia<\/strong> e pelo<strong> PET Ind\u00edgena<\/strong>. Saiba mais sobre o <strong>Programa de Educa\u00e7\u00e3o Tutorial da UFSM<\/strong> clicando <a href=\"https:\/\/www.ufsm.br\/pro-reitorias\/prograd\/pet\/grupos-na-ufsm\"><strong>AQUI<\/strong><\/a>.<\/p>\n<p>\u00a0<\/p>\n<p>\u00a0<\/p>\n<table style=\"border-collapse: collapse;width: 100%\">\n<tbody>\n<tr>\n<td style=\"width: 33.3333%;text-align: center\"><a href=\"https:\/\/www.ufsm.br\/app\/uploads\/sites\/342\/2025\/04\/UFSM-PROGRAD-InterPET_marco_2025_002.jpg\"><img decoding=\"async\" class=\"aligncenter wp-image-24591 size-medium\" src=\"https:\/\/www.ufsm.br\/app\/uploads\/sites\/342\/2025\/04\/UFSM-PROGRAD-InterPET_marco_2025_002-300x300.jpg\" alt=\"\" width=\"300\" height=\"300\" srcset=\"https:\/\/www.ufsm.br\/app\/uploads\/sites\/342\/2025\/04\/UFSM-PROGRAD-InterPET_marco_2025_002-300x300.jpg 300w, https:\/\/www.ufsm.br\/app\/uploads\/sites\/342\/2025\/04\/UFSM-PROGRAD-InterPET_marco_2025_002-1024x1024.jpg 1024w, https:\/\/www.ufsm.br\/app\/uploads\/sites\/342\/2025\/04\/UFSM-PROGRAD-InterPET_marco_2025_002-150x150.jpg 150w, https:\/\/www.ufsm.br\/app\/uploads\/sites\/342\/2025\/04\/UFSM-PROGRAD-InterPET_marco_2025_002-768x768.jpg 768w, https:\/\/www.ufsm.br\/app\/uploads\/sites\/342\/2025\/04\/UFSM-PROGRAD-InterPET_marco_2025_002.jpg 1440w\" sizes=\"(max-width: 300px) 100vw, 300px\" \/><\/a><\/td>\n<td style=\"width: 33.3333%;text-align: center\"><a href=\"https:\/\/www.ufsm.br\/app\/uploads\/sites\/342\/2025\/04\/UFSM-PROGRAD-InterPET_marco_2025_003.jpg\"><img decoding=\"async\" class=\"aligncenter wp-image-24592 size-medium\" src=\"https:\/\/www.ufsm.br\/app\/uploads\/sites\/342\/2025\/04\/UFSM-PROGRAD-InterPET_marco_2025_003-300x300.jpg\" alt=\"\" width=\"300\" height=\"300\" srcset=\"https:\/\/www.ufsm.br\/app\/uploads\/sites\/342\/2025\/04\/UFSM-PROGRAD-InterPET_marco_2025_003-300x300.jpg 300w, https:\/\/www.ufsm.br\/app\/uploads\/sites\/342\/2025\/04\/UFSM-PROGRAD-InterPET_marco_2025_003-1024x1024.jpg 1024w, https:\/\/www.ufsm.br\/app\/uploads\/sites\/342\/2025\/04\/UFSM-PROGRAD-InterPET_marco_2025_003-150x150.jpg 150w, https:\/\/www.ufsm.br\/app\/uploads\/sites\/342\/2025\/04\/UFSM-PROGRAD-InterPET_marco_2025_003-768x768.jpg 768w, https:\/\/www.ufsm.br\/app\/uploads\/sites\/342\/2025\/04\/UFSM-PROGRAD-InterPET_marco_2025_003.jpg 1440w\" sizes=\"(max-width: 300px) 100vw, 300px\" \/><\/a><\/td>\n<td style=\"width: 33.3333%;text-align: center\">\n<p><a href=\"https:\/\/www.ufsm.br\/app\/uploads\/sites\/342\/2025\/04\/UFSM-PROGRAD-InterPET_marco_2025_001.jpg\"><img loading=\"lazy\" decoding=\"async\" class=\"alignnone wp-image-24590 size-medium\" src=\"https:\/\/www.ufsm.br\/app\/uploads\/sites\/342\/2025\/04\/UFSM-PROGRAD-InterPET_marco_2025_001-300x300.jpg\" alt=\"Pr\u00f3-reitor de Gradua\u00e7\u00e3o da UFSM, prof. Jer\u00f4nimo Tybusch, falou durante a abertura do InterPET\" width=\"300\" height=\"300\" srcset=\"https:\/\/www.ufsm.br\/app\/uploads\/sites\/342\/2025\/04\/UFSM-PROGRAD-InterPET_marco_2025_001-300x300.jpg 300w, https:\/\/www.ufsm.br\/app\/uploads\/sites\/342\/2025\/04\/UFSM-PROGRAD-InterPET_marco_2025_001-1024x1024.jpg 1024w, https:\/\/www.ufsm.br\/app\/uploads\/sites\/342\/2025\/04\/UFSM-PROGRAD-InterPET_marco_2025_001-150x150.jpg 150w, https:\/\/www.ufsm.br\/app\/uploads\/sites\/342\/2025\/04\/UFSM-PROGRAD-InterPET_marco_2025_001-768x768.jpg 768w, https:\/\/www.ufsm.br\/app\/uploads\/sites\/342\/2025\/04\/UFSM-PROGRAD-InterPET_marco_2025_001.jpg 1440w\" sizes=\"(max-width: 300px) 100vw, 300px\" \/><\/a><\/p>\n<\/td>\n<\/tr>\n<\/tbody>\n<\/table>\n<p><em>Fotos: Comiss\u00e3o Organizadora<\/em><\/p>\n","protected":false},"excerpt":{"rendered":"<p>\u00a0 Vinte e um grupos do Programa de Educa\u00e7\u00e3o Tutorial (PET) da UFSM participaram do 1\u00b0 InterPET de 2025, realizado no \u00faltimo s\u00e1bado (29). O encontro teve por objetivo a troca de conhecimentos e experi\u00eancias sob uma perspectiva interdisciplinar, abrindo espa\u00e7o para a discuss\u00e3o de temas relevantes \u00e0 forma\u00e7\u00e3o dos(as) acad\u00eamicos(as) na contemporaneidade. A Pr\u00f3-reitoria [&hellip;]<\/p>\n","protected":false},"author":95,"featured_media":0,"comment_status":"closed","ping_status":"closed","sticky":false,"template":"","format":"standard","meta":{"footnotes":""},"categories":[1],"tags":[480,355,57,957,130,49,47],"class_list":["post-24589","post","type-post","status-publish","format-standard","hentry","category-sem-categoria","tag-capa","tag-educacao-tutorial","tag-graduacao","tag-interpet","tag-pet","tag-prograd","tag-ufsm"],"acf":[],"_links":{"self":[{"href":"https:\/\/www.ufsm.br\/pro-reitorias\/prograd\/wp-json\/wp\/v2\/posts\/24589","targetHints":{"allow":["GET"]}}],"collection":[{"href":"https:\/\/www.ufsm.br\/pro-reitorias\/prograd\/wp-json\/wp\/v2\/posts"}],"about":[{"href":"https:\/\/www.ufsm.br\/pro-reitorias\/prograd\/wp-json\/wp\/v2\/types\/post"}],"author":[{"embeddable":true,"href":"https:\/\/www.ufsm.br\/pro-reitorias\/prograd\/wp-json\/wp\/v2\/users\/95"}],"replies":[{"embeddable":true,"href":"https:\/\/www.ufsm.br\/pro-reitorias\/prograd\/wp-json\/wp\/v2\/comments?post=24589"}],"version-history":[{"count":0,"href":"https:\/\/www.ufsm.br\/pro-reitorias\/prograd\/wp-json\/wp\/v2\/posts\/24589\/revisions"}],"wp:attachment":[{"href":"https:\/\/www.ufsm.br\/pro-reitorias\/prograd\/wp-json\/wp\/v2\/media?parent=24589"}],"wp:term":[{"taxonomy":"category","embeddable":true,"href":"https:\/\/www.ufsm.br\/pro-reitorias\/prograd\/wp-json\/wp\/v2\/categories?post=24589"},{"taxonomy":"post_tag","embeddable":true,"href":"https:\/\/www.ufsm.br\/pro-reitorias\/prograd\/wp-json\/wp\/v2\/tags?post=24589"}],"curies":[{"name":"wp","href":"https:\/\/api.w.org\/{rel}","templated":true}]}}