{"id":25119,"date":"2025-08-12T16:32:00","date_gmt":"2025-08-12T19:32:00","guid":{"rendered":"https:\/\/www.ufsm.br\/pro-reitorias\/prograd\/?p=25119"},"modified":"2025-09-15T17:16:24","modified_gmt":"2025-09-15T20:16:24","slug":"cadastro-de-espacos-e-laboratorios-para-o-tour-guiado-do-descubra-ufsm-2025-pode-ser-realizado-ate-o-dia-20-de-agosto","status":"publish","type":"post","link":"https:\/\/www.ufsm.br\/pro-reitorias\/prograd\/2025\/08\/12\/cadastro-de-espacos-e-laboratorios-para-o-tour-guiado-do-descubra-ufsm-2025-pode-ser-realizado-ate-o-dia-20-de-agosto","title":{"rendered":"Cadastro de espa\u00e7os e laborat\u00f3rios para o Tour Guiado do Descubra UFSM 2025 pode ser realizado at\u00e9 o dia 20 de agosto"},"content":{"rendered":"\n<p>\u00a0<\/p>\n<p>Respons\u00e1veis por laborat\u00f3rios e outros espa\u00e7os de ensino, pesquisa, extens\u00e3o e inova\u00e7\u00e3o da UFSM j\u00e1 podem encaminhar o <strong>cadastramento dos locais<\/strong> para participa\u00e7\u00e3o no <strong><em>Tour<\/em> Guiado pelo <em>campus<\/em> sede<\/strong> durante o <a href=\"https:\/\/ufsm.br\/descubra\"><strong>Descubra UFSM 2025<\/strong><\/a>.<\/p>\n<p>O Descubra, este ano, acontecer\u00e1 <strong>de 25 a 27 de setembro<\/strong>. O cadastramento dos espa\u00e7os pode ser feito at\u00e9 o <strong>dia 20 de agosto<\/strong>.<\/p>\n<p>O <em>Tour<\/em> Guiado \u00e9 organizado pelo curso de <strong>Tecnologia em Gest\u00e3o de Turismo<\/strong>, com apoio da<strong> Pr\u00f3-reitoria de Gradua\u00e7\u00e3o (Prograd)<\/strong>. O objetivo \u00e9 dar uma vis\u00e3o geral da estrutura do <em>Campus<\/em> Sede da Universidade.<\/p>\n<p>As escolas visitantes que se inscreverem no <em>Tour<\/em> realizar\u00e3o um <strong>passeio de \u00f4nibus<\/strong> guiado por alunos-guia do curso de Tecnologia em Gest\u00e3o de Turismo capacitados para este fim. A visita\u00e7\u00e3o aos laborat\u00f3rios e demais espa\u00e7os se dar\u00e1 de acordo com a disponibilidade dos locais e com as atividades programadas, durante a realiza\u00e7\u00e3o do Descubra.<\/p>\n<p>O tempo previsto para a visita a cada espa\u00e7o \u00e9 de no m\u00e1ximo 15 minutos. Caber\u00e1 \u00e0 pessoa respons\u00e1vel pelo laborat\u00f3rio\/local a sele\u00e7\u00e3o de bolsistas respons\u00e1veis pela recep\u00e7\u00e3o dos visitantes.<\/p>\n<p>O <a href=\"https:\/\/www.ufsm.br\/pro-reitorias\/prograd\/editais\/064-2025\"><strong>Edital 064\/2025<\/strong><\/a>, que traz o <em>link<\/em> para cadastramento e demais orienta\u00e7\u00f5es, est\u00e1 dispon\u00edvel no <a href=\"https:\/\/ufsm.br\/prograd\/editais\"><strong>site da Pr\u00f3-reitoria de Gradua\u00e7\u00e3o<\/strong><\/a>.\u00a0\u00a0<\/p>\n<p><strong>Em breve, as escolas visitantes poder\u00e3o realizar a inscri\u00e7\u00e3o para o <em>Tour<\/em> Guiado do Descubra.<\/strong> Outras informa\u00e7\u00f5es estar\u00e3o dispon\u00edveis no site <a href=\"https:\/\/ufsm.br\/descubra\"><strong>ufsm.br\/descubra<\/strong><\/a> e poder\u00e3o ser solicitadas tamb\u00e9m ao e-mail <a href=\"mailto:prograd@ufsm.br\"><strong>prograd@ufsm.br<\/strong><\/a> e aos telefones (55) 3220-8338 e 3220-8389.<\/p>\n<hr \/>\n<h3>NOVO HOR\u00c1RIO: Lan\u00e7amento da campanha ocorre nesta ter\u00e7a (16\/9), \u00e0s 15h30<\/h3>\n<p>O lan\u00e7amento da <strong>campanha publicit\u00e1ria<\/strong> do Descubra UFSM e do Conecta Cidade Universit\u00e1ria 2025 ocorre <strong>nesta ter\u00e7a-feira (16), \u00e0s 15h30, no Sal\u00e3o Imembu\u00ed, no 2\u00ba andar do pr\u00e9dio da Reitoria.<\/strong><\/p>\n<p>Haver\u00e1 transmiss\u00e3o ao vivo pelo canal da Prograd no\u00a0<strong><a href=\"https:\/\/www.youtube.com\/watch?v=5bOwJjroooI\" target=\"_blank\" rel=\"noopener\">YouTube<\/a><\/strong>.<\/p>\n<p><iframe title=\"Campanha Publicit\u00e1ria DESCUBRA UFSM e Conecta Cidade Universit\u00e1ria 2025\" width=\"500\" height=\"281\" src=\"https:\/\/www.youtube.com\/embed\/5bOwJjroooI?feature=oembed\" frameborder=\"0\" allow=\"accelerometer; autoplay; clipboard-write; encrypted-media; gyroscope; picture-in-picture; web-share\" referrerpolicy=\"strict-origin-when-cross-origin\" allowfullscreen><\/iframe><\/p>\n","protected":false},"excerpt":{"rendered":"<p>Evento acontecer\u00e1 nos dias 25, 26 e 27 de setembro<\/p>\n","protected":false},"author":95,"featured_media":0,"comment_status":"closed","ping_status":"closed","sticky":false,"template":"","format":"standard","meta":{"footnotes":""},"categories":[1],"tags":[480,61,980,177,57,49,47],"class_list":["post-25119","post","type-post","status-publish","format-standard","hentry","category-sem-categoria","tag-capa","tag-descubra","tag-descubra-2025","tag-descubra-ufsm","tag-graduacao","tag-prograd","tag-ufsm"],"acf":[],"_links":{"self":[{"href":"https:\/\/www.ufsm.br\/pro-reitorias\/prograd\/wp-json\/wp\/v2\/posts\/25119","targetHints":{"allow":["GET"]}}],"collection":[{"href":"https:\/\/www.ufsm.br\/pro-reitorias\/prograd\/wp-json\/wp\/v2\/posts"}],"about":[{"href":"https:\/\/www.ufsm.br\/pro-reitorias\/prograd\/wp-json\/wp\/v2\/types\/post"}],"author":[{"embeddable":true,"href":"https:\/\/www.ufsm.br\/pro-reitorias\/prograd\/wp-json\/wp\/v2\/users\/95"}],"replies":[{"embeddable":true,"href":"https:\/\/www.ufsm.br\/pro-reitorias\/prograd\/wp-json\/wp\/v2\/comments?post=25119"}],"version-history":[{"count":0,"href":"https:\/\/www.ufsm.br\/pro-reitorias\/prograd\/wp-json\/wp\/v2\/posts\/25119\/revisions"}],"wp:attachment":[{"href":"https:\/\/www.ufsm.br\/pro-reitorias\/prograd\/wp-json\/wp\/v2\/media?parent=25119"}],"wp:term":[{"taxonomy":"category","embeddable":true,"href":"https:\/\/www.ufsm.br\/pro-reitorias\/prograd\/wp-json\/wp\/v2\/categories?post=25119"},{"taxonomy":"post_tag","embeddable":true,"href":"https:\/\/www.ufsm.br\/pro-reitorias\/prograd\/wp-json\/wp\/v2\/tags?post=25119"}],"curies":[{"name":"wp","href":"https:\/\/api.w.org\/{rel}","templated":true}]}}