{"id":25148,"date":"2025-07-24T10:03:00","date_gmt":"2025-07-24T13:03:00","guid":{"rendered":"https:\/\/www.ufsm.br\/pro-reitorias\/prograd\/?p=25148"},"modified":"2025-11-12T18:23:24","modified_gmt":"2025-11-12T21:23:24","slug":"jai-submissao-de-trabalhos-a-jornada-academica-integrada-pode-ser-feita-ate-29-de-agosto","status":"publish","type":"post","link":"https:\/\/www.ufsm.br\/pro-reitorias\/prograd\/2025\/07\/24\/jai-submissao-de-trabalhos-a-jornada-academica-integrada-pode-ser-feita-ate-29-de-agosto","title":{"rendered":"JAI: Jornada Acad\u00eamica Integrada acontece de 3 a 7 de novembro, tendo a Intelig\u00eancia Artificial como tema central"},"content":{"rendered":"\n<p data-start=\"253\" data-end=\"545\"><a href=\"https:\/\/www.ufsm.br\/app\/uploads\/sites\/342\/2025\/08\/ufsm-prograd-jai-2025-jornada-academica-integrada_banner.jpg\"><img fetchpriority=\"high\" decoding=\"async\" class=\"wp-image-25149 size-large aligncenter\" src=\"https:\/\/www.ufsm.br\/app\/uploads\/sites\/342\/2025\/08\/ufsm-prograd-jai-2025-jornada-academica-integrada_banner-1024x267.jpg\" alt=\"\" width=\"1024\" height=\"267\" srcset=\"https:\/\/www.ufsm.br\/app\/uploads\/sites\/342\/2025\/08\/ufsm-prograd-jai-2025-jornada-academica-integrada_banner-1024x267.jpg 1024w, https:\/\/www.ufsm.br\/app\/uploads\/sites\/342\/2025\/08\/ufsm-prograd-jai-2025-jornada-academica-integrada_banner-300x78.jpg 300w, https:\/\/www.ufsm.br\/app\/uploads\/sites\/342\/2025\/08\/ufsm-prograd-jai-2025-jornada-academica-integrada_banner-768x200.jpg 768w, https:\/\/www.ufsm.br\/app\/uploads\/sites\/342\/2025\/08\/ufsm-prograd-jai-2025-jornada-academica-integrada_banner.jpg 1536w\" sizes=\"(max-width: 1024px) 100vw, 1024px\" \/><\/a><\/p>\n<p data-start=\"253\" data-end=\"545\">\u00a0<\/p>\n<p data-start=\"253\" data-end=\"545\">A Universidade Federal de Santa Maria publicou o\u00a0<strong><a href=\"https:\/\/www.ufsm.br\/pro-reitorias\/prpgp\/jai\/editais\/028-2025\">Edital 028\/2025<\/a>,<\/strong> que traz as normas e diretrizes para a realiza\u00e7\u00e3o da <strong>quadrag\u00e9sima edi\u00e7\u00e3o da Jornada Acad\u00eamica Integrada (JAI)<\/strong>. O evento ocorrer\u00e1 entre os <strong>dias 3 e 7 de novembro de 2025<\/strong>, integrando atividades de ensino, pesquisa, extens\u00e3o e inova\u00e7\u00e3o.<\/p>\n<p data-start=\"547\" data-end=\"859\">A inscri\u00e7\u00e3o de trabalhos e de avaliadores volunt\u00e1rios estar\u00e1 aberta de 25 de julho <strong>at\u00e9 as 17 horas do dia 29 de agosto<\/strong>, exclusivamente pelo site <a href=\"https:\/\/ufsm.br\/jai\"><strong>ufsm.br\/jai<\/strong><\/a>. A submiss\u00e3o \u00e9 gratuita e aberta a estudantes da UFSM e de outras institui\u00e7\u00f5es, no caso da JAI Externos.<\/p>\n<p data-start=\"861\" data-end=\"1037\">A programa\u00e7\u00e3o da JAI inclui apresenta\u00e7\u00f5es nos <strong>formatos oral, banner e performativo<\/strong>, organizadas por \u00e1reas do conhecimento e distribu\u00eddas entre os diversos subeventos:<\/p>\n<ul data-start=\"1038\" data-end=\"1257\">\n<li data-start=\"1038\" data-end=\"1075\">\n<p data-start=\"1040\" data-end=\"1075\"><strong>40\u00ba Sal\u00e3o de Inicia\u00e7\u00e3o Cient\u00edfica<\/strong><\/p>\n<\/li>\n<li data-start=\"1076\" data-end=\"1101\">\n<p data-start=\"1078\" data-end=\"1101\"><strong>20\u00ba Sal\u00e3o de Extens\u00e3o<\/strong><\/p>\n<\/li>\n<li data-start=\"1102\" data-end=\"1125\">\n<p data-start=\"1104\" data-end=\"1125\"><strong>17\u00ba Sal\u00e3o de Ensino<\/strong><\/p>\n<\/li>\n<li data-start=\"1126\" data-end=\"1156\">\n<p data-start=\"1128\" data-end=\"1156\"><strong>16\u00ba Sal\u00e3o de P\u00f3s-Gradua\u00e7\u00e3o<\/strong><\/p>\n<\/li>\n<li data-start=\"1157\" data-end=\"1176\">\n<p data-start=\"1159\" data-end=\"1176\"><strong>9\u00aa JAI Externos<\/strong><\/p>\n<\/li>\n<li data-start=\"1177\" data-end=\"1193\">\n<p data-start=\"1179\" data-end=\"1193\"><strong>7\u00aa JAI Jovem<\/strong><\/p>\n<\/li>\n<li data-start=\"1194\" data-end=\"1221\">\n<p data-start=\"1196\" data-end=\"1221\"><strong>4\u00aa Maratona de Inova\u00e7\u00e3o<\/strong><\/p>\n<\/li>\n<li data-start=\"1222\" data-end=\"1238\">\n<p data-start=\"1224\" data-end=\"1238\"><strong>4\u00aa JAI Mirim<\/strong><\/p>\n<\/li>\n<li data-start=\"1239\" data-end=\"1257\">\n<p data-start=\"1241\" data-end=\"1257\"><strong>1\u00ba InteRSummit<\/strong><\/p>\n<\/li>\n<\/ul>\n<p data-start=\"1259\" data-end=\"1670\">As atividades ser\u00e3o realizadas principalmente no <strong>Centro de Conven\u00e7\u00f5es, nos pr\u00e9dios 74A, B e C (CCSH), no pr\u00e9dio 44 (CCR) e no pr\u00e9dio 61H (Incubadora Pulsar\/InovaTec)<\/strong>, no <em>campus<\/em> sede em Santa Maria. Apresenta\u00e7\u00f5es de estudantes dos <em>campi<\/em> de Cachoeira do Sul, Palmeira das Miss\u00f5es e Frederico Westphalen tamb\u00e9m est\u00e3o previstas e seguir\u00e3o <strong>programa\u00e7\u00f5es espec\u00edficas<\/strong>, a serem divulgadas no site da JAI.<\/p>\n<p data-start=\"1672\" data-end=\"1890\">Al\u00e9m das apresenta\u00e7\u00f5es de trabalhos, a JAI contar\u00e1 com <strong>confer\u00eancias, oficinas, workshops e eventos sat\u00e9lites<\/strong> organizados por centros de ensino, grupos de pesquisa, laborat\u00f3rios e demais setores da Universidade.<\/p>\n<p data-start=\"1892\" data-end=\"2117\">Modelos de resumo, regras de submiss\u00e3o, formatos de apresenta\u00e7\u00e3o e demais informa\u00e7\u00f5es est\u00e3o dispon\u00edveis no site <a href=\"https:\/\/ufsm.br\/jai\"><strong>ufsm.br\/jai<\/strong><\/a>. Outras informa\u00e7\u00f5es podem ser solicitadas ao email <a href=\"mailto:jai@ufsm.br\"><strong>jai@ufsm.br<\/strong><\/a> e pelo telefone 55 3220-8082.<\/p>\n<p data-start=\"1892\" data-end=\"2117\"><em>Fonte: ufsm.br\u00a0<\/em><\/p>\n","protected":false},"excerpt":{"rendered":"<p>\u00a0 A Universidade Federal de Santa Maria publicou o\u00a0Edital 028\/2025, que traz as normas e diretrizes para a realiza\u00e7\u00e3o da quadrag\u00e9sima edi\u00e7\u00e3o da Jornada Acad\u00eamica Integrada (JAI). O evento ocorrer\u00e1 entre os dias 3 e 7 de novembro de 2025, integrando atividades de ensino, pesquisa, extens\u00e3o e inova\u00e7\u00e3o. A inscri\u00e7\u00e3o de trabalhos e de avaliadores [&hellip;]<\/p>\n","protected":false},"author":95,"featured_media":0,"comment_status":"closed","ping_status":"closed","sticky":false,"template":"","format":"standard","meta":{"footnotes":""},"categories":[1],"tags":[57,214,988,218,49,47],"class_list":["post-25148","post","type-post","status-publish","format-standard","hentry","category-sem-categoria","tag-graduacao","tag-jai","tag-jai-2025","tag-jornada-academica-integrada","tag-prograd","tag-ufsm"],"acf":[],"_links":{"self":[{"href":"https:\/\/www.ufsm.br\/pro-reitorias\/prograd\/wp-json\/wp\/v2\/posts\/25148","targetHints":{"allow":["GET"]}}],"collection":[{"href":"https:\/\/www.ufsm.br\/pro-reitorias\/prograd\/wp-json\/wp\/v2\/posts"}],"about":[{"href":"https:\/\/www.ufsm.br\/pro-reitorias\/prograd\/wp-json\/wp\/v2\/types\/post"}],"author":[{"embeddable":true,"href":"https:\/\/www.ufsm.br\/pro-reitorias\/prograd\/wp-json\/wp\/v2\/users\/95"}],"replies":[{"embeddable":true,"href":"https:\/\/www.ufsm.br\/pro-reitorias\/prograd\/wp-json\/wp\/v2\/comments?post=25148"}],"version-history":[{"count":0,"href":"https:\/\/www.ufsm.br\/pro-reitorias\/prograd\/wp-json\/wp\/v2\/posts\/25148\/revisions"}],"wp:attachment":[{"href":"https:\/\/www.ufsm.br\/pro-reitorias\/prograd\/wp-json\/wp\/v2\/media?parent=25148"}],"wp:term":[{"taxonomy":"category","embeddable":true,"href":"https:\/\/www.ufsm.br\/pro-reitorias\/prograd\/wp-json\/wp\/v2\/categories?post=25148"},{"taxonomy":"post_tag","embeddable":true,"href":"https:\/\/www.ufsm.br\/pro-reitorias\/prograd\/wp-json\/wp\/v2\/tags?post=25148"}],"curies":[{"name":"wp","href":"https:\/\/api.w.org\/{rel}","templated":true}]}}