{"id":25419,"date":"2025-10-30T13:40:16","date_gmt":"2025-10-30T16:40:16","guid":{"rendered":"https:\/\/www.ufsm.br\/pro-reitorias\/prograd\/?p=25419"},"modified":"2025-12-11T10:21:48","modified_gmt":"2025-12-11T13:21:48","slug":"colecao-textos-introdutorios-ufsm-seleciona-obras-de-docentes-em-quatro-areas-para-publicacao-em-2026","status":"publish","type":"post","link":"https:\/\/www.ufsm.br\/pro-reitorias\/prograd\/2025\/10\/30\/colecao-textos-introdutorios-ufsm-seleciona-obras-de-docentes-em-quatro-areas-para-publicacao-em-2026","title":{"rendered":"Cole\u00e7\u00e3o Textos Introdut\u00f3rios UFSM seleciona obras de docentes em quatro \u00e1reas para publica\u00e7\u00e3o em 2026"},"content":{"rendered":"\n<p>\u00a0<\/p>\n<p>Professores(as) da Universidade Federal de Santa Maria que ministrem disciplinas no primeiro ou no segundo semestre dos cursos de gradua\u00e7\u00e3o ter\u00e3o, em 2026, a chance de publicar obras por meio da <strong>Editora da UFSM<\/strong>. Em parceria com a <strong>Pr\u00f3-reitoria de Gradua\u00e7\u00e3o (Prograd)<\/strong>, a Editora lan\u00e7ou a chamada para submiss\u00e3o de originais de livros para a <a href=\"https:\/\/editoraufsm.com.br\/assuntos\/textos-introdutorios-ufsm.html?limit=36\"><strong>Cole\u00e7\u00e3o Textos Introdut\u00f3rios UFSM<\/strong><\/a>.\u00a0\u00a0<\/p>\n<p>A Cole\u00e7\u00e3o se inspira em iniciativas similares de Textos Introdut\u00f3rios de universidades como Cambridge, Oxford e Yale, bem como em s\u00e9ries consagradas como a Primeiros Passos, da Editora Brasiliense, servindo de est\u00edmulo ao aprendizado, \u00e0 reflex\u00e3o e \u00e0 valoriza\u00e7\u00e3o do trabalho de docentes da institui\u00e7\u00e3o.<\/p>\n<p>Excepcionalmente nesta chamada, a publica\u00e7\u00e3o ser\u00e1 limitada a quatro \u00e1reas: <strong>Ci\u00eancias Rurais, Ci\u00eancias da Sa\u00fade, Educa\u00e7\u00e3o e Ci\u00eancias Interdisciplinares.<\/strong><\/p>\n<p>Na <strong>primeira fase de sele\u00e7\u00e3o<\/strong>, que vai de 30 de outubro a <strong>07 de dezembro de 2025<\/strong>, os(as) autores(as) dever\u00e3o enviar a sua proposta de livro, conforme modelo dispon\u00edvel no Anexo A do Edital. Nesta fase, os(as) autores(as) deixar\u00e3o claros o t\u00edtulo e o escopo da publica\u00e7\u00e3o, a sua rela\u00e7\u00e3o com a disciplina que originou a proposta e os seus dados de contato.<\/p>\n<p>Na <strong>segunda fase<\/strong>, que vai de 06 de janeiro a <strong>12 de abril de 2026<\/strong>, os(as) autores(as) dever\u00e3o enviar os originais, a Ficha de Informa\u00e7\u00f5es sobre Autor (Anexo B do Edital) e a Declara\u00e7\u00e3o de Ineditismo da Obra (Anexo C).<\/p>\n<p>As orienta\u00e7\u00f5es para estrutura\u00e7\u00e3o e submiss\u00e3o dos originais constam do <strong><a href=\"https:\/\/www.ufsm.br\/pro-reitorias\/prograd\/editais\/097-2025\">Edital 097\/2025<\/a><\/strong>, que pode ser acessado no site <a href=\"https:\/\/ufsm.br\/prograd\/editais\"><strong>ufsm.br\/prograd\/editais<\/strong><\/a>. Outras informa\u00e7\u00f5es podem ser solicitadas ao e-mail <a href=\"mailto:textos.introdutorios@ufsm.br\"><strong>textos.introdutorios@ufsm.br<\/strong><\/a>.\u00a0\u00a0<\/p>\n<p>\u00a0<\/p>\n\n\n","protected":false},"excerpt":{"rendered":"<p>Inscri\u00e7\u00f5es seguem abertas at\u00e9 7 de dezembro de 2025<\/p>\n","protected":false},"author":95,"featured_media":0,"comment_status":"closed","ping_status":"closed","sticky":false,"template":"","format":"standard","meta":{"footnotes":""},"categories":[1],"tags":[480,706,705,57,707,49,47],"class_list":["post-25419","post","type-post","status-publish","format-standard","hentry","category-sem-categoria","tag-capa","tag-colecao-textos-introdutorios","tag-editora-ufsm","tag-graduacao","tag-livros","tag-prograd","tag-ufsm"],"acf":[],"_links":{"self":[{"href":"https:\/\/www.ufsm.br\/pro-reitorias\/prograd\/wp-json\/wp\/v2\/posts\/25419","targetHints":{"allow":["GET"]}}],"collection":[{"href":"https:\/\/www.ufsm.br\/pro-reitorias\/prograd\/wp-json\/wp\/v2\/posts"}],"about":[{"href":"https:\/\/www.ufsm.br\/pro-reitorias\/prograd\/wp-json\/wp\/v2\/types\/post"}],"author":[{"embeddable":true,"href":"https:\/\/www.ufsm.br\/pro-reitorias\/prograd\/wp-json\/wp\/v2\/users\/95"}],"replies":[{"embeddable":true,"href":"https:\/\/www.ufsm.br\/pro-reitorias\/prograd\/wp-json\/wp\/v2\/comments?post=25419"}],"version-history":[{"count":0,"href":"https:\/\/www.ufsm.br\/pro-reitorias\/prograd\/wp-json\/wp\/v2\/posts\/25419\/revisions"}],"wp:attachment":[{"href":"https:\/\/www.ufsm.br\/pro-reitorias\/prograd\/wp-json\/wp\/v2\/media?parent=25419"}],"wp:term":[{"taxonomy":"category","embeddable":true,"href":"https:\/\/www.ufsm.br\/pro-reitorias\/prograd\/wp-json\/wp\/v2\/categories?post=25419"},{"taxonomy":"post_tag","embeddable":true,"href":"https:\/\/www.ufsm.br\/pro-reitorias\/prograd\/wp-json\/wp\/v2\/tags?post=25419"}],"curies":[{"name":"wp","href":"https:\/\/api.w.org\/{rel}","templated":true}]}}