{"id":25442,"date":"2025-10-21T16:57:00","date_gmt":"2025-10-21T19:57:00","guid":{"rendered":"https:\/\/www.ufsm.br\/pro-reitorias\/prograd\/?p=25442"},"modified":"2025-12-11T10:22:24","modified_gmt":"2025-12-11T13:22:24","slug":"compartilhando-saberes-debate-a-formacao-docente-e-as-conexoes-entre-educacao-basica-e-superior","status":"publish","type":"post","link":"https:\/\/www.ufsm.br\/pro-reitorias\/prograd\/2025\/10\/21\/compartilhando-saberes-debate-a-formacao-docente-e-as-conexoes-entre-educacao-basica-e-superior","title":{"rendered":"Compartilhando Saberes debate a forma\u00e7\u00e3o docente e as conex\u00f5es entre Educa\u00e7\u00e3o B\u00e1sica e Superior"},"content":{"rendered":"\n<p>&nbsp;<\/p>\n<p><a href=\"https:\/\/www.ufsm.br\/app\/uploads\/sites\/342\/2025\/10\/ufsm-prograd-compartilhando-saberes-2025-001.jpg\"><img fetchpriority=\"high\" decoding=\"async\" class=\"alignright wp-image-25410\" src=\"https:\/\/www.ufsm.br\/app\/uploads\/sites\/342\/2025\/10\/ufsm-prograd-compartilhando-saberes-2025-001-240x300.jpg\" alt=\"\" width=\"500\" height=\"625\" srcset=\"https:\/\/www.ufsm.br\/app\/uploads\/sites\/342\/2025\/10\/ufsm-prograd-compartilhando-saberes-2025-001-240x300.jpg 240w, https:\/\/www.ufsm.br\/app\/uploads\/sites\/342\/2025\/10\/ufsm-prograd-compartilhando-saberes-2025-001-819x1024.jpg 819w, https:\/\/www.ufsm.br\/app\/uploads\/sites\/342\/2025\/10\/ufsm-prograd-compartilhando-saberes-2025-001-768x960.jpg 768w, https:\/\/www.ufsm.br\/app\/uploads\/sites\/342\/2025\/10\/ufsm-prograd-compartilhando-saberes-2025-001.jpg 1080w\" sizes=\"(max-width: 500px) 100vw, 500px\" \/><\/a>A Universidade Federal de Santa Maria, por meio da Pr\u00f3-Reitoria de Gradua\u00e7\u00e3o (Prograd), convida docentes, estudantes e pesquisadores para a edi\u00e7\u00e3o 2025 do evento <strong>&#8220;Compartilhando Saberes: Conex\u00f5es entre a Educa\u00e7\u00e3o B\u00e1sica e Superior&#8221;.<\/strong> O tema central do encontro, este ano, ser\u00e1 a <strong>forma\u00e7\u00e3o de professoras e professores<\/strong>.<\/p>\n<p>O evento \u00e9 destinado a Professores(as), Coordenadores(as) e Diretores(as) de escolas p\u00fablicas ou privadas, bem como a Docentes e Estudantes de Gradua\u00e7\u00e3o e P\u00f3s-gradua\u00e7\u00e3o, Pesquisadores(as) e a todas as pessoas interessadas nas rela\u00e7\u00f5es entre a Educa\u00e7\u00e3o B\u00e1sica e o Ensino Superior.&nbsp;<\/p>\n<p>O Compartilhando Saberes ser\u00e1 realizado no <strong>dia 12 de novembro, quarta-feira,<\/strong> no&nbsp;<strong>Audit\u00f3rio C do Centro de Ci\u00eancias Naturais e Exatas (CCNE \u2013 Pr\u00e9dio 18), localizado no<em> Campus<\/em> Sede da UFSM em Santa Maria, no bairro Camobi.<\/strong><\/p>\n<p><strong>As inscri\u00e7\u00f5es s\u00e3o gratuitas e devem ser feitas pelo link<\/strong>&nbsp;<a href=\"https:\/\/bit.ly\/saberes2025\"><strong>bit.ly\/saberes2025<\/strong><\/a>, para recebimento de <a href=\"https:\/\/portal.ufsm.br\/certificados\"><strong>Certificado<\/strong><\/a>.<\/p>\n<p>A realiza\u00e7\u00e3o do evento \u00e9 da <strong>Pr\u00f3-Reitoria de Gradua\u00e7\u00e3o da UFSM (Prograd)<\/strong>, em parceria com a <strong>Secretaria de Munic\u00edpio da Educa\u00e7\u00e3o de Santa Maria (SMEd\/SM)<\/strong> e com a <strong>8\u00aa Coordenadoria Regional de Educa\u00e7\u00e3o (CRE\/RS)<\/strong>.<\/p>\n<p>&nbsp;<\/p>\n<h3><span style=\"background-color: #ffff00\"><strong>CONFIRA A PROGRAMA\u00c7\u00c3O:&nbsp;&nbsp;<\/strong><\/span><\/h3>\n<p><a href=\"https:\/\/www.ufsm.br\/app\/uploads\/sites\/342\/2025\/10\/ufsm-prograd-compartilhando-saberes-2025-002.jpg\"><img decoding=\"async\" class=\"alignleft wp-image-25411\" src=\"https:\/\/www.ufsm.br\/app\/uploads\/sites\/342\/2025\/10\/ufsm-prograd-compartilhando-saberes-2025-002-240x300.jpg\" alt=\"\" width=\"300\" height=\"375\" srcset=\"https:\/\/www.ufsm.br\/app\/uploads\/sites\/342\/2025\/10\/ufsm-prograd-compartilhando-saberes-2025-002-240x300.jpg 240w, https:\/\/www.ufsm.br\/app\/uploads\/sites\/342\/2025\/10\/ufsm-prograd-compartilhando-saberes-2025-002-819x1024.jpg 819w, https:\/\/www.ufsm.br\/app\/uploads\/sites\/342\/2025\/10\/ufsm-prograd-compartilhando-saberes-2025-002-768x960.jpg 768w, https:\/\/www.ufsm.br\/app\/uploads\/sites\/342\/2025\/10\/ufsm-prograd-compartilhando-saberes-2025-002.jpg 1080w\" sizes=\"(max-width: 300px) 100vw, 300px\" \/><\/a><img decoding=\"async\" class=\"emoji\" role=\"img\" src=\"https:\/\/s.w.org\/images\/core\/emoji\/15.0.3\/svg\/23f0.svg\" alt=\"\u23f0\">&nbsp;<strong>9h00<\/strong>&nbsp;\u2013 CERIMONIAL DE ABERTURA<\/p>\n<p>&nbsp;<\/p>\n<p><img decoding=\"async\" class=\"emoji\" role=\"img\" src=\"https:\/\/s.w.org\/images\/core\/emoji\/15.0.3\/svg\/23f0.svg\" alt=\"\u23f0\">&nbsp;<strong>9h30 \u2013 MESA TEM\u00c1TICA: Est\u00e1gios nas Licenciaturas: Diferentes espa\u00e7os e possibilidades de atua\u00e7\u00e3o de professoras\/es<\/strong><\/p>\n<p><img decoding=\"async\" class=\"emoji\" role=\"img\" src=\"https:\/\/s.w.org\/images\/core\/emoji\/15.0.3\/svg\/2705.svg\" alt=\"\u2705\">&nbsp;<strong>Profa. Analisa Zorzi (UFPel)<\/strong>&nbsp;\u2013 Est\u00e1gios nas Licenciaturas: Diferentes espa\u00e7os e possibilidades de atua\u00e7\u00e3o de professoras\/es \u00e0 luz da Resolu\u00e7\u00e3o CNE\/CP n. 04\/2024<\/p>\n<p><img decoding=\"async\" class=\"emoji\" role=\"img\" src=\"https:\/\/s.w.org\/images\/core\/emoji\/15.0.3\/svg\/2705.svg\" alt=\"\u2705\">&nbsp;<strong>Profa. D\u00f3ris Vargas Bolzan (UFSM)<\/strong>&nbsp;\u2013 Aprendizagem docente e licenciaturas: Est\u00e1gios na forma\u00e7\u00e3o inicial<\/p>\n<p>&nbsp;<\/p>\n<p>&nbsp;<\/p>\n<p><a href=\"https:\/\/www.ufsm.br\/app\/uploads\/sites\/342\/2025\/10\/ufsm-prograd-compartilhando-saberes-2025-003.jpg\"><img decoding=\"async\" class=\"alignright wp-image-25412\" src=\"https:\/\/www.ufsm.br\/app\/uploads\/sites\/342\/2025\/10\/ufsm-prograd-compartilhando-saberes-2025-003-240x300.jpg\" alt=\"\" width=\"300\" height=\"375\" srcset=\"https:\/\/www.ufsm.br\/app\/uploads\/sites\/342\/2025\/10\/ufsm-prograd-compartilhando-saberes-2025-003-240x300.jpg 240w, https:\/\/www.ufsm.br\/app\/uploads\/sites\/342\/2025\/10\/ufsm-prograd-compartilhando-saberes-2025-003-819x1024.jpg 819w, https:\/\/www.ufsm.br\/app\/uploads\/sites\/342\/2025\/10\/ufsm-prograd-compartilhando-saberes-2025-003-768x960.jpg 768w, https:\/\/www.ufsm.br\/app\/uploads\/sites\/342\/2025\/10\/ufsm-prograd-compartilhando-saberes-2025-003.jpg 1080w\" sizes=\"(max-width: 300px) 100vw, 300px\" \/><\/a><img decoding=\"async\" class=\"emoji\" role=\"img\" src=\"https:\/\/s.w.org\/images\/core\/emoji\/15.0.3\/svg\/23f0.svg\" alt=\"\u23f0\">&nbsp;<strong>14h00 \u2013 MESA TEM\u00c1TICA: Est\u00e1gios nas Licenciaturas: Diferentes espa\u00e7os e possibilidades de atua\u00e7\u00e3o de professoras\/es<\/strong><\/p>\n<p><img decoding=\"async\" class=\"emoji\" role=\"img\" src=\"https:\/\/s.w.org\/images\/core\/emoji\/15.0.3\/svg\/2705.svg\" alt=\"\u2705\">&nbsp;<strong>Profa. Regina Ehlers Bathelt (UFSM)<\/strong>&nbsp;\u2013 Etapas formativas dos Est\u00e1gios Supervisionados das Licenciaturas: Limites e possibilidades para os modos de organiza\u00e7\u00e3o da Educa\u00e7\u00e3o B\u00e1sica<\/p>\n<p><strong><img decoding=\"async\" class=\"emoji\" role=\"img\" src=\"https:\/\/s.w.org\/images\/core\/emoji\/15.0.3\/svg\/2705.svg\" alt=\"\u2705\">&nbsp;Prof. Rosalvo Lu\u00eds Sawitzki (UFSM)<\/strong> \u2013 Os programas institucionais na forma\u00e7\u00e3o de professoras\/es: PIBID e Resid\u00eancia Pedag\u00f3gica.<\/p>\n<p>Outras informa\u00e7\u00f5es podem ser solicitadas \u00e0<strong>&nbsp;Pr\u00f3-Reitoria de Gradua\u00e7\u00e3o<\/strong> pelo e-mail <a class=\"notranslate\" href=\"mailto:prograd@ufsm.br\"><strong>prograd@ufsm.br&nbsp;<\/strong><\/a><\/p>\n<p>&nbsp;<\/p>\n<p>&nbsp;<\/p>\n<p style=\"text-align: center\">&nbsp;<\/p>\n<p><b>&nbsp;<\/b><\/p>\n<p align=\"center\"><iframe src=\"https:\/\/www.youtube.com\/embed\/k0kfVXBju6I?si=iLHCAUC_v_WyRV4C&amp;start=990\" width=\"560\" height=\"315\" frameborder=\"0\" allowfullscreen=\"allowfullscreen\"><\/iframe><\/p>\n<p>&nbsp;<\/p>\n<p align=\"center\"><iframe src=\"https:\/\/www.youtube.com\/embed\/Iih9LUzOYK0?si=z_dOvLTSGpEvmf_O&amp;start=990\" width=\"560\" height=\"315\" frameborder=\"0\" allowfullscreen=\"allowfullscreen\"><\/iframe><\/p>\n\n\n\n\n\n<p>\u00a0<\/p>\n<p>\u00a0<\/p>\n","protected":false},"excerpt":{"rendered":"<p>&nbsp; A Universidade Federal de Santa Maria, por meio da Pr\u00f3-Reitoria de Gradua\u00e7\u00e3o (Prograd), convida docentes, estudantes e pesquisadores para a edi\u00e7\u00e3o 2025 do evento &#8220;Compartilhando Saberes: Conex\u00f5es entre a Educa\u00e7\u00e3o B\u00e1sica e Superior&#8221;. O tema central do encontro, este ano, ser\u00e1 a forma\u00e7\u00e3o de professoras e professores. O evento \u00e9 destinado a Professores(as), Coordenadores(as) [&hellip;]<\/p>\n","protected":false},"author":95,"featured_media":0,"comment_status":"closed","ping_status":"closed","sticky":false,"template":"","format":"standard","meta":{"footnotes":""},"categories":[1],"tags":[480,278,190,57,478,49,778,47],"class_list":["post-25442","post","type-post","status-publish","format-standard","hentry","category-sem-categoria","tag-capa","tag-compartilhando-saberes","tag-formacao-de-professores","tag-graduacao","tag-pos-graduacao","tag-prograd","tag-rede-basica","tag-ufsm"],"acf":[],"_links":{"self":[{"href":"https:\/\/www.ufsm.br\/pro-reitorias\/prograd\/wp-json\/wp\/v2\/posts\/25442","targetHints":{"allow":["GET"]}}],"collection":[{"href":"https:\/\/www.ufsm.br\/pro-reitorias\/prograd\/wp-json\/wp\/v2\/posts"}],"about":[{"href":"https:\/\/www.ufsm.br\/pro-reitorias\/prograd\/wp-json\/wp\/v2\/types\/post"}],"author":[{"embeddable":true,"href":"https:\/\/www.ufsm.br\/pro-reitorias\/prograd\/wp-json\/wp\/v2\/users\/95"}],"replies":[{"embeddable":true,"href":"https:\/\/www.ufsm.br\/pro-reitorias\/prograd\/wp-json\/wp\/v2\/comments?post=25442"}],"version-history":[{"count":0,"href":"https:\/\/www.ufsm.br\/pro-reitorias\/prograd\/wp-json\/wp\/v2\/posts\/25442\/revisions"}],"wp:attachment":[{"href":"https:\/\/www.ufsm.br\/pro-reitorias\/prograd\/wp-json\/wp\/v2\/media?parent=25442"}],"wp:term":[{"taxonomy":"category","embeddable":true,"href":"https:\/\/www.ufsm.br\/pro-reitorias\/prograd\/wp-json\/wp\/v2\/categories?post=25442"},{"taxonomy":"post_tag","embeddable":true,"href":"https:\/\/www.ufsm.br\/pro-reitorias\/prograd\/wp-json\/wp\/v2\/tags?post=25442"}],"curies":[{"name":"wp","href":"https:\/\/api.w.org\/{rel}","templated":true}]}}