{"id":26523,"date":"2026-02-27T15:11:00","date_gmt":"2026-02-27T18:11:00","guid":{"rendered":"https:\/\/www.ufsm.br\/pro-reitorias\/prograd\/?p=26523"},"modified":"2026-03-12T17:48:08","modified_gmt":"2026-03-12T20:48:08","slug":"disciplina-etica-e-felicidade-licoes-da-filosofia-antiga-para-uma-vida-boa-oferta-60-vagas-para-estudantes-de-graduacao-da-ufsm","status":"publish","type":"post","link":"https:\/\/www.ufsm.br\/pro-reitorias\/prograd\/2026\/02\/27\/disciplina-etica-e-felicidade-licoes-da-filosofia-antiga-para-uma-vida-boa-oferta-60-vagas-para-estudantes-de-graduacao-da-ufsm","title":{"rendered":"Disciplina \u201c\u00c9tica e Felicidade: Li\u00e7\u00f5es da Filosofia Antiga para uma Vida Boa\u201d oferta 60 vagas para estudantes de gradua\u00e7\u00e3o da UFSM"},"content":{"rendered":"\n<p>\u00a0<\/p>\n<p><a href=\"https:\/\/www.ufsm.br\/app\/uploads\/sites\/342\/2026\/03\/ufsm-prograd-isp-ccsh-disciplina-etica-e-felicidade-2026-1-semestre-cards.jpeg\"><img fetchpriority=\"high\" decoding=\"async\" class=\"alignleft wp-image-26524\" src=\"https:\/\/www.ufsm.br\/app\/uploads\/sites\/342\/2026\/03\/ufsm-prograd-isp-ccsh-disciplina-etica-e-felicidade-2026-1-semestre-cards-300x300.jpeg\" alt=\"\" width=\"500\" height=\"500\" srcset=\"https:\/\/www.ufsm.br\/app\/uploads\/sites\/342\/2026\/03\/ufsm-prograd-isp-ccsh-disciplina-etica-e-felicidade-2026-1-semestre-cards-300x300.jpeg 300w, https:\/\/www.ufsm.br\/app\/uploads\/sites\/342\/2026\/03\/ufsm-prograd-isp-ccsh-disciplina-etica-e-felicidade-2026-1-semestre-cards-150x150.jpeg 150w, https:\/\/www.ufsm.br\/app\/uploads\/sites\/342\/2026\/03\/ufsm-prograd-isp-ccsh-disciplina-etica-e-felicidade-2026-1-semestre-cards-768x768.jpeg 768w, https:\/\/www.ufsm.br\/app\/uploads\/sites\/342\/2026\/03\/ufsm-prograd-isp-ccsh-disciplina-etica-e-felicidade-2026-1-semestre-cards.jpeg 1024w\" sizes=\"(max-width: 500px) 100vw, 500px\" \/><\/a>A Pr\u00f3-Reitoria de Gradua\u00e7\u00e3o da Universidade Federal de Santa Maria, em conson\u00e2ncia com o Departamento de Ci\u00eancias Sociais da UFSM, torna p\u00fablico o <strong><a href=\"https:\/\/www.ufsm.br\/pro-reitorias\/prograd\/editais\/010-2026\">edital de oferta<\/a> da disciplina ISP1232, \u201c\u00c9tica e Felicidade: Li\u00e7\u00f5es da Filosofia Antiga para uma Vida Boa\u201d<\/strong>.<\/p>\n<p>Ao todo ser\u00e3o ofertadas <strong>60 vagas<\/strong>, destinadas a estudantes dos cursos de gradua\u00e7\u00e3o da UFSM, a partir do primeiro semestre. As solicita\u00e7\u00f5es de matr\u00edcula podem ser realizadas <strong>at\u00e9 o dia 10 de mar\u00e7o<\/strong>.<\/p>\n<p>Outras informa\u00e7\u00f5es podem ser solicitadas ao ministrante da disciplina,\u00a0<strong>Prof. Dr. Dejalma Cremonese<\/strong>, pelo email\u00a0<a class=\"notranslate\" href=\"mailto:dcremoisp@yahoo.com.br\"><strong>dcremoisp@yahoo.com.br<\/strong><\/a><\/p>\n","protected":false},"excerpt":{"rendered":"<p>\u00a0 A Pr\u00f3-Reitoria de Gradua\u00e7\u00e3o da Universidade Federal de Santa Maria, em conson\u00e2ncia com o Departamento de Ci\u00eancias Sociais da UFSM, torna p\u00fablico o edital de oferta da disciplina ISP1232, \u201c\u00c9tica e Felicidade: Li\u00e7\u00f5es da Filosofia Antiga para uma Vida Boa\u201d. Ao todo ser\u00e3o ofertadas 60 vagas, destinadas a estudantes dos cursos de gradua\u00e7\u00e3o da [&hellip;]<\/p>\n","protected":false},"author":95,"featured_media":0,"comment_status":"closed","ping_status":"closed","sticky":false,"template":"","format":"standard","meta":{"footnotes":""},"categories":[1],"tags":[644,57,49,47],"class_list":["post-26523","post","type-post","status-publish","format-standard","hentry","category-sem-categoria","tag-etica-e-felicidade","tag-graduacao","tag-prograd","tag-ufsm"],"acf":[],"_links":{"self":[{"href":"https:\/\/www.ufsm.br\/pro-reitorias\/prograd\/wp-json\/wp\/v2\/posts\/26523","targetHints":{"allow":["GET"]}}],"collection":[{"href":"https:\/\/www.ufsm.br\/pro-reitorias\/prograd\/wp-json\/wp\/v2\/posts"}],"about":[{"href":"https:\/\/www.ufsm.br\/pro-reitorias\/prograd\/wp-json\/wp\/v2\/types\/post"}],"author":[{"embeddable":true,"href":"https:\/\/www.ufsm.br\/pro-reitorias\/prograd\/wp-json\/wp\/v2\/users\/95"}],"replies":[{"embeddable":true,"href":"https:\/\/www.ufsm.br\/pro-reitorias\/prograd\/wp-json\/wp\/v2\/comments?post=26523"}],"version-history":[{"count":0,"href":"https:\/\/www.ufsm.br\/pro-reitorias\/prograd\/wp-json\/wp\/v2\/posts\/26523\/revisions"}],"wp:attachment":[{"href":"https:\/\/www.ufsm.br\/pro-reitorias\/prograd\/wp-json\/wp\/v2\/media?parent=26523"}],"wp:term":[{"taxonomy":"category","embeddable":true,"href":"https:\/\/www.ufsm.br\/pro-reitorias\/prograd\/wp-json\/wp\/v2\/categories?post=26523"},{"taxonomy":"post_tag","embeddable":true,"href":"https:\/\/www.ufsm.br\/pro-reitorias\/prograd\/wp-json\/wp\/v2\/tags?post=26523"}],"curies":[{"name":"wp","href":"https:\/\/api.w.org\/{rel}","templated":true}]}}