{"id":26527,"date":"2026-03-09T11:22:59","date_gmt":"2026-03-09T14:22:59","guid":{"rendered":"https:\/\/www.ufsm.br\/pro-reitorias\/prograd\/?p=26527"},"modified":"2026-04-13T09:03:04","modified_gmt":"2026-04-13T12:03:04","slug":"prograd-prorroga-prazo-para-solicitacao-de-ajuste-de-matricula","status":"publish","type":"post","link":"https:\/\/www.ufsm.br\/pro-reitorias\/prograd\/2026\/03\/09\/prograd-prorroga-prazo-para-solicitacao-de-ajuste-de-matricula","title":{"rendered":"PROGRAD prorroga prazo para solicita\u00e7\u00e3o de ajuste de matr\u00edcula"},"content":{"rendered":"\n<p>A Pr\u00f3-Reitoria de Gradua\u00e7\u00e3o (PROGRAD) da Universidade Federal de Santa Maria (UFSM) informa aos estudantes que foi prorrogado o per\u00edodo para solicita\u00e7\u00e3o de ajuste de matr\u00edcula referente ao 1\u00ba semestre letivo de 2026.<\/p>\n<p>Com a altera\u00e7\u00e3o no Calend\u00e1rio Acad\u00eamico, estudantes de gradua\u00e7\u00e3o e de p\u00f3s-gradua\u00e7\u00e3o poder\u00e3o solicitar ajustes <strong data-start=\"539\" data-end=\"587\">at\u00e9 o dia 11 de mar\u00e7o de 2026 (quarta-feira)<\/strong>.<\/p>\n<p>As solicita\u00e7\u00f5es podem ser realizadas <strong data-start=\"627\" data-end=\"695\">pelo Portal Estudantil ou diretamente com a Coordena\u00e7\u00e3o do Curso<\/strong>, conforme os procedimentos adotados por cada curso.<\/p>\n<h2 data-section-id=\"l9jbgr\" data-start=\"749\" data-end=\"782\">Per\u00edodo de ajuste de matr\u00edcula<\/h2>\n<p data-start=\"784\" data-end=\"827\">O novo prazo para solicita\u00e7\u00e3o de ajustes \u00e9:<\/p>\n<p data-start=\"829\" data-end=\"950\"><strong data-start=\"829\" data-end=\"857\">02 a 11 de mar\u00e7o de 2026<\/strong><br data-start=\"857\" data-end=\"860\" \/>Solicita\u00e7\u00e3o de ajuste de matr\u00edcula pelo Portal Estudantil ou junto \u00e0 Coordena\u00e7\u00e3o do Curso.<\/p>\n<p data-start=\"952\" data-end=\"1084\">Durante esse per\u00edodo, as Coordena\u00e7\u00f5es de Curso tamb\u00e9m podem registrar altera\u00e7\u00f5es e ajustes diretamente no sistema acad\u00eamico da UFSM.<\/p>\n<h2 data-section-id=\"ur2a39\" data-start=\"1086\" data-end=\"1114\">Matr\u00edcula extracurricular<\/h2>\n<p data-start=\"1116\" data-end=\"1281\">Ap\u00f3s o per\u00edodo de ajuste, os estudantes ainda poder\u00e3o solicitar <strong data-start=\"1180\" data-end=\"1209\">matr\u00edcula extracurricular<\/strong>, modalidade que permite cursar disciplinas ofertadas por outros cursos.<\/p>\n<p data-start=\"1283\" data-end=\"1326\">O per\u00edodo previsto para essa solicita\u00e7\u00e3o \u00e9:<\/p>\n<p data-start=\"1328\" data-end=\"1423\"><strong data-start=\"1328\" data-end=\"1356\">12 e 13 de mar\u00e7o de 2026<\/strong><br data-start=\"1356\" data-end=\"1359\" \/>Solicita\u00e7\u00e3o de matr\u00edcula extracurricular pelo Portal Estudantil.<\/p>\n<p data-start=\"1425\" data-end=\"1526\">As solicita\u00e7\u00f5es realizadas nesses dias ser\u00e3o posteriormente processadas no sistema acad\u00eamico da UFSM.<\/p>\n<h2 data-section-id=\"unajk3\" data-start=\"1528\" data-end=\"1550\">Quem pode solicitar<\/h2>\n<p data-start=\"1552\" data-end=\"1621\">Podem solicitar <strong data-start=\"1568\" data-end=\"1620\">ajuste de matr\u00edcula ou matr\u00edcula extracurricular<\/strong>:<\/p>\n<ul data-start=\"1623\" data-end=\"1801\">\n<li data-section-id=\"52bcpj\" data-start=\"1623\" data-end=\"1665\">\n<p data-start=\"1625\" data-end=\"1665\">estudantes veteranos(as) da gradua\u00e7\u00e3o;<\/p>\n<\/li>\n<li data-section-id=\"e4jh6\" data-start=\"1666\" data-end=\"1698\">\n<p data-start=\"1668\" data-end=\"1698\">estudantes da p\u00f3s-gradua\u00e7\u00e3o;<\/p>\n<\/li>\n<li data-section-id=\"uwh9lo\" data-start=\"1699\" data-end=\"1801\">\n<p data-start=\"1701\" data-end=\"1801\">ingressantes que desejarem cursar <strong data-start=\"1735\" data-end=\"1764\">mais ou menos disciplinas<\/strong> do que as inicialmente matriculadas.<\/p>\n<\/li>\n<\/ul>\n<h2 data-section-id=\"1n8db3\" data-start=\"1803\" data-end=\"1820\">Como solicitar<\/h2>\n<p data-start=\"1822\" data-end=\"2064\">As solicita\u00e7\u00f5es devem ser realizadas <strong data-start=\"1859\" data-end=\"1885\">pelo Portal Estudantil<\/strong>, acessando as funcionalidades de matr\u00edcula, ou diretamente com a Coordena\u00e7\u00e3o do Curso, quando aplic\u00e1vel.\u00a0<\/p>\n<h2 data-section-id=\"1ejv7g6\" data-start=\"2066\" data-end=\"2091\">Aten\u00e7\u00e3o dos estudantes<\/h2>\n<p data-start=\"2093\" data-end=\"2261\">A PROGRAD recomenda que os estudantes <strong data-start=\"2131\" data-end=\"2178\">acompanhem regularmente o Portal Estudantil<\/strong>, onde s\u00e3o divulgadas atualiza\u00e7\u00f5es e os resultados dos processamentos de matr\u00edcula.<\/p>\n<p data-start=\"2263\" data-end=\"2358\">Em caso de d\u00favidas, a orienta\u00e7\u00e3o \u00e9 entrar em contato com a <strong data-start=\"2322\" data-end=\"2357\">Coordena\u00e7\u00e3o do respectivo curso<\/strong>.<\/p>\n","protected":false},"excerpt":{"rendered":"<p>A Pr\u00f3-Reitoria de Gradua\u00e7\u00e3o (PROGRAD) da Universidade Federal de Santa Maria (UFSM) informa aos estudantes que foi prorrogado o per\u00edodo para solicita\u00e7\u00e3o de ajuste de matr\u00edcula referente ao 1\u00ba semestre letivo de 2026. Com a altera\u00e7\u00e3o no Calend\u00e1rio Acad\u00eamico, estudantes de gradua\u00e7\u00e3o e de p\u00f3s-gradua\u00e7\u00e3o poder\u00e3o solicitar ajustes at\u00e9 o dia 11 de mar\u00e7o de [&hellip;]<\/p>\n","protected":false},"author":7940,"featured_media":0,"comment_status":"closed","ping_status":"closed","sticky":false,"template":"","format":"standard","meta":{"footnotes":""},"categories":[38,445],"tags":[57,1016,47],"class_list":["post-26527","post","type-post","status-publish","format-standard","hentry","category-banner-home","category-noticias","tag-graduacao","tag-matricula","tag-ufsm"],"acf":[],"_links":{"self":[{"href":"https:\/\/www.ufsm.br\/pro-reitorias\/prograd\/wp-json\/wp\/v2\/posts\/26527","targetHints":{"allow":["GET"]}}],"collection":[{"href":"https:\/\/www.ufsm.br\/pro-reitorias\/prograd\/wp-json\/wp\/v2\/posts"}],"about":[{"href":"https:\/\/www.ufsm.br\/pro-reitorias\/prograd\/wp-json\/wp\/v2\/types\/post"}],"author":[{"embeddable":true,"href":"https:\/\/www.ufsm.br\/pro-reitorias\/prograd\/wp-json\/wp\/v2\/users\/7940"}],"replies":[{"embeddable":true,"href":"https:\/\/www.ufsm.br\/pro-reitorias\/prograd\/wp-json\/wp\/v2\/comments?post=26527"}],"version-history":[{"count":0,"href":"https:\/\/www.ufsm.br\/pro-reitorias\/prograd\/wp-json\/wp\/v2\/posts\/26527\/revisions"}],"wp:attachment":[{"href":"https:\/\/www.ufsm.br\/pro-reitorias\/prograd\/wp-json\/wp\/v2\/media?parent=26527"}],"wp:term":[{"taxonomy":"category","embeddable":true,"href":"https:\/\/www.ufsm.br\/pro-reitorias\/prograd\/wp-json\/wp\/v2\/categories?post=26527"},{"taxonomy":"post_tag","embeddable":true,"href":"https:\/\/www.ufsm.br\/pro-reitorias\/prograd\/wp-json\/wp\/v2\/tags?post=26527"}],"curies":[{"name":"wp","href":"https:\/\/api.w.org\/{rel}","templated":true}]}}