{"id":26572,"date":"2026-01-06T18:33:00","date_gmt":"2026-01-06T21:33:00","guid":{"rendered":"https:\/\/www.ufsm.br\/pro-reitorias\/prograd\/?p=26572"},"modified":"2026-03-23T05:30:40","modified_gmt":"2026-03-23T08:30:40","slug":"coordenadoria-de-tecnologia-educacional-divulga-cursos-semipresenciais-previstos-para-2026","status":"publish","type":"post","link":"https:\/\/www.ufsm.br\/pro-reitorias\/prograd\/2026\/01\/06\/coordenadoria-de-tecnologia-educacional-divulga-cursos-semipresenciais-previstos-para-2026","title":{"rendered":"Coordenadoria de Tecnologia Educacional divulga cursos semipresenciais previstos para 2026"},"content":{"rendered":"\n<p>\u00a0<\/p>\n<p>A Coordenadoria de Tecnologia Educacional (CTE) divulgou a lista de <a href=\"https:\/\/www.ufsm.br\/pro-reitorias\/prograd\/cte\/cursos-previstos-2026\"><strong>cursos a dist\u00e2ncia, em formato h\u00edbrido semipresencial<\/strong><\/a>, a serem disponibilizados pela <strong>Universidade Federal de Santa Maria<\/strong> durante o ano de 2026:<\/p>\n<p><strong>Tecn\u00f3logo:<\/strong><\/p>\n<ul style=\"list-style-type: square\">\n<li>Agrocomputa\u00e7\u00e3o.<\/li>\n<\/ul>\n<p><strong>Licenciaturas:<\/strong><\/p>\n<ul style=\"list-style-type: square\">\n<li>Ci\u00eancias Agr\u00e1rias;<\/li>\n<li><span style=\"font-size: revert;color: initial\">Ci\u00eancias da Religi\u00e3o;<\/span><\/li>\n<li><span style=\"font-size: revert;color: initial\">Computa\u00e7\u00e3o;<\/span><\/li>\n<li><span style=\"font-size: revert;color: initial\">Educa\u00e7\u00e3o Ambiental;<\/span><\/li>\n<li><span style=\"font-size: revert;color: initial\">Educa\u00e7\u00e3o do Campo;<\/span><\/li>\n<li><span style=\"font-size: revert;color: initial\">Educa\u00e7\u00e3o Especial;<\/span><\/li>\n<li><span style=\"font-size: revert;color: initial\">Geografia;<\/span><\/li>\n<li><span style=\"font-size: revert;color: initial\">Letras &#8211; Espanhol;<\/span><\/li>\n<li><span style=\"font-size: revert;color: initial\">Letras &#8211; Portugu\u00eas;<\/span><\/li>\n<li><span style=\"font-size: revert;color: initial\">Pedagogia;<\/span><\/li>\n<li><span style=\"font-size: revert;color: initial\">Pedagogia com \u00canfase em Alfabetiza\u00e7\u00e3o Bil\u00edngue;<\/span><\/li>\n<li><span style=\"font-size: revert;color: initial\">Programa Especial de Gradua\u00e7\u00e3o de Forma\u00e7\u00e3o de Professores para a Educa\u00e7\u00e3o Profissional (PEG).<\/span><\/li>\n<\/ul>\n<p>A lista dos cursos, com os respectivos <strong>polos de ensino distribu\u00eddos pelo Rio Grande do Sul<\/strong>, pode ser consultada no site <a href=\"https:\/\/www.ufsm.br\/pro-reitorias\/prograd\/cte\/cursos-previstos-2026\"><strong>ufsm.br\/cte<\/strong><\/a>.\u00a0\u00a0<\/p>\n<p>Outras informa\u00e7\u00f5es, como previs\u00e3o de publica\u00e7\u00e3o dos <strong>Editais de Sele\u00e7\u00e3o<\/strong>, podem ser solicitadas via email <a href=\"mailto:secretaria@nte.ufsm.br\"><strong>secretaria@nte.ufsm.br<\/strong><\/a> ou pelo telefone (55) 3220-8007.<\/p>\n<p><em>Fonte: ufsm.br\/cte<\/em><\/p>\n","protected":false},"excerpt":{"rendered":"<p>Cursos preveem avalia\u00e7\u00f5es e algumas atividades de ensino-aprendizagem em formato presencial<\/p>\n","protected":false},"author":95,"featured_media":26573,"comment_status":"closed","ping_status":"closed","sticky":false,"template":"","format":"standard","meta":{"footnotes":""},"categories":[1],"tags":[896,661,1019,81,57,49,47],"class_list":["post-26572","post","type-post","status-publish","format-standard","has-post-thumbnail","hentry","category-sem-categoria","tag-coordenadoria-prograd","tag-cte-coordenadoria-de-tecnologia-educacional","tag-cursos-semipresenciais","tag-ead","tag-graduacao","tag-prograd","tag-ufsm"],"acf":[],"_links":{"self":[{"href":"https:\/\/www.ufsm.br\/pro-reitorias\/prograd\/wp-json\/wp\/v2\/posts\/26572","targetHints":{"allow":["GET"]}}],"collection":[{"href":"https:\/\/www.ufsm.br\/pro-reitorias\/prograd\/wp-json\/wp\/v2\/posts"}],"about":[{"href":"https:\/\/www.ufsm.br\/pro-reitorias\/prograd\/wp-json\/wp\/v2\/types\/post"}],"author":[{"embeddable":true,"href":"https:\/\/www.ufsm.br\/pro-reitorias\/prograd\/wp-json\/wp\/v2\/users\/95"}],"replies":[{"embeddable":true,"href":"https:\/\/www.ufsm.br\/pro-reitorias\/prograd\/wp-json\/wp\/v2\/comments?post=26572"}],"version-history":[{"count":0,"href":"https:\/\/www.ufsm.br\/pro-reitorias\/prograd\/wp-json\/wp\/v2\/posts\/26572\/revisions"}],"wp:featuredmedia":[{"embeddable":true,"href":"https:\/\/www.ufsm.br\/pro-reitorias\/prograd\/wp-json\/wp\/v2\/media\/26573"}],"wp:attachment":[{"href":"https:\/\/www.ufsm.br\/pro-reitorias\/prograd\/wp-json\/wp\/v2\/media?parent=26572"}],"wp:term":[{"taxonomy":"category","embeddable":true,"href":"https:\/\/www.ufsm.br\/pro-reitorias\/prograd\/wp-json\/wp\/v2\/categories?post=26572"},{"taxonomy":"post_tag","embeddable":true,"href":"https:\/\/www.ufsm.br\/pro-reitorias\/prograd\/wp-json\/wp\/v2\/tags?post=26572"}],"curies":[{"name":"wp","href":"https:\/\/api.w.org\/{rel}","templated":true}]}}