{"id":26575,"date":"2026-01-29T15:54:00","date_gmt":"2026-01-29T18:54:00","guid":{"rendered":"https:\/\/www.ufsm.br\/pro-reitorias\/prograd\/?p=26575"},"modified":"2026-03-23T06:57:14","modified_gmt":"2026-03-23T09:57:14","slug":"compra-de-livros-da-ufsm-ganha-pagina-de-transparencia","status":"publish","type":"post","link":"https:\/\/www.ufsm.br\/pro-reitorias\/prograd\/2026\/01\/29\/compra-de-livros-da-ufsm-ganha-pagina-de-transparencia","title":{"rendered":"Compra de livros da UFSM ganha p\u00e1gina de transpar\u00eancia"},"content":{"rendered":"\n<p>\u00a0<\/p>\n<p>O\u00a0<strong><a href=\"https:\/\/www.ufsm.br\/orgaos-suplementares\/biblioteca\/biblioteca-central\/nucleo-de-aquisicao\/\">N\u00facleo de Aquisi\u00e7\u00e3o da Biblioteca Central<\/a>\u00a0<\/strong>disponibilizou uma <a href=\"https:\/\/www.ufsm.br\/orgaos-suplementares\/biblioteca\/biblioteca-central\/nucleo-de-aquisicao\/transparencia\/transparencia-dados-historicos\"><strong>p\u00e1gina de\u00a0transpar\u00eancia<\/strong><\/a> com dados hist\u00f3ricos sobre a compra de livros impressos para as bibliotecas da UFSM, abrangendo o per\u00edodo de 2012 a 2024.<\/p>\n<p>As informa\u00e7\u00f5es foram consolidadas a partir de diferentes bases utilizadas pela subunidade ao longo dos anos e permitem visualizar a quantidade de exemplares adquiridos e o valor total investido, com recortes por unidade de ensino e por biblioteca. A ferramenta tamb\u00e9m oferece uma visualiza\u00e7\u00e3o em formato de \u00e1rvore hier\u00e1rquica, que facilita a an\u00e1lise e a compreens\u00e3o dos dados.<\/p>\n<p>A p\u00e1gina foi desenvolvida com a consultoria da\u00a0<strong><a href=\"https:\/\/www.ufsm.br\/pro-reitorias\/proplan\/coplin\">Coordenadoria de Planejamento Informacional (COPLIN) da Pr\u00f3-Reitoria de Planejamento (PROPLAN)<\/a>\u00a0<\/strong>e integra as a\u00e7\u00f5es do N\u00facleo de Aquisi\u00e7\u00e3o voltadas ao fortalecimento da transpar\u00eancia nas compras. Al\u00e9m da divulga\u00e7\u00e3o de seus relat\u00f3rios anuais e da atual plataforma de dados hist\u00f3ricos, a subunidade est\u00e1 organizando seus fluxos de trabalho e ferramentas para viabilizar, no futuro, uma plataforma semelhante com atualiza\u00e7\u00e3o em tempo real das informa\u00e7\u00f5es de compra.<\/p>\n<p>A p\u00e1gina de transpar\u00eancia pode ser acessada pelo \u00edcone de lupa na <a href=\"https:\/\/www.ufsm.br\/orgaos-suplementares\/biblioteca\/biblioteca-central\/nucleo-de-aquisicao\/transparencia\"><strong>p\u00e1gina do N\u00facleo de Aquisi\u00e7\u00e3o<\/strong><\/a>, no site da UFSM.\u00a0<\/p>\n<p><em>Fonte: ufsm.br\/biblioteca\u00a0<\/em><\/p>\n","protected":false},"excerpt":{"rendered":"<p>\u00a0 O\u00a0N\u00facleo de Aquisi\u00e7\u00e3o da Biblioteca Central\u00a0disponibilizou uma p\u00e1gina de\u00a0transpar\u00eancia com dados hist\u00f3ricos sobre a compra de livros impressos para as bibliotecas da UFSM, abrangendo o per\u00edodo de 2012 a 2024. As informa\u00e7\u00f5es foram consolidadas a partir de diferentes bases utilizadas pela subunidade ao longo dos anos e permitem visualizar a quantidade de exemplares adquiridos [&hellip;]<\/p>\n","protected":false},"author":95,"featured_media":0,"comment_status":"closed","ping_status":"closed","sticky":false,"template":"","format":"standard","meta":{"footnotes":""},"categories":[1],"tags":[426,896,57,49,804,47],"class_list":["post-26575","post","type-post","status-publish","format-standard","hentry","category-sem-categoria","tag-biblioteca","tag-coordenadoria-prograd","tag-graduacao","tag-prograd","tag-transparencia","tag-ufsm"],"acf":[],"_links":{"self":[{"href":"https:\/\/www.ufsm.br\/pro-reitorias\/prograd\/wp-json\/wp\/v2\/posts\/26575","targetHints":{"allow":["GET"]}}],"collection":[{"href":"https:\/\/www.ufsm.br\/pro-reitorias\/prograd\/wp-json\/wp\/v2\/posts"}],"about":[{"href":"https:\/\/www.ufsm.br\/pro-reitorias\/prograd\/wp-json\/wp\/v2\/types\/post"}],"author":[{"embeddable":true,"href":"https:\/\/www.ufsm.br\/pro-reitorias\/prograd\/wp-json\/wp\/v2\/users\/95"}],"replies":[{"embeddable":true,"href":"https:\/\/www.ufsm.br\/pro-reitorias\/prograd\/wp-json\/wp\/v2\/comments?post=26575"}],"version-history":[{"count":0,"href":"https:\/\/www.ufsm.br\/pro-reitorias\/prograd\/wp-json\/wp\/v2\/posts\/26575\/revisions"}],"wp:attachment":[{"href":"https:\/\/www.ufsm.br\/pro-reitorias\/prograd\/wp-json\/wp\/v2\/media?parent=26575"}],"wp:term":[{"taxonomy":"category","embeddable":true,"href":"https:\/\/www.ufsm.br\/pro-reitorias\/prograd\/wp-json\/wp\/v2\/categories?post=26575"},{"taxonomy":"post_tag","embeddable":true,"href":"https:\/\/www.ufsm.br\/pro-reitorias\/prograd\/wp-json\/wp\/v2\/tags?post=26575"}],"curies":[{"name":"wp","href":"https:\/\/api.w.org\/{rel}","templated":true}]}}